{"id":64324,"date":"2015-04-15T17:15:33","date_gmt":"2015-04-15T20:15:33","guid":{"rendered":"http:\/\/www.24baires.com\/?p=64324"},"modified":"2015-04-15T17:15:33","modified_gmt":"2015-04-15T20:15:33","slug":"moyano-y-barrionuevo-postergan-medidas-de-fuerza-de-su-cgt","status":"publish","type":"post","link":"http:\/\/www.24baires.com\/?p=64324","title":{"rendered":"Moyano y Barrionuevo postergan medidas de fuerza de su CGT"},"content":{"rendered":"<p>La CGT-Azopardo posterg\u00f3 la realizaci\u00f3n de medidas de fuerza para los pr\u00f3ximos d\u00edas en demanda de cambios en el Impuesto a las Ganancias y resolvi\u00f3 seguir los lineamientos que aprobaron ayer los gremios del transporte, mientras que el gastron\u00f3mico Luis Barrionuevo baj\u00f3 su propuesta de llevar a cabo un paro por 36 horas y una marcha a la Plaza de Mayo.<!--more--><\/p>\n<p>En ese marco, el Comit\u00e9 Central Confederal facult\u00f3 al consejo directivo de la CGT para seguir los lineamientos que resolvi\u00f3 ayer la Confederaci\u00f3n Argentina de Trabajadores del Transporte (CATT) en un congreso que se desarroll\u00f3 en la sede central de la Uni\u00f3n Tranviarios Automotor (UTA).<\/p>\n<p>Durante todo el plenario estuvo presente la necesidad de trabajar en forma urgente por la unidad del movimiento y tambi\u00e9n, en base a esa unidad, articular con los otros sectores del sindicalismo la posibilidad de adoptar en conjunto las medidas de fuerza de los gremios del transporte.<\/p>\n<p>Los reclamos de la CATT planteados en el encuentro, que tuvo lugar ayer en la sede de la calle Moreno de la UTA apunta a que el gobierno nacional anule el Impuesto a las Ganancias, el pago urgente de un aumento de los haberes a los jubilados, la adopci\u00f3n de medidas contra la inseguridad y el pedido de una audiencia con la presidenta Cristina Fern\u00e1ndez de Kirchner.<\/p>\n<p>En el encuentro de los gremios del transporte se aprob\u00f3 ayer que en caso de no tener una respuesta positiva del gobierno se llevar\u00e1 a cabo una nueva huelga del sector para la segunda quincena de mayo.<\/p>\n<p>El plenario del Comit\u00e9 Central Confederal de la CGT, que deliber\u00f3 en el sal\u00f3n Felipe Vallese, estuvo presidido por Moyano, Barrionuevo y los dirigentes sindicales Juan Carlos Schmid (Dragado y Balizamiento), Ger\u00f3nimo Venegas (UATRE), Omar Plaini (canillitas) y Amadeo Genta (municipales porte\u00f1os).<\/p>\n<p>Tanto Moyano y Barrionuevo, como los principales oradores durante el plenario del Comit\u00e9 Central Confederal, manifestaron hoy duras cr\u00edticas contra el gobierno nacional, en particular por lo que consideraron altos \u00edndices de inflaci\u00f3n, la inseguridad, la precariedad laboral y la deuda a las obras sociales sindicales.<\/p>\n<p>El plenario deliber\u00f3 en homenaje al ex secretario general de la CGT Jos\u00e9 Ignacio Rucci y a \u201clos m\u00e1rtires del movimiento obrero\u201d, que consideraron \u201cfueron las principales v\u00edctimas de la \u00faltima dictadura militar\u201d.<\/p>\n","protected":false},"excerpt":{"rendered":"<p>La CGT-Azopardo posterg\u00f3 la realizaci\u00f3n de medidas de fuerza para los pr\u00f3ximos d\u00edas en demanda de cambios en el Impuesto a las Ganancias y resolvi\u00f3 seguir los lineamientos que aprobaron ayer los gremios del transporte, mientras que el gastron\u00f3mico Luis Barrionuevo baj\u00f3 su propuesta de llevar a cabo un paro por 36 horas y una marcha a la Plaza de [&#8230;]<\/p>\n","protected":false},"author":11,"featured_media":0,"comment_status":"open","ping_status":"open","sticky":false,"template":"","format":"standard","meta":{"_jetpack_newsletter_access":"","_jetpack_dont_email_post_to_subs":false,"_jetpack_newsletter_tier_id":0,"_jetpack_memberships_contains_paywalled_content":false,"_jetpack_memberships_contains_paid_content":false,"footnotes":""},"categories":[51],"tags":[],"class_list":["post-64324","post","type-post","status-publish","format-standard","hentry","category-politica"],"jetpack_shortlink":"https:\/\/wp.me\/p2JWE0-gJu","jetpack-related-posts":[{"id":101953,"url":"http:\/\/www.24baires.com\/?p=101953","url_meta":{"origin":64324,"position":0},"title":"La CGT y los gremios del transporte marchan contra los tarifazos","author":"GB","date":"04\/05\/2018","format":false,"excerpt":"La central obrera emiti\u00f3 un comunicado y dio a conocer que movilizar\u00e1n hacia el Entre Nacional de Regulaci\u00f3n de la Electricidad (ENRE). A su vez apuntaron contra las pol\u00edticas econ\u00f3micas del gobierno nacional. El triunvirato de la CGT, encabezado por Juan Carlos Schmid, H\u00e9ctor Daer y Carlos Acu\u00f1a, resolvi\u00f3 que\u2026","rel":"","context":"En \u00abSociedad\u00bb","block_context":{"text":"Sociedad","link":"http:\/\/www.24baires.com\/?cat=1"},"img":{"alt_text":"","src":"https:\/\/i0.wp.com\/www.24baires.com\/wp-content\/uploads\/2018\/04\/cgt.jpg?resize=350%2C200","width":350,"height":200,"srcset":"https:\/\/i0.wp.com\/www.24baires.com\/wp-content\/uploads\/2018\/04\/cgt.jpg?resize=350%2C200 1x, https:\/\/i0.wp.com\/www.24baires.com\/wp-content\/uploads\/2018\/04\/cgt.jpg?resize=525%2C300 1.5x"},"classes":[]},{"id":105212,"url":"http:\/\/www.24baires.com\/?p=105212","url_meta":{"origin":64324,"position":1},"title":"La CGT posterga su decisi\u00f3n de ir o no a un nuevo paro antes de fin de a\u00f1o","author":"GB","date":"01\/11\/2018","format":false,"excerpt":"La Central General de los Trabajadores anunci\u00f3 que extender\u00e1 el plazo para analizar un posible paro general. Es en el marco del acuerdo que consigui\u00f3 Camionero con el gobierno, tras firmar un aumento del 40%. Luego de que el gremio de Camioneros que conducen Hugo y Pablo Moyano alcanzara un\u2026","rel":"","context":"En \u00abPol\u00edtica\u00bb","block_context":{"text":"Pol\u00edtica","link":"http:\/\/www.24baires.com\/?cat=51"},"img":{"alt_text":"","src":"https:\/\/i0.wp.com\/www.24baires.com\/wp-content\/uploads\/2018\/04\/cgt.jpg?resize=350%2C200","width":350,"height":200,"srcset":"https:\/\/i0.wp.com\/www.24baires.com\/wp-content\/uploads\/2018\/04\/cgt.jpg?resize=350%2C200 1x, https:\/\/i0.wp.com\/www.24baires.com\/wp-content\/uploads\/2018\/04\/cgt.jpg?resize=525%2C300 1.5x"},"classes":[]},{"id":122155,"url":"http:\/\/www.24baires.com\/?p=122155","url_meta":{"origin":64324,"position":2},"title":"La CGT anunci\u00f3 un paro general para el 10 de abril","author":"GB","date":"21\/03\/2025","format":false,"excerpt":"La central obrera advirti\u00f3 que las acciones sindicales se extender\u00e1n por 36 horas, en reclamo por las pol\u00edticas del gobierno de Javier Milei. La Confederaci\u00f3n General del Trabajo (CGT) convoc\u00f3 este jueves a un paro nacional el 10 de abril pr\u00f3ximo, en lo que ser\u00e1 la tercera huelga general durante\u2026","rel":"","context":"En \u00abPol\u00edtica\u00bb","block_context":{"text":"Pol\u00edtica","link":"http:\/\/www.24baires.com\/?cat=51"},"img":{"alt_text":"","src":"https:\/\/i0.wp.com\/www.24baires.com\/wp-content\/uploads\/2025\/03\/cgt1.webp?resize=350%2C200","width":350,"height":200,"srcset":"https:\/\/i0.wp.com\/www.24baires.com\/wp-content\/uploads\/2025\/03\/cgt1.webp?resize=350%2C200 1x, https:\/\/i0.wp.com\/www.24baires.com\/wp-content\/uploads\/2025\/03\/cgt1.webp?resize=525%2C300 1.5x, https:\/\/i0.wp.com\/www.24baires.com\/wp-content\/uploads\/2025\/03\/cgt1.webp?resize=700%2C400 2x"},"classes":[]},{"id":52178,"url":"http:\/\/www.24baires.com\/?p=52178","url_meta":{"origin":64324,"position":3},"title":"Moyano y Barrionuevo reaparecen en escena con el paro del 28","author":"Grupo Sierra","date":"20\/08\/2014","format":false,"excerpt":"Los l\u00edderes de la CGT opositora y de la CGT Azul y Blanca anunciaron hoy que la huelga general se realizar\u00e1 el pr\u00f3ximo jueves. El titular de la CGT opositora, Hugo Moyano, y el de la CGT Azul y Blanca, Luis Barrionuevo, confirmaron hoy que el pr\u00f3ximo paro general conjunto\u2026","rel":"","context":"En \u00abPol\u00edtica\u00bb","block_context":{"text":"Pol\u00edtica","link":"http:\/\/www.24baires.com\/?cat=51"},"img":{"alt_text":"asado moyano-barrionuevo","src":"https:\/\/i0.wp.com\/www.24baires.com\/wp-content\/uploads\/2014\/01\/asado-moyano-barrionuevo.jpg?resize=350%2C200","width":350,"height":200,"srcset":"https:\/\/i0.wp.com\/www.24baires.com\/wp-content\/uploads\/2014\/01\/asado-moyano-barrionuevo.jpg?resize=350%2C200 1x, https:\/\/i0.wp.com\/www.24baires.com\/wp-content\/uploads\/2014\/01\/asado-moyano-barrionuevo.jpg?resize=525%2C300 1.5x"},"classes":[]},{"id":43682,"url":"http:\/\/www.24baires.com\/?p=43682","url_meta":{"origin":64324,"position":4},"title":"Tomada dispar\u00f3 contra Barrionuevo y Moyano: \u00abS\u00f3lo responden a la oposici\u00f3n\u00bb","author":"Grupo Sierra","date":"11\/04\/2014","format":false,"excerpt":"El ministro de Trabajo, Carlos Tomada, consider\u00f3 hoy que el paro de ayer cumpli\u00f3 uno de sus objetivos centrales al permitir que el l\u00edder camionero, Hugo Moyano, y el gastron\u00f3mico, Luis Barrionuevo, se posicionen \"como interlocutores de la oposici\u00f3n\". \"Ning\u00fan sector de la oposici\u00f3n va poder prescindir ahora de hablar\u2026","rel":"","context":"En \u00abPol\u00edtica\u00bb","block_context":{"text":"Pol\u00edtica","link":"http:\/\/www.24baires.com\/?cat=51"},"img":{"alt_text":"tomada2","src":"https:\/\/i0.wp.com\/www.24baires.com\/wp-content\/uploads\/2013\/07\/tomada2.jpg?resize=350%2C200","width":350,"height":200,"srcset":"https:\/\/i0.wp.com\/www.24baires.com\/wp-content\/uploads\/2013\/07\/tomada2.jpg?resize=350%2C200 1x, https:\/\/i0.wp.com\/www.24baires.com\/wp-content\/uploads\/2013\/07\/tomada2.jpg?resize=525%2C300 1.5x"},"classes":[]},{"id":108167,"url":"http:\/\/www.24baires.com\/?p=108167","url_meta":{"origin":64324,"position":5},"title":"La CGT anunci\u00f3 que planea el sexto paro general en la era Macri para fines de mayo","author":"AF","date":"14\/05\/2019","format":false,"excerpt":"La central obrera est\u00e1 definiendo la fecha de la huelga, pero ya resolvi\u00f3 paralizar el pa\u00eds la \u00faltima semana de este mes, inform\u00f3 C5N. El Consejo Directivo de la CGT se encuentra reunido dese las 14 y resolvi\u00f3 la convocatoria a un paro general para fines de mayo contra las\u2026","rel":"","context":"En \u00abSociedad\u00bb","block_context":{"text":"Sociedad","link":"http:\/\/www.24baires.com\/?cat=1"},"img":{"alt_text":"","src":"https:\/\/i0.wp.com\/www.24baires.com\/wp-content\/uploads\/2018\/09\/cgt-1.jpg?resize=350%2C200","width":350,"height":200,"srcset":"https:\/\/i0.wp.com\/www.24baires.com\/wp-content\/uploads\/2018\/09\/cgt-1.jpg?resize=350%2C200 1x, https:\/\/i0.wp.com\/www.24baires.com\/wp-content\/uploads\/2018\/09\/cgt-1.jpg?resize=525%2C300 1.5x"},"classes":[]}],"jetpack_sharing_enabled":true,"jetpack_likes_enabled":true,"jetpack_featured_media_url":"","_links":{"self":[{"href":"http:\/\/www.24baires.com\/index.php?rest_route=\/wp\/v2\/posts\/64324","targetHints":{"allow":["GET"]}}],"collection":[{"href":"http:\/\/www.24baires.com\/index.php?rest_route=\/wp\/v2\/posts"}],"about":[{"href":"http:\/\/www.24baires.com\/index.php?rest_route=\/wp\/v2\/types\/post"}],"author":[{"embeddable":true,"href":"http:\/\/www.24baires.com\/index.php?rest_route=\/wp\/v2\/users\/11"}],"replies":[{"embeddable":true,"href":"http:\/\/www.24baires.com\/index.php?rest_route=%2Fwp%2Fv2%2Fcomments&post=64324"}],"version-history":[{"count":2,"href":"http:\/\/www.24baires.com\/index.php?rest_route=\/wp\/v2\/posts\/64324\/revisions"}],"predecessor-version":[{"id":64326,"href":"http:\/\/www.24baires.com\/index.php?rest_route=\/wp\/v2\/posts\/64324\/revisions\/64326"}],"wp:attachment":[{"href":"http:\/\/www.24baires.com\/index.php?rest_route=%2Fwp%2Fv2%2Fmedia&parent=64324"}],"wp:term":[{"taxonomy":"category","embeddable":true,"href":"http:\/\/www.24baires.com\/index.php?rest_route=%2Fwp%2Fv2%2Fcategories&post=64324"},{"taxonomy":"post_tag","embeddable":true,"href":"http:\/\/www.24baires.com\/index.php?rest_route=%2Fwp%2Fv2%2Ftags&post=64324"}],"curies":[{"name":"wp","href":"https:\/\/api.w.org\/{rel}","templated":true}]}}