{"id":64273,"date":"2015-04-15T10:11:06","date_gmt":"2015-04-15T13:11:06","guid":{"rendered":"http:\/\/www.24baires.com\/?p=64273"},"modified":"2015-04-16T09:58:19","modified_gmt":"2015-04-16T12:58:19","slug":"anibal-considero-que-hay-cosas-muy-raras-en-el-comportamiento-de-la-madre-de-nisman","status":"publish","type":"post","link":"http:\/\/www.24baires.com\/?p=64273","title":{"rendered":"An\u00edbal consider\u00f3 que \u00abhay cosas muy raras\u201d en el comportamiento de la madre de Nisman"},"content":{"rendered":"<p><img data-recalc-dims=\"1\" loading=\"lazy\" decoding=\"async\" class=\"aligncenter size-full wp-image-63981\" src=\"https:\/\/i0.wp.com\/www.24baires.com\/wp-content\/uploads\/2015\/04\/anibal-conferencia.jpg?resize=560%2C379\" alt=\"anibal conferencia\" width=\"560\" height=\"379\" srcset=\"https:\/\/i0.wp.com\/www.24baires.com\/wp-content\/uploads\/2015\/04\/anibal-conferencia.jpg?w=560 560w, https:\/\/i0.wp.com\/www.24baires.com\/wp-content\/uploads\/2015\/04\/anibal-conferencia.jpg?resize=300%2C203 300w\" sizes=\"auto, (max-width: 560px) 100vw, 560px\" \/>El jefe de Gabinete record\u00f3 que \u201cen pleno duelo\u201d por la muerte de su hijo, Sara Garfunkel fue \u201cal banco para sacar las cosas de la caja\u201d, y no inform\u00f3 que en su casa ten\u00eda \u201cun arma de las mismas caracter\u00edsticas a la que le hab\u00eda provisto Diego Lagomarsino\u201d.<!--more--><\/p>\n<p>El funcionario nacional se\u00f1al\u00f3, entre esas cosas, que \u00aben pleno duelo\u201d por la muerte de su hijo, cuando \u201ctodav\u00eda no hab\u00eda sido sepultado\u201d, la madre fue \u201cal banco para sacar las cosas de la caja\u201d, y no consign\u00f3 ante la Justicia que \u201cen su casa\u201d el fiscal ten\u00eda \u201cun arma de las mismas caracter\u00edsticas que la que le hab\u00eda provisto Diego Lagomarsino\u201d y que le caus\u00f3 la muerte, dijo en su habitual encuentro con periodistas antes de ingresar a Casa de Gobierno.<\/p>\n<p>\u201c\u00bfY si en la caja hab\u00eda una carta suicida o si hab\u00eda elementos que daban cuenta de que hay acreedores o deudores por los cuales motivar la situaci\u00f3n en la que se encuentra el fiscal?\u201d, se pregunt\u00f3 el jefe de ministros, quien entendi\u00f3 que el allanamiento a la casa de Sara Garfunkel, ordenado ayer por la Justicia, deb\u00eda haberse realizado con anterioridad y subray\u00f3 que \u00abme llama la atenci\u00f3n que hayan tardado tanto tiempo en allanar\u201d la vivienda y plante\u00f3: \u00bfporque no se hizo 90 d\u00edas antes?\u201d.<\/p>\n<p>A\u00f1adi\u00f3 que le llama mucho la atenci\u00f3n \u00abque habiendo sido Lagomarsino quien le provey\u00f3 el arma al fiscal con la cual se produjo la muerte y la madre no dijo nada, \u00bfpara qu\u00e9 le va a pedir un arma a Lagomarsino cuando el ten\u00eda una pistola Bersa calibre 22, de id\u00e9ntica caracter\u00edstica en su casa y un revolver calibre 38 que estaban registradas en el RENAR?\u201d.<\/p>\n<p>Sobre los fondos en el exterior que pose\u00eda Nisman, Fern\u00e1ndez expres\u00f3 que la fiscal pidi\u00f3 formalmente el env\u00edo a Estados Unidos de un exhorto diplom\u00e1tico con el fin de obtener informaci\u00f3n sobre la cuenta bancaria registrada a nombre de Nisman en el banco Merryl Lynch de Nueva York, cuyos titulares ser\u00edan la madre de Nisman, Sara Garfunkel, la hermana del fiscal, Sandra Nisman, y el empleado inform\u00e1tico de la UFI AMIA Lagomarsino, y agreg\u00f3 que \u201chabr\u00e1 que esperar qu\u00e9 se ven esas cuentas\u201d.<\/p>\n<p>A\u00f1adi\u00f3 que en las cajas de seguridad que exist\u00edan en la sucursal 15 y 17 del Banco Ciudad, cuando la Justicia las allan\u00f3 en busca del contenido de esos cofres, se encontr\u00f3 con que las cajas ya estaban vac\u00edas, y que la cuenta en el exterior fue informada en el expediente por Arroyo Salgado y ratificada por la hermana del difunto fiscal.<\/p>\n<p>El jefe de ministros subray\u00f3 que se debe intentar en \u201cavanzar sobre la reconstrucci\u00f3n del hecho, buscar peritos m\u00e9dicos para que puedan evaluar concretamente lo sucedido y lo que mec\u00e1nicamente puede haber pasado en ese lugar y otras pericias para tratar de dilucidar la causa de la muerte\u201d.<\/p>\n<p>Opin\u00f3 que \u201clos elementos son contundentes, pero no hay elementos que se est\u00e9n siguiendo para poder cumplirlos, porque la doctora Arroyo Salgado no ha parado de meter un recurso tras otro\u201d.<\/p>\n","protected":false},"excerpt":{"rendered":"<p>El jefe de Gabinete record\u00f3 que \u201cen pleno duelo\u201d por la muerte de su hijo, Sara Garfunkel fue \u201cal banco para sacar las cosas de la caja\u201d, y no inform\u00f3 que en su casa ten\u00eda \u201cun arma de las mismas caracter\u00edsticas a la que le hab\u00eda provisto Diego Lagomarsino\u201d.<\/p>\n","protected":false},"author":8,"featured_media":0,"comment_status":"open","ping_status":"open","sticky":false,"template":"","format":"standard","meta":{"_jetpack_newsletter_access":"","_jetpack_dont_email_post_to_subs":false,"_jetpack_newsletter_tier_id":0,"_jetpack_memberships_contains_paywalled_content":false,"_jetpack_memberships_contains_paid_content":false,"footnotes":""},"categories":[51],"tags":[],"class_list":["post-64273","post","type-post","status-publish","format-standard","hentry","category-politica"],"jetpack_shortlink":"https:\/\/wp.me\/p2JWE0-gIF","jetpack-related-posts":[{"id":60935,"url":"http:\/\/www.24baires.com\/?p=60935","url_meta":{"origin":64273,"position":0},"title":"Padre de una v\u00edctima de Croma\u00f1\u00f3n, insiste en que Lagomarsino \u00abespi\u00f3\u00bb en marchas","author":"GB","date":"29\/01\/2015","format":false,"excerpt":"Jos\u00e9 Iglesias, padre de uno de los j\u00f3venes fallecidos en el boliche, dijo que Lagomarsino le pidi\u00f3 fotografiarlo en enero de 2005 y accedi\u00f3 a reuniones entre familiares de v\u00edctimas de aquel episodio. Jos\u00e9 Iglesias, padre de uno de los j\u00f3venes fallecidos en el incendio del boliche Croma\u00f1\u00f3n en 2004,\u2026","rel":"","context":"En \u00abPol\u00edtica\u00bb","block_context":{"text":"Pol\u00edtica","link":"http:\/\/www.24baires.com\/?cat=51"},"img":{"alt_text":"jose iglesias","src":"https:\/\/i0.wp.com\/www.24baires.com\/wp-content\/uploads\/2015\/01\/jose-iglesias.jpg?resize=350%2C200","width":350,"height":200},"classes":[]},{"id":82935,"url":"http:\/\/www.24baires.com\/?p=82935","url_meta":{"origin":64273,"position":1},"title":"\u00abEn el expediente no hay elementos para pensar que lo hayan matado\u00bb","author":"AF","date":"20\/05\/2016","format":false,"excerpt":"El ex colaborador del fiscal, Diego Lagomarsino, diferenci\u00f3 \"lo que dicen los medios y lo que dice la causa\" sobre la muerte del ex titular de la UFI AMIA. Tambi\u00e9n apunt\u00f3 contra la ex esposa, la jueza federal Sandra Arroyo Salgado. El ex colaborador del fiscal Alberto Nisman, Diego Lagomarsino,\u2026","rel":"","context":"En \u00abJUDICIALES\u00bb","block_context":{"text":"JUDICIALES","link":"http:\/\/www.24baires.com\/?cat=68"},"img":{"alt_text":"lagomarsino 1","src":"https:\/\/i0.wp.com\/www.24baires.com\/wp-content\/uploads\/2015\/01\/lagomarsino-11.jpg?resize=350%2C200","width":350,"height":200,"srcset":"https:\/\/i0.wp.com\/www.24baires.com\/wp-content\/uploads\/2015\/01\/lagomarsino-11.jpg?resize=350%2C200 1x, https:\/\/i0.wp.com\/www.24baires.com\/wp-content\/uploads\/2015\/01\/lagomarsino-11.jpg?resize=525%2C300 1.5x"},"classes":[]},{"id":60876,"url":"http:\/\/www.24baires.com\/?p=60876","url_meta":{"origin":64273,"position":2},"title":"Seg\u00fan el abogado de Lagomarsino, \u00abprestar un arma no es delito\u00bb","author":"GB","date":"28\/01\/2015","format":false,"excerpt":"Maximiliano Rusconi se present\u00f3 en la fiscal\u00eda de Viviana Fein. Pedir\u00e1 que la Justicia cite a declarar a Cristina y a An\u00edbal Fern\u00e1ndez. El abogado de Diego Lagomarsino, \u00fanico imputado en el marco de la causa en la que se investiga la muerte del fiscal Alberto Nisman, se present\u00f3 en\u2026","rel":"","context":"En \u00abPol\u00edtica\u00bb","block_context":{"text":"Pol\u00edtica","link":"http:\/\/www.24baires.com\/?cat=51"},"img":{"alt_text":"lagomarsino-1","src":"https:\/\/i0.wp.com\/www.24baires.com\/wp-content\/uploads\/2015\/01\/lagomarsino-1.jpg?resize=350%2C200","width":350,"height":200,"srcset":"https:\/\/i0.wp.com\/www.24baires.com\/wp-content\/uploads\/2015\/01\/lagomarsino-1.jpg?resize=350%2C200 1x, https:\/\/i0.wp.com\/www.24baires.com\/wp-content\/uploads\/2015\/01\/lagomarsino-1.jpg?resize=525%2C300 1.5x"},"classes":[]},{"id":64262,"url":"http:\/\/www.24baires.com\/?p=64262","url_meta":{"origin":64273,"position":3},"title":"La Justicia orden\u00f3 allanar el departamento de la madre de Nisman","author":"GB","date":"14\/04\/2015","format":false,"excerpt":"La jueza a cargo de la causa por la muerte del fiscal dispuso un procedimiento en la vivienda de la mujer, ubicada en el barrio porte\u00f1o de Belgrano. Sara Garfunkel declar\u00f3 este martes durante cuatro horas ante la fiscal Fein. Por pedido de la fiscal Viviana Fein, la jueza a\u2026","rel":"","context":"En \u00abJUDICIALES\u00bb","block_context":{"text":"JUDICIALES","link":"http:\/\/www.24baires.com\/?cat=68"},"img":{"alt_text":"","src":"https:\/\/i0.wp.com\/www.24baires.com\/wp-content\/uploads\/2015\/04\/mama-nisman.jpg?resize=350%2C200","width":350,"height":200,"srcset":"https:\/\/i0.wp.com\/www.24baires.com\/wp-content\/uploads\/2015\/04\/mama-nisman.jpg?resize=350%2C200 1x, https:\/\/i0.wp.com\/www.24baires.com\/wp-content\/uploads\/2015\/04\/mama-nisman.jpg?resize=525%2C300 1.5x"},"classes":[]},{"id":85719,"url":"http:\/\/www.24baires.com\/?p=85719","url_meta":{"origin":64273,"position":4},"title":"Causa Lavado de Dinero: Hallaron cuentas de Nisman en el Uruguay","author":"Grupo Sierra","date":"31\/07\/2016","format":false,"excerpt":"Lo inform\u00f3 a la Justicia argentina el Banco Central de Uruguay. Es en el marco de la causa por presunto lavado de dinero que pesa sobre la madre del fallecido fiscal; su hermana y Diego Lagomarsino. El Banco Central de Uruguay inform\u00f3 ante exhortos enviados por la Justicia argentina la\u2026","rel":"","context":"En \u00abJUDICIALES\u00bb","block_context":{"text":"JUDICIALES","link":"http:\/\/www.24baires.com\/?cat=68"},"img":{"alt_text":"nisman","src":"https:\/\/i0.wp.com\/www.24baires.com\/wp-content\/uploads\/2015\/07\/nisman.jpg?resize=350%2C200","width":350,"height":200,"srcset":"https:\/\/i0.wp.com\/www.24baires.com\/wp-content\/uploads\/2015\/07\/nisman.jpg?resize=350%2C200 1x, https:\/\/i0.wp.com\/www.24baires.com\/wp-content\/uploads\/2015\/07\/nisman.jpg?resize=525%2C300 1.5x"},"classes":[]},{"id":91764,"url":"http:\/\/www.24baires.com\/?p=91764","url_meta":{"origin":64273,"position":5},"title":"Lagomarsino a Arroyo Salgado: \u00abNo hace falta tener un arma para tener poder\u00bb","author":"AF","date":"20\/01\/2017","format":false,"excerpt":"El t\u00e9cnico inform\u00e1tico, propietario del arma de la cual parti\u00f3 el proyectil que caus\u00f3 la muerte de Alberto Nisman y \u00fanico imputado en la causa que investiga el hecho, respondi\u00f3 a la ex esposa del fiscal fallecido que \"no hace falta tener un arma para tener poder\", y sostuvo que\u2026","rel":"","context":"En \u00abJUDICIALES\u00bb","block_context":{"text":"JUDICIALES","link":"http:\/\/www.24baires.com\/?cat=68"},"img":{"alt_text":"","src":"https:\/\/i0.wp.com\/www.24baires.com\/wp-content\/uploads\/2015\/01\/lagomarsino-11.jpg?resize=350%2C200","width":350,"height":200,"srcset":"https:\/\/i0.wp.com\/www.24baires.com\/wp-content\/uploads\/2015\/01\/lagomarsino-11.jpg?resize=350%2C200 1x, https:\/\/i0.wp.com\/www.24baires.com\/wp-content\/uploads\/2015\/01\/lagomarsino-11.jpg?resize=525%2C300 1.5x"},"classes":[]}],"jetpack_sharing_enabled":true,"jetpack_likes_enabled":true,"jetpack_featured_media_url":"","_links":{"self":[{"href":"http:\/\/www.24baires.com\/index.php?rest_route=\/wp\/v2\/posts\/64273","targetHints":{"allow":["GET"]}}],"collection":[{"href":"http:\/\/www.24baires.com\/index.php?rest_route=\/wp\/v2\/posts"}],"about":[{"href":"http:\/\/www.24baires.com\/index.php?rest_route=\/wp\/v2\/types\/post"}],"author":[{"embeddable":true,"href":"http:\/\/www.24baires.com\/index.php?rest_route=\/wp\/v2\/users\/8"}],"replies":[{"embeddable":true,"href":"http:\/\/www.24baires.com\/index.php?rest_route=%2Fwp%2Fv2%2Fcomments&post=64273"}],"version-history":[{"count":1,"href":"http:\/\/www.24baires.com\/index.php?rest_route=\/wp\/v2\/posts\/64273\/revisions"}],"predecessor-version":[{"id":64274,"href":"http:\/\/www.24baires.com\/index.php?rest_route=\/wp\/v2\/posts\/64273\/revisions\/64274"}],"wp:attachment":[{"href":"http:\/\/www.24baires.com\/index.php?rest_route=%2Fwp%2Fv2%2Fmedia&parent=64273"}],"wp:term":[{"taxonomy":"category","embeddable":true,"href":"http:\/\/www.24baires.com\/index.php?rest_route=%2Fwp%2Fv2%2Fcategories&post=64273"},{"taxonomy":"post_tag","embeddable":true,"href":"http:\/\/www.24baires.com\/index.php?rest_route=%2Fwp%2Fv2%2Ftags&post=64273"}],"curies":[{"name":"wp","href":"https:\/\/api.w.org\/{rel}","templated":true}]}}