{"id":64260,"date":"2015-04-14T17:35:33","date_gmt":"2015-04-14T20:35:33","guid":{"rendered":"http:\/\/www.24baires.com\/?p=64260"},"modified":"2015-04-14T17:35:33","modified_gmt":"2015-04-14T20:35:33","slug":"el-senado-dio-dictamen-al-proyecto-de-reestatizacion-de-trenes","status":"publish","type":"post","link":"http:\/\/www.24baires.com\/?p=64260","title":{"rendered":"El Senado dio dictamen al proyecto de reestatizaci\u00f3n de trenes"},"content":{"rendered":"<p><img data-recalc-dims=\"1\" loading=\"lazy\" decoding=\"async\" class=\"alignleft size-full wp-image-35104\" src=\"https:\/\/i0.wp.com\/www.24baires.com\/wp-content\/uploads\/2013\/11\/senado.jpg?resize=260%2C173\" alt=\"senado\" width=\"260\" height=\"173\" \/>La iniciativa que propone la creaci\u00f3n de Ferrocarriles Argentinos Sociedad del Estado obtuvo hoy dictamen y podr\u00e1 ser debatida durante la sesi\u00f3n ordinaria del mi\u00e9rcoles 22 de abril.<!--more--><\/p>\n<p>La iniciativa enviada por el Poder Ejecutivo fue firmada por senadores del Frente para la Victoria y por sus aliados.<br \/>\nEl radicalismo, en tanto, anunci\u00f3 a trav\u00e9s de sus voceros que apoyar\u00e1 en general la iniciativa en el recinto, pero que presentar\u00e1 un dictamen de minor\u00eda.<\/p>\n<p>El proyecto fue debatido en un plenario de las Comisiones de Infraestructura, Vivienda y Transporte y de Presupuesto y Hacienda de la C\u00e1mara alta, en la que estuvo presente el ministro del Interior y Transporte, Florencio Randazzo.<\/p>\n<p>En su presentaci\u00f3n ante los legisladores, el funcionario asegur\u00f3 que el proyecto \u201ces la culminaci\u00f3n de un proceso de transformaci\u00f3n y recuperaci\u00f3n en materia ferroviaria\u201d impulsado por el gobierno nacional.<\/p>\n<p>Randazzo sostuvo que el objetivo del proyecto es \u201crecuperar la administraci\u00f3n del sistema ferroviario en su totalidad\u201d y advirti\u00f3 que a partir de esta iniciativa \u201ctodas las concesiones son puestas bajo an\u00e1lisis\u201d, al afirmar que \u201cel Estado vuelve a asumir un rol protag\u00f3nico en la definici\u00f3n de tarifas y en lo vinculado a la producci\u00f3n regional\u201d.<\/p>\n<p>El ministro precis\u00f3 las obras que se llevan adelante en el marco del proceso de recuperaci\u00f3n del sistema ferroviario como el soterramiento, la recuperaci\u00f3n de talleres y estaciones y la renovaci\u00f3n de v\u00edas.<\/p>\n<p>\u201cEste proyecto es el punto final del proceso de recuperaci\u00f3n que ya est\u00e1 en marcha\u201d, afirm\u00f3 Randazzo, quien puso de relieve el \u201cproceso de transformaci\u00f3n que se est\u00e1 llevando adelante por la decisi\u00f3n de la presidenta Cristina Fern\u00e1ndez de Kirchner y que es el m\u00e1s importante de los \u00faltimos 60 a\u00f1os\u201d.<\/p>\n<p>En otro orden, Randazzo hizo referencia adem\u00e1s a los cambios al proyecto original incorporados en la C\u00e1mara de Diputados, que sancion\u00f3 el jueves pasado la iniciativa, entre los que mencion\u00f3 la inclusi\u00f3n de los usuarios en el directorio de la nueva empresa.<\/p>\n<p>Tras considerar al ferrocarril como \u201cmucho m\u00e1s que un medio de transporte porque est\u00e1 vinculado al crecimiento de los pueblos\u201d, el ministro cuestion\u00f3 \u201cel proceso de concesi\u00f3n de los \u201990 del tren de cargas\u201d, al que calific\u00f3 de \u201cerr\u00f3neo porque fue tomado por empresas que terminaron transportando su propia mercader\u00eda\u201d.<\/p>\n<p>Asimismo, defendi\u00f3 la recuperaci\u00f3n del Belgrano Cargas por parte del Estado que, dijo \u201cestaba en manos de algunos sindicatos y empresas como la de la familia Macri, que lo terminaron destruyendo\u201d.<\/p>\n<p>Asimismo, el ministro precis\u00f3 el proceso de recuperaci\u00f3n impulsado por el gobierno en torno a revalorizar los recursos humanos del sector que, dijo, \u201csufrieron un proceso de deterioro, similar al de los ferrocarriles\u201d y record\u00f3 los nuevos controles a los que son sometidos los motorman, al advertir que tienen \u201clas mismas exigencias que tiene un piloto de avi\u00f3n\u201d.<\/p>\n<p>El texto, que consta de 21 art\u00edculos, otorga al Estado la \u00abplena administraci\u00f3n de la infraestructura ferroviaria en todo el territorio nacional\u00bb, con potestad para \u00abdesafectar bienes, rescatar, reconvenir o renegociar contratos de concesi\u00f3n suscriptos con Nuevo Central Argentino, Ferroexpreso Pampeano, Ferrosur Roca, Metrov\u00edas y Ferrov\u00edas\u00bb.<\/p>\n<p>Luego de exponer los alcances del proyecto, Randazzo respondi\u00f3 las inquietudes de los senadores en el marco del plenario, donde el radicalismo a trav\u00e9s del presidente de su bloque, el juje\u00f1o, Gerardo Morales, reconoci\u00f3 los \u201cavances\u201d en materia de pol\u00edtica ferroviaria impulsados por el gobierno nacional y adelant\u00f3 que el radicalismo acompa\u00f1ar\u00e1 en general la iniciativa aunque presentar\u00e1 un dictamen propio.<\/p>\n<p>Desde Proyecto Sur, Fernando \u2018Pino Solanas, sostuvo que el sistema ferroviario \u201cha sido una permanente burla a los usuarios\u00bb y advirti\u00f3 que \u201cdesde los \u201890 ning\u00fan gobierno se anim\u00f3 a hacer una auditor\u00eda de los bienes entregados a las concesionarias\u201d.<\/p>\n<p>Al responder a los senadores, Randazzo dijo compartir con Solanas \u201cque ha sido una salvajada lo que se ha hecho con los ferrocarriles\u00bb y que incluy\u00f3, dijo, \u00aba todos, comunicadores, los funcionarios\u201d y afirm\u00f3 que a la industria ferroviaria \u201cla han destru\u00eddo en los \u00faltimos 60 a\u00f1os: nos propusimos recuperar el mejor servicio para los pasajeros, sin compromiso ni con los empresarios ni con los dirigentes sindicales\u201d.<\/p>\n<p>&nbsp;<\/p>\n<p>&nbsp;<\/p>\n<p>&nbsp;<\/p>\n<p>&nbsp;<\/p>\n<p>&nbsp;<\/p>\n<p>&nbsp;<\/p>\n<p>&nbsp;<\/p>\n<p>&nbsp;<\/p>\n<p>&nbsp;<\/p>\n<p>&nbsp;<\/p>\n<p>&nbsp;<\/p>\n<p>&nbsp;<\/p>\n<p>&nbsp;<\/p>\n","protected":false},"excerpt":{"rendered":"<p>La iniciativa que propone la creaci\u00f3n de Ferrocarriles Argentinos Sociedad del Estado obtuvo hoy dictamen y podr\u00e1 ser debatida durante la sesi\u00f3n ordinaria del mi\u00e9rcoles 22 de abril.<\/p>\n","protected":false},"author":8,"featured_media":0,"comment_status":"open","ping_status":"open","sticky":false,"template":"","format":"standard","meta":{"_jetpack_newsletter_access":"","_jetpack_dont_email_post_to_subs":false,"_jetpack_newsletter_tier_id":0,"_jetpack_memberships_contains_paywalled_content":false,"_jetpack_memberships_contains_paid_content":false,"footnotes":""},"categories":[51],"tags":[],"class_list":["post-64260","post","type-post","status-publish","format-standard","hentry","category-politica"],"jetpack_shortlink":"https:\/\/wp.me\/p2JWE0-gIs","jetpack-related-posts":[{"id":116905,"url":"http:\/\/www.24baires.com\/?p=116905","url_meta":{"origin":64260,"position":0},"title":"El Senado buscar\u00e1 emitir dictamen al proyecto de legalizaci\u00f3n del aborto","author":"GB","date":"17\/12\/2020","format":false,"excerpt":"Los legisladores se reunir\u00e1n este jueves para pasar a la firma el dictamen con la intenci\u00f3n con el objetivo de debatir el proyecto en la sesi\u00f3n del martes 29 de diciembre El plenario de comisiones de Banca de la Mujer, Justicia y Asuntos Penales y de Salud, que tiene a\u2026","rel":"","context":"En \u00abPol\u00edtica\u00bb","block_context":{"text":"Pol\u00edtica","link":"http:\/\/www.24baires.com\/?cat=51"},"img":{"alt_text":"","src":"https:\/\/i0.wp.com\/www.24baires.com\/wp-content\/uploads\/2020\/11\/el-senado-comenzara-tratar-la-ley-del-aporte-extraordinario-el-martes-300x225.jpg?resize=350%2C200","width":350,"height":200},"classes":[]},{"id":120897,"url":"http:\/\/www.24baires.com\/?p=120897","url_meta":{"origin":64260,"position":1},"title":"El gobierno logr\u00f3 dictamen de Mayor\u00eda y la Ley Omnibus llegar\u00e1 al recinto","author":"GB","date":"24\/01\/2024","format":false,"excerpt":"El oficialismo tuvo el apoyo del PRO, la UCR y Hacemos Coalici\u00f3n Federal, que de todas maneras manifestaron algunas disidencias \"parciales\" al proyecto. Esta madrugada, el oficialismo de la C\u00e1mara de Diputados logr\u00f3 un dictamen de mayor\u00eda respaldado por bloques opositores dialoguistas para la Ley \u00d3mnibus. La iniciativa, que aborda\u2026","rel":"","context":"En \u00abPol\u00edtica\u00bb","block_context":{"text":"Pol\u00edtica","link":"http:\/\/www.24baires.com\/?cat=51"},"img":{"alt_text":"","src":"https:\/\/i0.wp.com\/www.24baires.com\/wp-content\/uploads\/2024\/01\/menem-recinto.jpeg?resize=350%2C200","width":350,"height":200,"srcset":"https:\/\/i0.wp.com\/www.24baires.com\/wp-content\/uploads\/2024\/01\/menem-recinto.jpeg?resize=350%2C200 1x, https:\/\/i0.wp.com\/www.24baires.com\/wp-content\/uploads\/2024\/01\/menem-recinto.jpeg?resize=525%2C300 1.5x, https:\/\/i0.wp.com\/www.24baires.com\/wp-content\/uploads\/2024\/01\/menem-recinto.jpeg?resize=700%2C400 2x"},"classes":[]},{"id":123295,"url":"http:\/\/www.24baires.com\/?p=123295","url_meta":{"origin":64260,"position":2},"title":"Chapadmalal: avanza el proyecto para que la Provincia recupere el complejo","author":"GB","date":"20\/08\/2026","format":false,"excerpt":"La iniciativa de Fernanda Raverta obtuvo dictamen en el Senado bonaerense y ahora deber\u00e1 ser debatida en el recinto. El proyecto para que la Provincia recupere el control de Chapadmalal avanz\u00f3 este mi\u00e9rcoles en el Senado bonaerense. La Comisi\u00f3n de Hacienda le dio dictamen favorable a la iniciativa presentada por\u2026","rel":"","context":"En \u00abProvincia\u00bb","block_context":{"text":"Provincia","link":"http:\/\/www.24baires.com\/?cat=40"},"img":{"alt_text":"","src":"https:\/\/i0.wp.com\/www.24baires.com\/wp-content\/uploads\/2019\/09\/chapadmalal-300x169.jpg?resize=350%2C200","width":350,"height":200,"srcset":"https:\/\/i0.wp.com\/www.24baires.com\/wp-content\/uploads\/2019\/09\/chapadmalal-300x169.jpg?resize=350%2C200 1x, https:\/\/i0.wp.com\/www.24baires.com\/wp-content\/uploads\/2019\/09\/chapadmalal-300x169.jpg?resize=525%2C300 1.5x, https:\/\/i0.wp.com\/www.24baires.com\/wp-content\/uploads\/2019\/09\/chapadmalal-300x169.jpg?resize=700%2C400 2x"},"classes":[]},{"id":103630,"url":"http:\/\/www.24baires.com\/?p=103630","url_meta":{"origin":64260,"position":3},"title":"Legalizaci\u00f3n del aborto: sin dictamen, el 8 se definir\u00e1 qu\u00e9 proyecto se vota","author":"AF","date":"01\/08\/2018","format":false,"excerpt":"No hubo dictamen de mayor\u00eda debido a la falta de acuerdo en el plenario de comisiones del Senado. El proyecto de legalizaci\u00f3n del aborto ser\u00e1 votado en la fecha en que fue estipulado. Las comisiones de Salud, de Justicia y de Asuntos Constitucionales del Senado se reunieron para firmar los\u2026","rel":"","context":"En \u00abSociedad\u00bb","block_context":{"text":"Sociedad","link":"http:\/\/www.24baires.com\/?cat=1"},"img":{"alt_text":"","src":"https:\/\/i0.wp.com\/www.24baires.com\/wp-content\/uploads\/2018\/02\/aborto-congreso.jpg?resize=350%2C200","width":350,"height":200,"srcset":"https:\/\/i0.wp.com\/www.24baires.com\/wp-content\/uploads\/2018\/02\/aborto-congreso.jpg?resize=350%2C200 1x, https:\/\/i0.wp.com\/www.24baires.com\/wp-content\/uploads\/2018\/02\/aborto-congreso.jpg?resize=525%2C300 1.5x"},"classes":[]},{"id":121270,"url":"http:\/\/www.24baires.com\/?p=121270","url_meta":{"origin":64260,"position":4},"title":"Milei consigui\u00f3 dictamen para la reforma fiscal","author":"GB","date":"26\/04\/2024","format":false,"excerpt":"Con el respaldo del PRO y otros bloques minoritarios, el oficialismo consigui\u00f3 27 firmas para el proyecto que se tratar\u00e1 desde el lunes pr\u00f3ximo junto a la Ley \u00d3mnibus. Como se inform\u00f3, el oficialismo logr\u00f3 este jueves emitir dictamen de mayor\u00eda para el proyecto de Ley \u00d3mnibus y la iniciativa\u2026","rel":"","context":"En \u00abPol\u00edtica\u00bb","block_context":{"text":"Pol\u00edtica","link":"http:\/\/www.24baires.com\/?cat=51"},"img":{"alt_text":"","src":"https:\/\/i0.wp.com\/www.24baires.com\/wp-content\/uploads\/2024\/04\/dip.webp?resize=350%2C200","width":350,"height":200,"srcset":"https:\/\/i0.wp.com\/www.24baires.com\/wp-content\/uploads\/2024\/04\/dip.webp?resize=350%2C200 1x, https:\/\/i0.wp.com\/www.24baires.com\/wp-content\/uploads\/2024\/04\/dip.webp?resize=525%2C300 1.5x"},"classes":[]},{"id":120484,"url":"http:\/\/www.24baires.com\/?p=120484","url_meta":{"origin":64260,"position":5},"title":"Ganancias: el oficialismo consigui\u00f3 dictamen de mayor\u00eda","author":"AF","date":"18\/09\/2023","format":false,"excerpt":"El proyecto del Gobierno impulsado por Sergio Massa logr\u00f3 el apoyo de sectores de la oposici\u00f3n. El oficialismo lo tratar\u00e1 este martes en el recinto. Con el apoyo de sectores de la oposici\u00f3n, el oficialismo logr\u00f3 emitir un dictamen de mayor\u00eda en la Comisi\u00f3n de Presupuesto sobre el proyecto de\u2026","rel":"","context":"En \u00abEconom\u00eda\u00bb","block_context":{"text":"Econom\u00eda","link":"http:\/\/www.24baires.com\/?cat=45"},"img":{"alt_text":"","src":"https:\/\/i0.wp.com\/www.24baires.com\/wp-content\/uploads\/2023\/09\/WhatsApp-Image-2023-09-18-at-22.39.55.jpeg?resize=350%2C200","width":350,"height":200,"srcset":"https:\/\/i0.wp.com\/www.24baires.com\/wp-content\/uploads\/2023\/09\/WhatsApp-Image-2023-09-18-at-22.39.55.jpeg?resize=350%2C200 1x, https:\/\/i0.wp.com\/www.24baires.com\/wp-content\/uploads\/2023\/09\/WhatsApp-Image-2023-09-18-at-22.39.55.jpeg?resize=525%2C300 1.5x"},"classes":[]}],"jetpack_sharing_enabled":true,"jetpack_likes_enabled":true,"jetpack_featured_media_url":"","_links":{"self":[{"href":"http:\/\/www.24baires.com\/index.php?rest_route=\/wp\/v2\/posts\/64260","targetHints":{"allow":["GET"]}}],"collection":[{"href":"http:\/\/www.24baires.com\/index.php?rest_route=\/wp\/v2\/posts"}],"about":[{"href":"http:\/\/www.24baires.com\/index.php?rest_route=\/wp\/v2\/types\/post"}],"author":[{"embeddable":true,"href":"http:\/\/www.24baires.com\/index.php?rest_route=\/wp\/v2\/users\/8"}],"replies":[{"embeddable":true,"href":"http:\/\/www.24baires.com\/index.php?rest_route=%2Fwp%2Fv2%2Fcomments&post=64260"}],"version-history":[{"count":1,"href":"http:\/\/www.24baires.com\/index.php?rest_route=\/wp\/v2\/posts\/64260\/revisions"}],"predecessor-version":[{"id":64261,"href":"http:\/\/www.24baires.com\/index.php?rest_route=\/wp\/v2\/posts\/64260\/revisions\/64261"}],"wp:attachment":[{"href":"http:\/\/www.24baires.com\/index.php?rest_route=%2Fwp%2Fv2%2Fmedia&parent=64260"}],"wp:term":[{"taxonomy":"category","embeddable":true,"href":"http:\/\/www.24baires.com\/index.php?rest_route=%2Fwp%2Fv2%2Fcategories&post=64260"},{"taxonomy":"post_tag","embeddable":true,"href":"http:\/\/www.24baires.com\/index.php?rest_route=%2Fwp%2Fv2%2Ftags&post=64260"}],"curies":[{"name":"wp","href":"https:\/\/api.w.org\/{rel}","templated":true}]}}