{"id":64234,"date":"2015-04-14T10:39:49","date_gmt":"2015-04-14T13:39:49","guid":{"rendered":"http:\/\/www.24baires.com\/?p=64234"},"modified":"2015-04-15T10:59:00","modified_gmt":"2015-04-15T13:59:00","slug":"anibal-convoco-a-los-radicales-que-mantienen-sus-banderas-historicas-a-sumarse-al-fpv","status":"publish","type":"post","link":"http:\/\/www.24baires.com\/?p=64234","title":{"rendered":"An\u00edbal convoc\u00f3 a los radicales que \u00abmantienen sus banderas hist\u00f3ricas\u00bb a sumarse al FpV"},"content":{"rendered":"<p><img data-recalc-dims=\"1\" loading=\"lazy\" decoding=\"async\" class=\"aligncenter size-full wp-image-10776\" src=\"https:\/\/i0.wp.com\/www.24baires.com\/wp-content\/uploads\/2012\/12\/fern%C3%A1ndez-an%C3%ADbal.jpg?resize=560%2C314\" alt=\"fern\u00e1ndez an\u00edbal\" width=\"560\" height=\"314\" srcset=\"https:\/\/i0.wp.com\/www.24baires.com\/wp-content\/uploads\/2012\/12\/fern%C3%A1ndez-an%C3%ADbal.jpg?w=560 560w, https:\/\/i0.wp.com\/www.24baires.com\/wp-content\/uploads\/2012\/12\/fern%C3%A1ndez-an%C3%ADbal.jpg?resize=300%2C168 300w\" sizes=\"auto, (max-width: 560px) 100vw, 560px\" \/><\/p>\n<p>El jefe de Gabinete, An\u00edbal Fern\u00e1ndez, fustig\u00f3 hoy al precandidato presidencial del PRO Mauricio Macri, lo acus\u00f3 de ser un \u00abun fiel exponente del conservadurismo argentino\u00bb y sostuvo que en el acuerdo opositor con la UCR que conduce Ernesto Sanz \u00able entregaron un partido popular atado de pies y manos a los conservadores de siempre\u00bb.<!--more--><br \/>\nEn declaraciones formuladas a la prensa al ingresar a la Casa de Gobierno, Fern\u00e1ndez propuso adem\u00e1s sumar \u00aba esos radicales que siempre tuvieron posiciones progresistas, que toda su vida les preocup\u00f3 la pobreza y la marginalidad, que toda su vida les interes\u00f3 lo nacional&#8230;Bueno, en nuestro espacio tienen un espacio de discusi\u00f3n pol\u00edtica en com\u00fan\u00bb.<br \/>\nConsultado sobre algunas de las \u00faltimas mediciones electorales que le est\u00e1n dando a Macri una baja de algunos puntos en el electorado, el jefe de Gabinete dijo que \u00abpara m\u00ed la cosa es mucho m\u00e1s grave de lo que usted me cuenta. Macri es un fiel exponente del conservadurismo argentino, algunos le quieren llamar neoliberalismo, pero son los conservadores de siempre\u00bb.<br \/>\nY opin\u00f3 que en el acuerdo alcanzado entre el PRO y la UCR que responde a Sanz \u00able entreg\u00f3 atado de pies y manos al radicalismo a los conservadores de siempre, a los conservadores como Macri\u00bb.<br \/>\n\u00abY Sanz, pobre&#8230;Le entreg\u00f3 atado de pies y manos al radicalismo a los conservadores de siempre. Yo creo que estamos en presencia de una situaci\u00f3n indeseable para los hombres y para las mujeres de afiliaci\u00f3n, de larga militancia y de simpat\u00eda radical, quienes seguramente est\u00e1n muy descre\u00eddos y enojados frente a una situaci\u00f3n pol\u00edtica de estas caracter\u00edsticas\u00bb, consider\u00f3.<br \/>\nPara el funcionario, \u00ablos amigos radicales han tenido discusiones por m\u00e1s de 100 a\u00f1os y durante todos esos a\u00f1os gir\u00f3 sus discusiones entre radicalismo y conservadurismo, lo de hoy no se entiende. Hoy alguien, alegremente, crey\u00e9ndose el due\u00f1o, no el presidente circunstancial de un partido pol\u00edtico, le entrega la UCR atado de pies y manos al m\u00e1ximo exponente del conservadurismo sin ning\u00fan tipo de beneficios\u00bb.<br \/>\nAn\u00edbal vaticin\u00f3: \u00abY digo sin ning\u00fan tipo de beneficios, porque dicen que van competir libremente por la presidencia de la Naci\u00f3n y ganar la interna. Yo creo que Macri le puede ganar 80 mil a cero (en las PASO)&#8230; Entonces lo que pas\u00f3 en el fondo de la cuesti\u00f3n es que le entregaron el partido radical graciosamente a los conservadores\u00bb.<br \/>\nEn ese contexto, Fern\u00e1ndez hizo un llamamiento a los radicales que mantienen sus hist\u00f3ricas banderas pol\u00edticas, banderas nacionales y populares para que se sumen al Frente para la Victoria (FPV).<br \/>\n\u00abEsa gente, esas hombres y esas mujeres de la Uni\u00f3n C\u00edvica Radical (UCR), esos hist\u00f3ricos militantes del radicalismo que siempre tuvieron posiciones progresistas, que toda su vida los preocup\u00f3 la pobreza y la marginalidad, que toda su vida les interes\u00f3 lo nacional&#8230; Y que todo esto fueron ejes centrales para la pol\u00edtica de estos radicales, a m\u00ed no me digan que se van a callar la boca y se van a ir despacito a su casa&#8230;\u00bb.<br \/>\n\u00abEsos radicales que siempre mantuvieron sus banderas -a\u00f1adi\u00f3 Fern\u00e1ndez- estoy convencido que tienen un \u00e1mbito de discusi\u00f3n y que ese \u00e1mbito de discusi\u00f3n puede ser nuestro espacio y nuestra propuesta pol\u00edtica\u00bb.<br \/>\nEl jefe de Gabinete remarc\u00f3: \u00abentonces yo seguir\u00e9 trabajando para eso, porque soy de los que cree en los partidos populares y yo aprend\u00ed a ser frentista con Juan Domingo Per\u00f3n y no me voy a cambiar de ese carril pol\u00edtico, tratar\u00e9 por todos los medios de que estemos juntos todos los que tenemos que estar\u00bb.<br \/>\nApel\u00f3 a quienes tienen \u00abuna visi\u00f3n de seguir llevando el pa\u00eds adelante, los que nos duele la situaci\u00f3n de los vulnerables, que nos duele la situaci\u00f3n de los m\u00e1s pobres y de los que menos tienen, que nos preocupan como a nadie la situaci\u00f3n de los trabajadores, que nos preocupa la situaci\u00f3n real de los pibes y de los viejos en todos los barrios y en cada rinc\u00f3n de la Patria\u00bb.<\/p>\n","protected":false},"excerpt":{"rendered":"<p>El jefe de Gabinete, An\u00edbal Fern\u00e1ndez, fustig\u00f3 hoy al precandidato presidencial del PRO Mauricio Macri, lo acus\u00f3 de ser un \u00abun fiel exponente del conservadurismo argentino\u00bb y sostuvo que en el acuerdo opositor con la UCR que conduce Ernesto Sanz \u00able entregaron un partido popular atado de pies y manos a los conservadores de siempre\u00bb.<\/p>\n","protected":false},"author":11,"featured_media":0,"comment_status":"open","ping_status":"open","sticky":false,"template":"","format":"standard","meta":{"_jetpack_newsletter_access":"","_jetpack_dont_email_post_to_subs":false,"_jetpack_newsletter_tier_id":0,"_jetpack_memberships_contains_paywalled_content":false,"_jetpack_memberships_contains_paid_content":false,"footnotes":""},"categories":[51],"tags":[],"class_list":["post-64234","post","type-post","status-publish","format-standard","hentry","category-politica"],"jetpack_shortlink":"https:\/\/wp.me\/p2JWE0-gI2","jetpack-related-posts":[{"id":103789,"url":"http:\/\/www.24baires.com\/?p=103789","url_meta":{"origin":64234,"position":0},"title":"\u00abEl blindaje al gobierno se termina cuando quer\u00e9s darle de comer a los pibes y no te alcanza\u00bb","author":"AF","date":"09\/08\/2018","format":false,"excerpt":"A contramano del remanido \"lo peor ya pas\u00f3\" del presidente Mauricio Macri, An\u00edbal Fern\u00e1ndez advirti\u00f3 que el estancamiento econ\u00f3mico y la crisis va camino a profundizarse a\u00fan m\u00e1s. El ex jefe de Gabinete de la Naci\u00f3n, An\u00edbal Fern\u00e1ndez carg\u00f3 este jueves con dureza contra el gobierno de Mauricio Macri, al\u2026","rel":"","context":"En \u00abPol\u00edtica\u00bb","block_context":{"text":"Pol\u00edtica","link":"http:\/\/www.24baires.com\/?cat=51"},"img":{"alt_text":"","src":"https:\/\/i0.wp.com\/www.24baires.com\/wp-content\/uploads\/2015\/08\/an%C3%ADbal-cierre.jpg?resize=350%2C200","width":350,"height":200,"srcset":"https:\/\/i0.wp.com\/www.24baires.com\/wp-content\/uploads\/2015\/08\/an%C3%ADbal-cierre.jpg?resize=350%2C200 1x, https:\/\/i0.wp.com\/www.24baires.com\/wp-content\/uploads\/2015\/08\/an%C3%ADbal-cierre.jpg?resize=525%2C300 1.5x"},"classes":[]},{"id":63189,"url":"http:\/\/www.24baires.com\/?p=63189","url_meta":{"origin":64234,"position":1},"title":"An\u00edbal Fern\u00e1ndez: \u00abEl acuerdo UCR-PRO es una alianza con objetivo electoral y sin contenido pol\u00edtico\u00bb","author":"AF","date":"16\/03\/2015","format":false,"excerpt":"El jefe de Gabinete, An\u00edbal Fern\u00e1ndez, consider\u00f3 que el acuerdo pol\u00edtico sellado entre el PRO, el radicalismo y la Coalici\u00f3n C\u00edvica constituye una alianza \u201ccon objetivo electoral y sin contenido pol\u00edtico\u201d entre quienes representan a la \u201cderecha espantosa\u201d de la Argentina. Adem\u00e1s, sostuvo que, en ese tipo de acuerdos puramente\u2026","rel":"","context":"En \u00abPol\u00edtica\u00bb","block_context":{"text":"Pol\u00edtica","link":"http:\/\/www.24baires.com\/?cat=51"},"img":{"alt_text":"fern\u00e1ndez an\u00edbal2","src":"https:\/\/i0.wp.com\/www.24baires.com\/wp-content\/uploads\/2012\/11\/fern%C3%A1ndez-an%C3%ADbal2.jpg?resize=350%2C200","width":350,"height":200,"srcset":"https:\/\/i0.wp.com\/www.24baires.com\/wp-content\/uploads\/2012\/11\/fern%C3%A1ndez-an%C3%ADbal2.jpg?resize=350%2C200 1x, https:\/\/i0.wp.com\/www.24baires.com\/wp-content\/uploads\/2012\/11\/fern%C3%A1ndez-an%C3%ADbal2.jpg?resize=525%2C300 1.5x"},"classes":[]},{"id":111354,"url":"http:\/\/www.24baires.com\/?p=111354","url_meta":{"origin":64234,"position":2},"title":"Vidal borr\u00f3 la imagen del radical Daniel Salvador de la boleta de Juntos por el Cambio","author":"AF","date":"27\/07\/2019","format":false,"excerpt":"\"Somos protagonistas de una verdadera gesta para poner de pie a la provincia\", asegur\u00f3 Daniel Salvador el viernes en Mar del Plata. Ya no. Por lo menos, el candidato radical a vice de Mar\u00eda Eugenia Vidal no ser\u00e1 protagonista en la boleta que en teor\u00eda comparten. Preocupados por la dif\u00edcil\u2026","rel":"","context":"En \u00abPol\u00edtica\u00bb","block_context":{"text":"Pol\u00edtica","link":"http:\/\/www.24baires.com\/?cat=51"},"img":{"alt_text":"","src":"https:\/\/i0.wp.com\/www.24baires.com\/wp-content\/uploads\/2016\/07\/vidal-salvador.jpg?resize=350%2C200","width":350,"height":200,"srcset":"https:\/\/i0.wp.com\/www.24baires.com\/wp-content\/uploads\/2016\/07\/vidal-salvador.jpg?resize=350%2C200 1x, https:\/\/i0.wp.com\/www.24baires.com\/wp-content\/uploads\/2016\/07\/vidal-salvador.jpg?resize=525%2C300 1.5x"},"classes":[]},{"id":65544,"url":"http:\/\/www.24baires.com\/?p=65544","url_meta":{"origin":64234,"position":3},"title":"An\u00edbal Fern\u00e1ndez: \u00ablos intendentes mutan de espacios pol\u00edticos por su dignidad\u00bb","author":"AF","date":"08\/05\/2015","format":false,"excerpt":"El jefe de Gabinete asegur\u00f3 que esa es la principal motivaci\u00f3n que mueve a los jefes comunales del conurbano. Afirm\u00f3 que cambian de luguar cuando \"creen que les ofrecen una propuesta seria y despu\u00e9s se dan cuenta de que son maltratados\". \"Por lo tanto, c\u00f3mo me va a enojar que\u2026","rel":"","context":"En \u00abPol\u00edtica\u00bb","block_context":{"text":"Pol\u00edtica","link":"http:\/\/www.24baires.com\/?cat=51"},"img":{"alt_text":"anibal","src":"https:\/\/i0.wp.com\/www.24baires.com\/wp-content\/uploads\/2015\/01\/anibal.jpg?resize=350%2C200","width":350,"height":200,"srcset":"https:\/\/i0.wp.com\/www.24baires.com\/wp-content\/uploads\/2015\/01\/anibal.jpg?resize=350%2C200 1x, https:\/\/i0.wp.com\/www.24baires.com\/wp-content\/uploads\/2015\/01\/anibal.jpg?resize=525%2C300 1.5x"},"classes":[]},{"id":108412,"url":"http:\/\/www.24baires.com\/?p=108412","url_meta":{"origin":64234,"position":4},"title":"La convenci\u00f3n de la UCR y el futuro de la alianza Cambiemos","author":"AF","date":"27\/05\/2019","format":false,"excerpt":"En Casa Rosada aguardan la decisi\u00f3n del radicalismo para definir la estrategia electoral, mientras crecen los reclamos internos por cambiar al candidato y ampliar la alianza oficialista. Mauricio Macri esperar\u00e1 al resultado de la Convenci\u00f3n de la UCR para definir sus pr\u00f3ximos pasos. Si, como espera, los radicales ratifican su\u2026","rel":"","context":"En \u00abPol\u00edtica\u00bb","block_context":{"text":"Pol\u00edtica","link":"http:\/\/www.24baires.com\/?cat=51"},"img":{"alt_text":"","src":"https:\/\/i0.wp.com\/www.24baires.com\/wp-content\/uploads\/2013\/03\/ucr.jpg?resize=350%2C200","width":350,"height":200,"srcset":"https:\/\/i0.wp.com\/www.24baires.com\/wp-content\/uploads\/2013\/03\/ucr.jpg?resize=350%2C200 1x, https:\/\/i0.wp.com\/www.24baires.com\/wp-content\/uploads\/2013\/03\/ucr.jpg?resize=525%2C300 1.5x"},"classes":[]},{"id":108201,"url":"http:\/\/www.24baires.com\/?p=108201","url_meta":{"origin":64234,"position":5},"title":"Frigerio dej\u00f3 abierta la posibilidad de que Macri vaya a una PASO","author":"GB","date":"16\/05\/2019","format":false,"excerpt":"El ministro del Interior, Rogelio Frigerio, destac\u00f3 la necesidad de que Cambiemos ampl\u00ede su base pol\u00edtica y dej\u00f3 abierta la posibilidad de que Mauricio Macri vaya a una PASO. \"El Presidente (Mauricio Macri) va a hacer lo mejor para la Argentina, y eso incluye cualquier cosa\", dijo. Al referirse al\u2026","rel":"","context":"En \u00abPol\u00edtica\u00bb","block_context":{"text":"Pol\u00edtica","link":"http:\/\/www.24baires.com\/?cat=51"},"img":{"alt_text":"","src":"https:\/\/i0.wp.com\/www.24baires.com\/wp-content\/uploads\/2016\/02\/frigerio.jpg?resize=350%2C200","width":350,"height":200,"srcset":"https:\/\/i0.wp.com\/www.24baires.com\/wp-content\/uploads\/2016\/02\/frigerio.jpg?resize=350%2C200 1x, https:\/\/i0.wp.com\/www.24baires.com\/wp-content\/uploads\/2016\/02\/frigerio.jpg?resize=525%2C300 1.5x"},"classes":[]}],"jetpack_sharing_enabled":true,"jetpack_likes_enabled":true,"jetpack_featured_media_url":"","_links":{"self":[{"href":"http:\/\/www.24baires.com\/index.php?rest_route=\/wp\/v2\/posts\/64234","targetHints":{"allow":["GET"]}}],"collection":[{"href":"http:\/\/www.24baires.com\/index.php?rest_route=\/wp\/v2\/posts"}],"about":[{"href":"http:\/\/www.24baires.com\/index.php?rest_route=\/wp\/v2\/types\/post"}],"author":[{"embeddable":true,"href":"http:\/\/www.24baires.com\/index.php?rest_route=\/wp\/v2\/users\/11"}],"replies":[{"embeddable":true,"href":"http:\/\/www.24baires.com\/index.php?rest_route=%2Fwp%2Fv2%2Fcomments&post=64234"}],"version-history":[{"count":1,"href":"http:\/\/www.24baires.com\/index.php?rest_route=\/wp\/v2\/posts\/64234\/revisions"}],"predecessor-version":[{"id":64235,"href":"http:\/\/www.24baires.com\/index.php?rest_route=\/wp\/v2\/posts\/64234\/revisions\/64235"}],"wp:attachment":[{"href":"http:\/\/www.24baires.com\/index.php?rest_route=%2Fwp%2Fv2%2Fmedia&parent=64234"}],"wp:term":[{"taxonomy":"category","embeddable":true,"href":"http:\/\/www.24baires.com\/index.php?rest_route=%2Fwp%2Fv2%2Fcategories&post=64234"},{"taxonomy":"post_tag","embeddable":true,"href":"http:\/\/www.24baires.com\/index.php?rest_route=%2Fwp%2Fv2%2Ftags&post=64234"}],"curies":[{"name":"wp","href":"https:\/\/api.w.org\/{rel}","templated":true}]}}