{"id":64229,"date":"2015-04-13T21:51:16","date_gmt":"2015-04-14T00:51:16","guid":{"rendered":"http:\/\/www.24baires.com\/?p=64229"},"modified":"2015-04-13T21:51:16","modified_gmt":"2015-04-14T00:51:16","slug":"fein-denuncio-que-la-querella-impide-avanzar-en-la-causa","status":"publish","type":"post","link":"http:\/\/www.24baires.com\/?p=64229","title":{"rendered":"Fein denunci\u00f3 que la querella impide avanzar en la causa"},"content":{"rendered":"<p><img data-recalc-dims=\"1\" loading=\"lazy\" decoding=\"async\" class=\"aligncenter size-full wp-image-60662\" src=\"https:\/\/i0.wp.com\/www.24baires.com\/wp-content\/uploads\/2015\/01\/fein.jpg?resize=560%2C414\" alt=\"fein\" width=\"560\" height=\"414\" srcset=\"https:\/\/i0.wp.com\/www.24baires.com\/wp-content\/uploads\/2015\/01\/fein.jpg?w=560 560w, https:\/\/i0.wp.com\/www.24baires.com\/wp-content\/uploads\/2015\/01\/fein.jpg?resize=300%2C222 300w\" sizes=\"auto, (max-width: 560px) 100vw, 560px\" \/>Fein respondi\u00f3 a la apelaci\u00f3n de la ex mujer de Nisman ante la C\u00e1mara del Crimen con un comunicado en el que afirm\u00f3 que \u00ablas reiteradas presentaciones de la querella\u00bb impiden \u00abel avance de la investigaci\u00f3n en procura de la verdad\u00bb.<!--more--><\/p>\n<p>La fiscal Viviana Fein acus\u00f3 a la jueza Sandra Arroyo Salgado de \u00abimpedir\u00bb, con sus \u00abreiteradas presentaciones\u00bb, el avance de la causa que investiga muerte del fiscal Alberto Nisman.<\/p>\n<p>La ex mujer del titular UFI AMIA apel\u00f3 esta tarde la decisi\u00f3n de la jueza Fabiana Palmaghini de no apartar a Fein con una presentaci\u00f3n ante la C\u00e1mara del Crimen.<\/p>\n<p>Arroyo Salgado pretende que la esa C\u00e1mara revoque la decisi\u00f3n de Palmaghini, quien d\u00edas atr\u00e1s ratific\u00f3 a Fein en una resoluci\u00f3n en la que critic\u00f3 severamente a la jueza de San Isidro -quien encabeza la querella- aunque algunas fuentes entendieron que ese tipo de resoluciones son inapelables.<\/p>\n<p>Fein respondi\u00f3 esta tarde con un comunicado en el que afirm\u00f3 que \u00ablas reiteradas presentaciones de la querella\u00bb impiden \u00abel avance de la investigaci\u00f3n en procura de la verdad\u00bb.<\/p>\n<p>\u00abLa fiscal Viviana Fein pretende el avance de la investigaci\u00f3n en procura de la verdad, pero las reiteradas presentaciones de la parte querellante lo impiden, toda vez que se est\u00e1 a la espera de las resoluciones respectivas\u00bb, afirma el escrito, difundido a trav\u00e9s del sitio fiscales.gob.ar.<\/p>\n<p>Fein tambi\u00e9n inform\u00f3 que ante el planteo de nulidad de la inspecci\u00f3n ocular que hab\u00eda ordenado hacer nuevamente en el departamento de Le Parc, contest\u00f3 los requerimientos \u00abde la defensa particular, la defensa oficial y la Fiscal\u00eda\u00bb y le solicit\u00f3 a Palmaghini que resuelva si finalmente se har\u00e1 o no la prueba.<\/p>\n<p>&nbsp;<\/p>\n<p>&nbsp;<\/p>\n<p>&nbsp;<\/p>\n<p>&nbsp;<\/p>\n<p>&nbsp;<\/p>\n<p>&nbsp;<\/p>\n<p>&nbsp;<\/p>\n","protected":false},"excerpt":{"rendered":"<p>Fein respondi\u00f3 a la apelaci\u00f3n de la ex mujer de Nisman ante la C\u00e1mara del Crimen con un comunicado en el que afirm\u00f3 que \u00ablas reiteradas presentaciones de la querella\u00bb impiden \u00abel avance de la investigaci\u00f3n en procura de la verdad\u00bb.<\/p>\n","protected":false},"author":8,"featured_media":0,"comment_status":"open","ping_status":"open","sticky":false,"template":"","format":"standard","meta":{"_jetpack_newsletter_access":"","_jetpack_dont_email_post_to_subs":false,"_jetpack_newsletter_tier_id":0,"_jetpack_memberships_contains_paywalled_content":false,"_jetpack_memberships_contains_paid_content":false,"footnotes":""},"categories":[51],"tags":[],"class_list":["post-64229","post","type-post","status-publish","format-standard","hentry","category-politica"],"jetpack_shortlink":"https:\/\/wp.me\/p2JWE0-gHX","jetpack-related-posts":[{"id":63970,"url":"http:\/\/www.24baires.com\/?p=63970","url_meta":{"origin":64229,"position":0},"title":"La jueza Palmaghini define si aparta a Fein de la causa","author":"GB","date":"07\/04\/2015","format":false,"excerpt":"La jueza de instrucci\u00f3n resolver\u00e1 entre la \u00faltima hora de hoy y ma\u00f1ana si aparta a la fiscal de la investigaci\u00f3n de la muerte de Nisman, a pedido de Sandra Arroyo Salgado, en la audiencia de recusaci\u00f3n en la que, como querellante, reiter\u00f3 su disgusto con la forma en la\u2026","rel":"","context":"En \u00abPol\u00edtica\u00bb","block_context":{"text":"Pol\u00edtica","link":"http:\/\/www.24baires.com\/?cat=51"},"img":{"alt_text":"","src":"","width":0,"height":0},"classes":[]},{"id":76679,"url":"http:\/\/www.24baires.com\/?p=76679","url_meta":{"origin":64229,"position":1},"title":"Arroyo Salgado: \u00abPudo haber influido el cambio de gobierno\u00bb en el desplazamiento de Fein","author":"AF","date":"21\/12\/2015","format":false,"excerpt":"La ex mujer de Alberto Nisman consider\u00f3 \"tard\u00eda\" la decisi\u00f3n de la jueza Fabiana Palmaghini de quitarle a la fiscal la direcci\u00f3n de la investigaci\u00f3n por la muerte del ex titular de la UFI AMIA y opin\u00f3 que pudo haber ocurrido por el triunfo de Mauricio Macri. La jueza Sandra\u2026","rel":"","context":"En \u00abJUDICIALES\u00bb","block_context":{"text":"JUDICIALES","link":"http:\/\/www.24baires.com\/?cat=68"},"img":{"alt_text":"","src":"https:\/\/i0.wp.com\/www.24baires.com\/wp-content\/uploads\/2015\/12\/fein-salgado.png?resize=350%2C200","width":350,"height":200,"srcset":"https:\/\/i0.wp.com\/www.24baires.com\/wp-content\/uploads\/2015\/12\/fein-salgado.png?resize=350%2C200 1x, https:\/\/i0.wp.com\/www.24baires.com\/wp-content\/uploads\/2015\/12\/fein-salgado.png?resize=525%2C300 1.5x"},"classes":[]},{"id":66277,"url":"http:\/\/www.24baires.com\/?p=66277","url_meta":{"origin":64229,"position":2},"title":"Volvieron a rechazar el pedido de Arroyo Salgado para apartar a Fein","author":"AF","date":"20\/05\/2015","format":false,"excerpt":"La C\u00e1mara de Crimen desestim\u00f3 un recurso extraordinario presentado por la jueza federal de San Isidro y madre de las dos hijas del fiscal. La decisi\u00f3n de la sala Sexta de ese tribunal se sum\u00f3 a los anteriores rechazos al pedido de sacar a Fein de la causa que antes\u2026","rel":"","context":"En \u00abJUDICIALES\u00bb","block_context":{"text":"JUDICIALES","link":"http:\/\/www.24baires.com\/?cat=68"},"img":{"alt_text":"fein","src":"https:\/\/i0.wp.com\/www.24baires.com\/wp-content\/uploads\/2015\/01\/fein.jpg?resize=350%2C200","width":350,"height":200,"srcset":"https:\/\/i0.wp.com\/www.24baires.com\/wp-content\/uploads\/2015\/01\/fein.jpg?resize=350%2C200 1x, https:\/\/i0.wp.com\/www.24baires.com\/wp-content\/uploads\/2015\/01\/fein.jpg?resize=525%2C300 1.5x"},"classes":[]},{"id":81583,"url":"http:\/\/www.24baires.com\/?p=81583","url_meta":{"origin":64229,"position":3},"title":"La fiscal Fein present\u00f3 su renuncia","author":"GB","date":"18\/04\/2016","format":false,"excerpt":"La fiscal Viviana Fein, que estaba a cargo de la causa Nisman hasta que la jueza Palmaghini la desplaz\u00f3, present\u00f3 su renuncia tras el pase del caso al fuero federal. Viviana Fein, la fiscal que estuvo a cargo de la causa Nisman hasta que hace unos meses fue desplazada por\u2026","rel":"","context":"En \u00abPol\u00edtica\u00bb","block_context":{"text":"Pol\u00edtica","link":"http:\/\/www.24baires.com\/?cat=51"},"img":{"alt_text":"fein","src":"https:\/\/i0.wp.com\/www.24baires.com\/wp-content\/uploads\/2015\/01\/fein.jpg?resize=350%2C200","width":350,"height":200,"srcset":"https:\/\/i0.wp.com\/www.24baires.com\/wp-content\/uploads\/2015\/01\/fein.jpg?resize=350%2C200 1x, https:\/\/i0.wp.com\/www.24baires.com\/wp-content\/uploads\/2015\/01\/fein.jpg?resize=525%2C300 1.5x"},"classes":[]},{"id":91727,"url":"http:\/\/www.24baires.com\/?p=91727","url_meta":{"origin":64229,"position":4},"title":"Fein asegura que la causa Nisman \u00abse mediatiz\u00f3 utilizando pruebas que no existen\u00bb","author":"AF","date":"19\/01\/2017","format":false,"excerpt":"La ex fiscal del caso Nisman afirm\u00f3 hoy que su actuaci\u00f3n fue \"totalmente normal\" y que lo demostrar\u00e1 \"cient\u00edficamente\" cuando se presente ante el juez Juli\u00e1n Ercolini. \"No ten\u00edamos una prueba categ\u00f3rica y cierta de que est\u00e1bamos frente a un acto homicida\", dijo. La ex fiscal Viviana Fein, quien tuvo\u2026","rel":"","context":"En \u00abJUDICIALES\u00bb","block_context":{"text":"JUDICIALES","link":"http:\/\/www.24baires.com\/?cat=68"},"img":{"alt_text":"","src":"https:\/\/i0.wp.com\/www.24baires.com\/wp-content\/uploads\/2015\/01\/fein.jpg?resize=350%2C200","width":350,"height":200,"srcset":"https:\/\/i0.wp.com\/www.24baires.com\/wp-content\/uploads\/2015\/01\/fein.jpg?resize=350%2C200 1x, https:\/\/i0.wp.com\/www.24baires.com\/wp-content\/uploads\/2015\/01\/fein.jpg?resize=525%2C300 1.5x"},"classes":[]},{"id":63978,"url":"http:\/\/www.24baires.com\/?p=63978","url_meta":{"origin":64229,"position":5},"title":"Ratifican a Fein al frente de la investigaci\u00f3n por la muerte de Nisman","author":"GB","date":"08\/04\/2015","format":false,"excerpt":"La magistrada rechaz\u00f3 la recusaci\u00f3n que hab\u00eda planteado la ex esposa del fallecido fiscal Alberto Nisman, la jueza federal de San Isidro Sandra Arroyo Salgado. Ayer, las tres mantuvieron una audiencia. La jueza de instrucci\u00f3n Fabiana Palmaghini rechaz\u00f3 la recusaci\u00f3n de la fiscal Viviana Fein que hab\u00eda planteado la ex\u2026","rel":"","context":"En \u00abPol\u00edtica\u00bb","block_context":{"text":"Pol\u00edtica","link":"http:\/\/www.24baires.com\/?cat=51"},"img":{"alt_text":"fein","src":"https:\/\/i0.wp.com\/www.24baires.com\/wp-content\/uploads\/2015\/01\/fein.jpg?resize=350%2C200","width":350,"height":200,"srcset":"https:\/\/i0.wp.com\/www.24baires.com\/wp-content\/uploads\/2015\/01\/fein.jpg?resize=350%2C200 1x, https:\/\/i0.wp.com\/www.24baires.com\/wp-content\/uploads\/2015\/01\/fein.jpg?resize=525%2C300 1.5x"},"classes":[]}],"jetpack_sharing_enabled":true,"jetpack_likes_enabled":true,"jetpack_featured_media_url":"","_links":{"self":[{"href":"http:\/\/www.24baires.com\/index.php?rest_route=\/wp\/v2\/posts\/64229","targetHints":{"allow":["GET"]}}],"collection":[{"href":"http:\/\/www.24baires.com\/index.php?rest_route=\/wp\/v2\/posts"}],"about":[{"href":"http:\/\/www.24baires.com\/index.php?rest_route=\/wp\/v2\/types\/post"}],"author":[{"embeddable":true,"href":"http:\/\/www.24baires.com\/index.php?rest_route=\/wp\/v2\/users\/8"}],"replies":[{"embeddable":true,"href":"http:\/\/www.24baires.com\/index.php?rest_route=%2Fwp%2Fv2%2Fcomments&post=64229"}],"version-history":[{"count":1,"href":"http:\/\/www.24baires.com\/index.php?rest_route=\/wp\/v2\/posts\/64229\/revisions"}],"predecessor-version":[{"id":64230,"href":"http:\/\/www.24baires.com\/index.php?rest_route=\/wp\/v2\/posts\/64229\/revisions\/64230"}],"wp:attachment":[{"href":"http:\/\/www.24baires.com\/index.php?rest_route=%2Fwp%2Fv2%2Fmedia&parent=64229"}],"wp:term":[{"taxonomy":"category","embeddable":true,"href":"http:\/\/www.24baires.com\/index.php?rest_route=%2Fwp%2Fv2%2Fcategories&post=64229"},{"taxonomy":"post_tag","embeddable":true,"href":"http:\/\/www.24baires.com\/index.php?rest_route=%2Fwp%2Fv2%2Ftags&post=64229"}],"curies":[{"name":"wp","href":"https:\/\/api.w.org\/{rel}","templated":true}]}}