{"id":64227,"date":"2015-04-13T21:03:35","date_gmt":"2015-04-14T00:03:35","guid":{"rendered":"http:\/\/www.24baires.com\/?p=64227"},"modified":"2015-04-13T21:03:35","modified_gmt":"2015-04-14T00:03:35","slug":"vamos-camino-a-que-el-pueblo-argentino-vote-como-en-salta-considero-scioli","status":"publish","type":"post","link":"http:\/\/www.24baires.com\/?p=64227","title":{"rendered":"\u00abVamos camino a que el pueblo argentino vote como en Salta\u00bb, consider\u00f3 Scioli"},"content":{"rendered":"<p><img data-recalc-dims=\"1\" loading=\"lazy\" decoding=\"async\" class=\"aligncenter size-full wp-image-60813\" src=\"https:\/\/i0.wp.com\/www.24baires.com\/wp-content\/uploads\/2015\/01\/scioli-1.jpg?resize=560%2C306\" alt=\"scioli 1\" width=\"560\" height=\"306\" srcset=\"https:\/\/i0.wp.com\/www.24baires.com\/wp-content\/uploads\/2015\/01\/scioli-1.jpg?w=560 560w, https:\/\/i0.wp.com\/www.24baires.com\/wp-content\/uploads\/2015\/01\/scioli-1.jpg?resize=300%2C164 300w\" sizes=\"auto, (max-width: 560px) 100vw, 560px\" \/>El gobernador bonaerense y precandidato a presidente del Frente para la Victoria volvi\u00f3 a destacar as\u00ed el triunfo electoral del mandatario salte\u00f1o Juan Manuel Urtubey en las internas.<!--more--><\/p>\n<p>\u00abFue una satisfacci\u00f3n ver el reconocimiento del pueblo salte\u00f1o al trabajo de Juan Manuel, que ha llevado adelante un gobierno muy inclusivo, de dinamizar todas las fuerzas productivas salte\u00f1as y de la voluntad contundente de la gente de Salta de seguir avanzado. No se trataba de cambiar por cambiar\u00bb, expres\u00f3 Scioli, que ayer estuvo en Salta, en declaraciones radiales<\/p>\n<p>El gobernador afirm\u00f3 que \u00abJuan Manuel (Urtubey) se va renovando permanentemente en sus iniciativas\u201d. \u201cLo pude ver hace una semana cuando vimos algunos de los emprendimientos. Fue una satisfacci\u00f3n que super\u00f3 cualquier expectativa positiva, lo que demuestra que trabajadores y la clase media quieren seguir por este camino\u00bb, agreg\u00f3.<\/p>\n<p>Recalc\u00f3 que \u201clo que se ha expresado en Salta\u201d es lo que siente que a \u201cnivel nacional va a ocurrir\u201d. \u201cTriunfar\u00e1 lo previsible, lo confiable, lo superador, el futuro sobre el pasado, en definitiva\u00bb, sostuvo.<\/p>\n<p>&nbsp;<\/p>\n<p>&nbsp;<\/p>\n<p>&nbsp;<\/p>\n<p>&nbsp;<\/p>\n<p>&nbsp;<\/p>\n<p>&nbsp;<\/p>\n<p>&nbsp;<\/p>\n<p>&nbsp;<\/p>\n<p>&nbsp;<\/p>\n<p>&nbsp;<\/p>\n<p>&nbsp;<\/p>\n<p>&nbsp;<\/p>\n","protected":false},"excerpt":{"rendered":"<p>El gobernador bonaerense y precandidato a presidente del Frente para la Victoria volvi\u00f3 a destacar as\u00ed el triunfo electoral del mandatario salte\u00f1o Juan Manuel Urtubey en las internas.<\/p>\n","protected":false},"author":8,"featured_media":0,"comment_status":"open","ping_status":"open","sticky":false,"template":"","format":"standard","meta":{"_jetpack_newsletter_access":"","_jetpack_dont_email_post_to_subs":false,"_jetpack_newsletter_tier_id":0,"_jetpack_memberships_contains_paywalled_content":false,"_jetpack_memberships_contains_paid_content":false,"footnotes":""},"categories":[51],"tags":[],"class_list":["post-64227","post","type-post","status-publish","format-standard","hentry","category-politica"],"jetpack_shortlink":"https:\/\/wp.me\/p2JWE0-gHV","jetpack-related-posts":[{"id":16194,"url":"http:\/\/www.24baires.com\/?p=16194","url_meta":{"origin":64227,"position":0},"title":"\u00abEn la Batalla de Salta comenz\u00f3 a definirse la nacionalidad argentina\u00bb puntualiz\u00f3 Boudou","author":"Grupo Sierra","date":"20\/02\/2013","format":false,"excerpt":"\"Es un momento muy importante y de gran simbolismo\", dijo Boudou a medios locales en el marco de los festejos por el bicentenario de la Batalla de Salta que se realizan en la capital salte\u00f1a. Boudou record\u00f3 que en la Batalla de Salta \"se empez\u00f3 a definir la nacionalidad argentina,\u2026","rel":"","context":"En \u00abPol\u00edtica\u00bb","block_context":{"text":"Pol\u00edtica","link":"http:\/\/www.24baires.com\/?cat=51"},"img":{"alt_text":"","src":"https:\/\/i0.wp.com\/www.24baires.com\/wp-content\/uploads\/2013\/02\/boudou-en-salta.jpg?resize=350%2C200","width":350,"height":200},"classes":[]},{"id":63974,"url":"http:\/\/www.24baires.com\/?p=63974","url_meta":{"origin":64227,"position":1},"title":"Scioli y Macri ya est\u00e1n en Salta para las PASO del pr\u00f3ximo domingo","author":"GB","date":"07\/04\/2015","format":false,"excerpt":"El gobernador bonaerense Daniel Scioli lleg\u00f3 a Salta para apoyar la reelecci\u00f3n de su par salte\u00f1o Juan Manuel Urtubey, mientras que el l\u00edder del PRO Mauricio Macri hizo lo propio para acompa\u00f1ar la postulaci\u00f3n de su candidato a intendente de la capital, Guillermo Durand Cornejo, a menos de tres d\u00edas\u2026","rel":"","context":"En \u00abElecciones 2015\u00bb","block_context":{"text":"Elecciones 2015","link":"http:\/\/www.24baires.com\/?cat=74"},"img":{"alt_text":"","src":"","width":0,"height":0},"classes":[]},{"id":66065,"url":"http:\/\/www.24baires.com\/?p=66065","url_meta":{"origin":64227,"position":2},"title":"\u00abEste es un triunfo del proyecto que inici\u00f3 N\u00e9stor Kirchner y que lidera hoy Cristina\u00bb","author":"GB","date":"17\/05\/2015","format":false,"excerpt":"El gobernador de Salta y candidato del Frente Justicialista Renovador para la Victoria, Juan Manuel Urtubey, asegur\u00f3 luego de ganar las elecciones provinciales para acceder a su tercer mandato, que caminar\u00e1 la Argentina \"para profundizar el proyecto con el que N\u00e9stor y Cristina pusieron de pie al pa\u00eds\". \"Quiero que\u2026","rel":"","context":"En \u00abElecciones 2015\u00bb","block_context":{"text":"Elecciones 2015","link":"http:\/\/www.24baires.com\/?cat=74"},"img":{"alt_text":"","src":"https:\/\/i0.wp.com\/www.24baires.com\/wp-content\/uploads\/2015\/05\/uturbey.jpg?resize=350%2C200","width":350,"height":200,"srcset":"https:\/\/i0.wp.com\/www.24baires.com\/wp-content\/uploads\/2015\/05\/uturbey.jpg?resize=350%2C200 1x, https:\/\/i0.wp.com\/www.24baires.com\/wp-content\/uploads\/2015\/05\/uturbey.jpg?resize=525%2C300 1.5x"},"classes":[]},{"id":39061,"url":"http:\/\/www.24baires.com\/?p=39061","url_meta":{"origin":64227,"position":3},"title":"Anunciaron una inversi\u00f3n de Telefonica de $1.900 millones en la Provincia","author":"Grupo Sierra","date":"23\/01\/2014","format":false,"excerpt":"La empresa Telef\u00f3nica de Argentina invertir\u00e1 la suma durante este a\u00f1o en la provincia de Buenos Aires, un 73 por ciento m\u00e1s respecto a 2013, seg\u00fan anunci\u00f3 la firma. El director general de Relaciones Institucionales de la empresa, Jos\u00e9 Luis Rodr\u00edguez Zarco, realiz\u00f3 el anuncio en Mar del Plata, ciudad\u2026","rel":"","context":"En \u00abEconom\u00eda\u00bb","block_context":{"text":"Econom\u00eda","link":"http:\/\/www.24baires.com\/?cat=45"},"img":{"alt_text":"","src":"","width":0,"height":0},"classes":[]},{"id":60576,"url":"http:\/\/www.24baires.com\/?p=60576","url_meta":{"origin":64227,"position":4},"title":"Intendente hizo una fiesta con menores desnudas y sigue en el cargo","author":"Grupo Sierra","date":"22\/01\/2015","format":false,"excerpt":"Juan Rosario Mazzone fue imputado por la justicia de Salta, pero contin\u00faa al frente del municipio de El Bordo por falta de definiciones pol\u00edticas. El intendente de la localidad salte\u00f1a El Bordo, Juan Rosario Mazzone, que ha sido imputado por la justicia de Salta de la presunta comisi\u00f3n del delito\u2026","rel":"","context":"En \u00abPol\u00edtica\u00bb","block_context":{"text":"Pol\u00edtica","link":"http:\/\/www.24baires.com\/?cat=51"},"img":{"alt_text":"","src":"https:\/\/i0.wp.com\/www.24baires.com\/wp-content\/uploads\/2015\/01\/el-bordo-salta-mazzone-intendente.jpg?resize=350%2C200","width":350,"height":200,"srcset":"https:\/\/i0.wp.com\/www.24baires.com\/wp-content\/uploads\/2015\/01\/el-bordo-salta-mazzone-intendente.jpg?resize=350%2C200 1x, https:\/\/i0.wp.com\/www.24baires.com\/wp-content\/uploads\/2015\/01\/el-bordo-salta-mazzone-intendente.jpg?resize=525%2C300 1.5x"},"classes":[]},{"id":111047,"url":"http:\/\/www.24baires.com\/?p=111047","url_meta":{"origin":64227,"position":5},"title":"Se dieron a conocer las boletas de las f\u00f3rmulas que competir\u00e1n en las PASO","author":"GB","date":"03\/07\/2019","format":false,"excerpt":"El Frente de Todos, la alianza Juntos por el Cambio y el espacio Consenso Federal presentaron sus papeletas para el 11 de agosto. Tambi\u00e9n est\u00e1n las opciones de izquierda y las f\u00f3rmulas nacionalistas. Este martes se dieron a conocer los dise\u00f1os de las boletas que el electorado de todo el\u2026","rel":"","context":"En \u00abPol\u00edtica\u00bb","block_context":{"text":"Pol\u00edtica","link":"http:\/\/www.24baires.com\/?cat=51"},"img":{"alt_text":"","src":"https:\/\/i0.wp.com\/www.24baires.com\/wp-content\/uploads\/2019\/07\/boletas-paso.jpg?resize=350%2C200","width":350,"height":200,"srcset":"https:\/\/i0.wp.com\/www.24baires.com\/wp-content\/uploads\/2019\/07\/boletas-paso.jpg?resize=350%2C200 1x, https:\/\/i0.wp.com\/www.24baires.com\/wp-content\/uploads\/2019\/07\/boletas-paso.jpg?resize=525%2C300 1.5x"},"classes":[]}],"jetpack_sharing_enabled":true,"jetpack_likes_enabled":true,"jetpack_featured_media_url":"","_links":{"self":[{"href":"http:\/\/www.24baires.com\/index.php?rest_route=\/wp\/v2\/posts\/64227","targetHints":{"allow":["GET"]}}],"collection":[{"href":"http:\/\/www.24baires.com\/index.php?rest_route=\/wp\/v2\/posts"}],"about":[{"href":"http:\/\/www.24baires.com\/index.php?rest_route=\/wp\/v2\/types\/post"}],"author":[{"embeddable":true,"href":"http:\/\/www.24baires.com\/index.php?rest_route=\/wp\/v2\/users\/8"}],"replies":[{"embeddable":true,"href":"http:\/\/www.24baires.com\/index.php?rest_route=%2Fwp%2Fv2%2Fcomments&post=64227"}],"version-history":[{"count":1,"href":"http:\/\/www.24baires.com\/index.php?rest_route=\/wp\/v2\/posts\/64227\/revisions"}],"predecessor-version":[{"id":64228,"href":"http:\/\/www.24baires.com\/index.php?rest_route=\/wp\/v2\/posts\/64227\/revisions\/64228"}],"wp:attachment":[{"href":"http:\/\/www.24baires.com\/index.php?rest_route=%2Fwp%2Fv2%2Fmedia&parent=64227"}],"wp:term":[{"taxonomy":"category","embeddable":true,"href":"http:\/\/www.24baires.com\/index.php?rest_route=%2Fwp%2Fv2%2Fcategories&post=64227"},{"taxonomy":"post_tag","embeddable":true,"href":"http:\/\/www.24baires.com\/index.php?rest_route=%2Fwp%2Fv2%2Ftags&post=64227"}],"curies":[{"name":"wp","href":"https:\/\/api.w.org\/{rel}","templated":true}]}}