{"id":64225,"date":"2015-04-13T20:30:15","date_gmt":"2015-04-13T23:30:15","guid":{"rendered":"http:\/\/www.24baires.com\/?p=64225"},"modified":"2015-04-14T10:43:29","modified_gmt":"2015-04-14T13:43:29","slug":"la-imagen-positiva-de-cristina-crece-en-la-provincia-y-casi-alcanza-el-50-por-ciento","status":"publish","type":"post","link":"http:\/\/www.24baires.com\/?p=64225","title":{"rendered":"La imagen positiva de Cristina crece en la Provincia y casi alcanza el 50 por ciento"},"content":{"rendered":"<p><img data-recalc-dims=\"1\" loading=\"lazy\" decoding=\"async\" class=\"aligncenter size-full wp-image-63927\" src=\"https:\/\/i0.wp.com\/www.24baires.com\/wp-content\/uploads\/2015\/04\/cristina-selfie.jpg?resize=560%2C373\" alt=\"cristina selfie\" width=\"560\" height=\"373\" srcset=\"https:\/\/i0.wp.com\/www.24baires.com\/wp-content\/uploads\/2015\/04\/cristina-selfie.jpg?w=560 560w, https:\/\/i0.wp.com\/www.24baires.com\/wp-content\/uploads\/2015\/04\/cristina-selfie.jpg?resize=300%2C200 300w\" sizes=\"auto, (max-width: 560px) 100vw, 560px\" \/>El dato surge de la encuesta realizada por el CEOP. \u00abHoy la gente est\u00e1 metida en la campa\u00f1a y vuelve el oficialismo a tomar el centro de la escena\u00bb, dijo Roberto Bacman, titular de la consultora.<!--more--><\/p>\n<p>El titular de la encuestadora Centro de Estudios de Opini\u00f3n P\u00fablica (CEOP), Roberto Bacman, inform\u00f3 que la imagen positiva de la presidenta Cristina Fern\u00e1ndez de Kirchner viene creciendo desde principios del mes de marzo y destac\u00f3 que en el \u00faltimo tiempo tambi\u00e9n se puede ver un aumento en el llamado \u00abn\u00facleo duro\u00bb del kirchnerismo.<\/p>\n<p>\u201cLa imagen de Cristina viene creciendo y generando una reversi\u00f3n de la tendencia desde los primeros d\u00edas de marzo\u201d, asegur\u00f3 Bacman en declaraciones a Radio Nacional.<\/p>\n<p>\u201cHoy la gente est\u00e1 metida en la campa\u00f1a y vuelve el oficialismo a tomar el centro de la escena\u00bb, expres\u00f3 el titular del CEOP quien a su vez se\u00f1al\u00f3 que tras lo que fuera el impacto por el fallecimiento del fiscal Alberto Nisman hoy \u201cse vuelve a poner el eje en las cuestiones puramente econ\u00f3micas y la imagen de Cristina empez\u00f3 a subir\u201d.<\/p>\n<p>En este sentido, el consultor explic\u00f3 que la imagen \u201chab\u00eda bajado a 41 por ciento, subi\u00f3 a 43 despu\u00e9s a 44 y ahora cierra en torno al 46.3 por ciento a nivel nacional y con lugares como &#8211; por ejemplo &#8211; la provincia de Buenos Aires donde la imagen est\u00e1 cerca del 50 por ciento\u201d.<\/p>\n<p>En ese marco, destac\u00f3 \u201cno solamente ha crecido la imagen positiva de Cristina sino tambi\u00e9n su n\u00facleo duro\u201d.<\/p>\n<p>&nbsp;<\/p>\n<p>&nbsp;<\/p>\n<p>&nbsp;<\/p>\n<p>&nbsp;<\/p>\n<p>&nbsp;<\/p>\n<p>&nbsp;<\/p>\n","protected":false},"excerpt":{"rendered":"<p>El dato surge de la encuesta realizada por el CEOP. \u00abHoy la gente est\u00e1 metida en la campa\u00f1a y vuelve el oficialismo a tomar el centro de la escena\u00bb, dijo Roberto Bacman, titular de la consultora.<\/p>\n","protected":false},"author":8,"featured_media":0,"comment_status":"open","ping_status":"open","sticky":false,"template":"","format":"standard","meta":{"_jetpack_newsletter_access":"","_jetpack_dont_email_post_to_subs":false,"_jetpack_newsletter_tier_id":0,"_jetpack_memberships_contains_paywalled_content":false,"_jetpack_memberships_contains_paid_content":false,"footnotes":""},"categories":[51],"tags":[],"class_list":["post-64225","post","type-post","status-publish","format-standard","hentry","category-politica"],"jetpack_shortlink":"https:\/\/wp.me\/p2JWE0-gHT","jetpack-related-posts":[{"id":51073,"url":"http:\/\/www.24baires.com\/?p=51073","url_meta":{"origin":64225,"position":0},"title":"Seg\u00fan datos de una encuesta, la imagen positiva de Cristina supera el 54%","author":"GB","date":"03\/08\/2014","format":false,"excerpt":"La encuesta confirma la tendencia que ya lleva dos meses y que se increment\u00f3 durante julio, a ra\u00edz del conflicto con los fondos buitre. Fue realizada por el Centro de Estudios de Opini\u00f3n P\u00fablica. La imagen positiva de la presidenta Cristina Fern\u00e1ndez de Kirchner super\u00f3 el 54 por ciento en\u2026","rel":"","context":"En \u00abElecciones 2015\u00bb","block_context":{"text":"Elecciones 2015","link":"http:\/\/www.24baires.com\/?cat=74"},"img":{"alt_text":"cristina rating 2","src":"https:\/\/i0.wp.com\/www.24baires.com\/wp-content\/uploads\/2014\/06\/cristina-rating-2.jpg?resize=350%2C200","width":350,"height":200,"srcset":"https:\/\/i0.wp.com\/www.24baires.com\/wp-content\/uploads\/2014\/06\/cristina-rating-2.jpg?resize=350%2C200 1x, https:\/\/i0.wp.com\/www.24baires.com\/wp-content\/uploads\/2014\/06\/cristina-rating-2.jpg?resize=525%2C300 1.5x"},"classes":[]},{"id":57203,"url":"http:\/\/www.24baires.com\/?p=57203","url_meta":{"origin":64225,"position":1},"title":"Cristina Kirchner alcanza el 49% de imagen positiva","author":"GB","date":"16\/11\/2014","format":false,"excerpt":"Adem\u00e1s, un 54% de los consultados considera satisfactoriamente los 11 a\u00f1os de gobiernos kirchneristas, seg\u00fan un estudio realizado por el Centro de Estudios de Opini\u00f3n P\u00fablica (CEOP). Las conclusiones surgen de una encuesta realizada por el CEOP a nivel nacional y publicadas hoy por P\u00e1gina 12, con entrevistas a 1.085\u2026","rel":"","context":"En \u00abPol\u00edtica\u00bb","block_context":{"text":"Pol\u00edtica","link":"http:\/\/www.24baires.com\/?cat=51"},"img":{"alt_text":"cristina3","src":"https:\/\/i0.wp.com\/www.24baires.com\/wp-content\/uploads\/2014\/08\/cristina3.jpg?resize=350%2C200","width":350,"height":200,"srcset":"https:\/\/i0.wp.com\/www.24baires.com\/wp-content\/uploads\/2014\/08\/cristina3.jpg?resize=350%2C200 1x, https:\/\/i0.wp.com\/www.24baires.com\/wp-content\/uploads\/2014\/08\/cristina3.jpg?resize=525%2C300 1.5x"},"classes":[]},{"id":3503,"url":"http:\/\/www.24baires.com\/?p=3503","url_meta":{"origin":64225,"position":2},"title":"Una encuesta asegura que hoy Cristina volver\u00eda a ganar por amplio margen","author":"AF","date":"28\/10\/2012","format":false,"excerpt":"A un a\u00f1o de su victoria electoral con el 54 por ciento de los votos, la presidenta ser\u00eda otra vez aclamada en las urnas, muy lejos de la oposici\u00f3n, seg\u00fan una encuesta realizada por el Centro de Estudios de Opini\u00f3n P\u00fablica (CEOP), que conduce el soci\u00f3logo Roberto Bacman. La presidenta\u2026","rel":"","context":"En \u00abPol\u00edtica\u00bb","block_context":{"text":"Pol\u00edtica","link":"http:\/\/www.24baires.com\/?cat=51"},"img":{"alt_text":"","src":"https:\/\/i0.wp.com\/www.24baires.com\/wp-content\/uploads\/2012\/10\/cris.jpg?resize=350%2C200","width":350,"height":200,"srcset":"https:\/\/i0.wp.com\/www.24baires.com\/wp-content\/uploads\/2012\/10\/cris.jpg?resize=350%2C200 1x, https:\/\/i0.wp.com\/www.24baires.com\/wp-content\/uploads\/2012\/10\/cris.jpg?resize=525%2C300 1.5x"},"classes":[]},{"id":84786,"url":"http:\/\/www.24baires.com\/?p=84786","url_meta":{"origin":64225,"position":3},"title":"Advierten que el 70% de los argentinos tuvieron que recortar gastos para llegar a fin de mes","author":"GB","date":"10\/07\/2016","format":false,"excerpt":"Siete de cada diez argentinos tuvieron que recortar gastos y el 60 por ciento piensa que el presidente Mauricio Macri gobierna para los ricos, seg\u00fan una encuesta de la consultora Centro de Estudios de Opini\u00f3n P\u00fablica (CEOP), que lidera el soci\u00f3logo Roberto Bacman. La encuesta, publicada por el diario P\u00e1gina\/12,\u2026","rel":"","context":"En \u00abConsumidores\u00bb","block_context":{"text":"Consumidores","link":"http:\/\/www.24baires.com\/?cat=78"},"img":{"alt_text":"Compras","src":"https:\/\/i0.wp.com\/www.24baires.com\/wp-content\/uploads\/2014\/01\/Compras.jpg?resize=350%2C200","width":350,"height":200,"srcset":"https:\/\/i0.wp.com\/www.24baires.com\/wp-content\/uploads\/2014\/01\/Compras.jpg?resize=350%2C200 1x, https:\/\/i0.wp.com\/www.24baires.com\/wp-content\/uploads\/2014\/01\/Compras.jpg?resize=525%2C300 1.5x"},"classes":[]},{"id":68964,"url":"http:\/\/www.24baires.com\/?p=68964","url_meta":{"origin":64225,"position":4},"title":"Sondeos adelantan una clara ventaja de la f\u00f3rmula Scioli-Zannini en la Provincia","author":"AF","date":"12\/07\/2015","format":false,"excerpt":"El sondeo se realiz\u00f3 en la provincia de Buenos Aires y le da el 45,2 por ciento de las voluntades por sobre la dupla Macri-Michetti. Una encuesta del Centro de Estudios de Opini\u00f3n P\u00fablica (CEOP) revela que a menos de un mes de las elecciones PASO presidenciales, la f\u00f3rmula Daniel\u2026","rel":"","context":"En \u00abElecciones 2015\u00bb","block_context":{"text":"Elecciones 2015","link":"http:\/\/www.24baires.com\/?cat=74"},"img":{"alt_text":"scioli zannini","src":"https:\/\/i0.wp.com\/www.24baires.com\/wp-content\/uploads\/2015\/07\/scioli-zannini.jpg?resize=350%2C200","width":350,"height":200},"classes":[]},{"id":59610,"url":"http:\/\/www.24baires.com\/?p=59610","url_meta":{"origin":64225,"position":5},"title":"\u201cEl Frente para la Victoria-PJ puede ganar en primera vuelta\u00bb estim\u00f3 el titular del CEOP","author":"Grupo Sierra","date":"05\/01\/2015","format":false,"excerpt":"El titular del Centro de Estudios de Opini\u00f3n P\u00fablica (CEOP), Roberto Bacman, asegur\u00f3 hoy que \u201cel Frente para la Victoria-PJ puede ganar en primera vuelta\" y a\u00f1adi\u00f3 que \"el gobierno gana puntos porque tiene coherencia, cosa que la oposici\u00f3n no tiene\u201d. En declaraciones formuladas a Radio Provincia, analiz\u00f3 que el\u2026","rel":"","context":"En \u00abElecciones 2015\u00bb","block_context":{"text":"Elecciones 2015","link":"http:\/\/www.24baires.com\/?cat=74"},"img":{"alt_text":"","src":"","width":0,"height":0},"classes":[]}],"jetpack_sharing_enabled":true,"jetpack_likes_enabled":true,"jetpack_featured_media_url":"","_links":{"self":[{"href":"http:\/\/www.24baires.com\/index.php?rest_route=\/wp\/v2\/posts\/64225","targetHints":{"allow":["GET"]}}],"collection":[{"href":"http:\/\/www.24baires.com\/index.php?rest_route=\/wp\/v2\/posts"}],"about":[{"href":"http:\/\/www.24baires.com\/index.php?rest_route=\/wp\/v2\/types\/post"}],"author":[{"embeddable":true,"href":"http:\/\/www.24baires.com\/index.php?rest_route=\/wp\/v2\/users\/8"}],"replies":[{"embeddable":true,"href":"http:\/\/www.24baires.com\/index.php?rest_route=%2Fwp%2Fv2%2Fcomments&post=64225"}],"version-history":[{"count":1,"href":"http:\/\/www.24baires.com\/index.php?rest_route=\/wp\/v2\/posts\/64225\/revisions"}],"predecessor-version":[{"id":64226,"href":"http:\/\/www.24baires.com\/index.php?rest_route=\/wp\/v2\/posts\/64225\/revisions\/64226"}],"wp:attachment":[{"href":"http:\/\/www.24baires.com\/index.php?rest_route=%2Fwp%2Fv2%2Fmedia&parent=64225"}],"wp:term":[{"taxonomy":"category","embeddable":true,"href":"http:\/\/www.24baires.com\/index.php?rest_route=%2Fwp%2Fv2%2Fcategories&post=64225"},{"taxonomy":"post_tag","embeddable":true,"href":"http:\/\/www.24baires.com\/index.php?rest_route=%2Fwp%2Fv2%2Ftags&post=64225"}],"curies":[{"name":"wp","href":"https:\/\/api.w.org\/{rel}","templated":true}]}}