{"id":64204,"date":"2015-04-13T16:24:31","date_gmt":"2015-04-13T19:24:31","guid":{"rendered":"http:\/\/www.24baires.com\/?p=64204"},"modified":"2015-04-13T16:25:21","modified_gmt":"2015-04-13T19:25:21","slug":"cristina-se-reunira-con-formula-ganadora-de-las-paso-en-salta","status":"publish","type":"post","link":"http:\/\/www.24baires.com\/?p=64204","title":{"rendered":"Cristina se reunir\u00e1 con la f\u00f3rmula ganadora de las PASO en Salta"},"content":{"rendered":"<p><img data-recalc-dims=\"1\" loading=\"lazy\" decoding=\"async\" class=\"aligncenter wp-image-64205\" src=\"https:\/\/i0.wp.com\/www.24baires.com\/wp-content\/uploads\/2015\/04\/cristina-uturbey.jpg?resize=560%2C372\" alt=\"cristina uturbey\" width=\"560\" height=\"372\" srcset=\"https:\/\/i0.wp.com\/www.24baires.com\/wp-content\/uploads\/2015\/04\/cristina-uturbey.jpg?w=510 510w, https:\/\/i0.wp.com\/www.24baires.com\/wp-content\/uploads\/2015\/04\/cristina-uturbey.jpg?resize=300%2C199 300w\" sizes=\"auto, (max-width: 560px) 100vw, 560px\" \/>La Presidenta se reunir\u00e1 en Olivos a las 18.30 al gobernador Juan Manuel Urtubey y a Miguel Isa, quienes ayer se impusieron ampliamente en las elecciones primarias celebradas en la provincia. <!--more--><\/p>\n<p>La Presidenta se reunir\u00e1 en Olivos a las 18.30 al gobernador Juan Manuel Urtubey y a Miguel Isa, quienes ayer se impusieron ampliamente en las elecciones primarias celebradas en la provincia.<\/p>\n<p>&nbsp;<\/p>\n<p>&nbsp;<\/p>\n<p>&nbsp;<\/p>\n<p>&nbsp;<\/p>\n<p>&nbsp;<\/p>\n<p>&nbsp;<\/p>\n<p>&nbsp;<\/p>\n<p>&nbsp;<\/p>\n<p>&nbsp;<\/p>\n<p>&nbsp;<\/p>\n<p>&nbsp;<\/p>\n","protected":false},"excerpt":{"rendered":"<p>La Presidenta se reunir\u00e1 en Olivos a las 18.30 al gobernador Juan Manuel Urtubey y a Miguel Isa, quienes ayer se impusieron ampliamente en las elecciones primarias celebradas en la provincia.<\/p>\n","protected":false},"author":8,"featured_media":0,"comment_status":"open","ping_status":"open","sticky":false,"template":"","format":"standard","meta":{"_jetpack_newsletter_access":"","_jetpack_dont_email_post_to_subs":false,"_jetpack_newsletter_tier_id":0,"_jetpack_memberships_contains_paywalled_content":false,"_jetpack_memberships_contains_paid_content":false,"footnotes":""},"categories":[51],"tags":[],"class_list":["post-64204","post","type-post","status-publish","format-standard","hentry","category-politica"],"jetpack_shortlink":"https:\/\/wp.me\/p2JWE0-gHy","jetpack-related-posts":[{"id":64158,"url":"http:\/\/www.24baires.com\/?p=64158","url_meta":{"origin":64204,"position":0},"title":"Urtubey con el FpV se impuso en Salta por m\u00e1s del 47% de los votos","author":"Grupo Sierra","date":"12\/04\/2015","format":false,"excerpt":"Juan Manuel Urtubey, el candidato del oficialismo, se impone con un contundentes 47,40 % de los votos sobre Romero , el candidato que apoyaron Mauricio Macri y Sergio Massa, que obtiene 33, 23%. Los datos se pueden ver en la p\u00e1gina de Tribunal Electoral de la Provincia. De esta forma,\u2026","rel":"","context":"En \u00abElecciones 2015\u00bb","block_context":{"text":"Elecciones 2015","link":"http:\/\/www.24baires.com\/?cat=74"},"img":{"alt_text":"","src":"https:\/\/i0.wp.com\/www.24baires.com\/wp-content\/uploads\/2015\/04\/urtuybey.jpg?resize=350%2C200","width":350,"height":200,"srcset":"https:\/\/i0.wp.com\/www.24baires.com\/wp-content\/uploads\/2015\/04\/urtuybey.jpg?resize=350%2C200 1x, https:\/\/i0.wp.com\/www.24baires.com\/wp-content\/uploads\/2015\/04\/urtuybey.jpg?resize=525%2C300 1.5x"},"classes":[]},{"id":66065,"url":"http:\/\/www.24baires.com\/?p=66065","url_meta":{"origin":64204,"position":1},"title":"\u00abEste es un triunfo del proyecto que inici\u00f3 N\u00e9stor Kirchner y que lidera hoy Cristina\u00bb","author":"GB","date":"17\/05\/2015","format":false,"excerpt":"El gobernador de Salta y candidato del Frente Justicialista Renovador para la Victoria, Juan Manuel Urtubey, asegur\u00f3 luego de ganar las elecciones provinciales para acceder a su tercer mandato, que caminar\u00e1 la Argentina \"para profundizar el proyecto con el que N\u00e9stor y Cristina pusieron de pie al pa\u00eds\". \"Quiero que\u2026","rel":"","context":"En \u00abElecciones 2015\u00bb","block_context":{"text":"Elecciones 2015","link":"http:\/\/www.24baires.com\/?cat=74"},"img":{"alt_text":"","src":"https:\/\/i0.wp.com\/www.24baires.com\/wp-content\/uploads\/2015\/05\/uturbey.jpg?resize=350%2C200","width":350,"height":200,"srcset":"https:\/\/i0.wp.com\/www.24baires.com\/wp-content\/uploads\/2015\/05\/uturbey.jpg?resize=350%2C200 1x, https:\/\/i0.wp.com\/www.24baires.com\/wp-content\/uploads\/2015\/05\/uturbey.jpg?resize=525%2C300 1.5x"},"classes":[]},{"id":64167,"url":"http:\/\/www.24baires.com\/?p=64167","url_meta":{"origin":64204,"position":2},"title":"\u00abEl triunfo de Urtubey es un apoyo importante para las pol\u00edticas del Gobierno Nacional\u201d","author":"Grupo Sierra","date":"12\/04\/2015","format":false,"excerpt":"SALTA.- El ministro de Interior y Transporte, Florencio Randazzo, consider\u00f3 que el triunfo del gobernador Juan Manuel Urtubey en las PASO de Salta constituye \u201cun apoyo importante para las pol\u00edticas del Gobierno nacional\u201d. \u201cEstamos frente a un triunfo contundente de Urtubey, por m\u00e1s de 15 puntos. Creo que es un\u2026","rel":"","context":"En \u00abElecciones 2015\u00bb","block_context":{"text":"Elecciones 2015","link":"http:\/\/www.24baires.com\/?cat=74"},"img":{"alt_text":"","src":"","width":0,"height":0},"classes":[]},{"id":65576,"url":"http:\/\/www.24baires.com\/?p=65576","url_meta":{"origin":64204,"position":3},"title":"El PJ autoriz\u00f3 la conformaci\u00f3n de frentes para las pr\u00f3ximas elecciones","author":"AF","date":"08\/05\/2015","format":false,"excerpt":"La integraci\u00f3n de frentes de cara a las primarias nacionales del 9 de agosto y las generales del 25 de octubre fue aprobada por unanimidad y la moci\u00f3n fue solicitada por el gobernador de Salta, Juan Manuel Urtubey. El Congreso nacional del PJ autoriz\u00f3 por unanimidad este mediod\u00eda la integraci\u00f3n\u2026","rel":"","context":"En \u00abElecciones 2015\u00bb","block_context":{"text":"Elecciones 2015","link":"http:\/\/www.24baires.com\/?cat=74"},"img":{"alt_text":"pj nacional","src":"https:\/\/i0.wp.com\/www.24baires.com\/wp-content\/uploads\/2015\/05\/pj-nacional-300x200.jpg?resize=350%2C200","width":350,"height":200},"classes":[]},{"id":66053,"url":"http:\/\/www.24baires.com\/?p=66053","url_meta":{"origin":64204,"position":4},"title":"Salta elige gobernador en plena normalidad","author":"GB","date":"17\/05\/2015","format":false,"excerpt":"Lo inform\u00f3 el ministro de Gobierno provincial, Juan Pablo Rodr\u00edguez. Se elige gobernador y vicegobernador, diputados y senadores provinciales, intendentes y concejales, a trav\u00e9s de la boleta electr\u00f3nica. Rodr\u00edguez asegur\u00f3 que las elecciones generales en Salta, a dos horas de abiertos los comicios, se desarrollan de manera absolutamente normal y\u2026","rel":"","context":"En \u00abElecciones 2015\u00bb","block_context":{"text":"Elecciones 2015","link":"http:\/\/www.24baires.com\/?cat=74"},"img":{"alt_text":"elecciones 2013","src":"https:\/\/i0.wp.com\/www.24baires.com\/wp-content\/uploads\/2013\/10\/elecciones-2013.jpg?resize=350%2C200","width":350,"height":200,"srcset":"https:\/\/i0.wp.com\/www.24baires.com\/wp-content\/uploads\/2013\/10\/elecciones-2013.jpg?resize=350%2C200 1x, https:\/\/i0.wp.com\/www.24baires.com\/wp-content\/uploads\/2013\/10\/elecciones-2013.jpg?resize=525%2C300 1.5x"},"classes":[]},{"id":108441,"url":"http:\/\/www.24baires.com\/?p=108441","url_meta":{"origin":64204,"position":5},"title":"Massa, Pichetto y Urtubey acordaron ir a las PASO para elegir al candidato de Alternativa Federal","author":"GB","date":"28\/05\/2019","format":false,"excerpt":"Lo acordaron hoy, durante una cumbre celebrada en C\u00f3rdoba junto al gobernador Schiaretti. Roberto Lavagna se mantiene al margen de la compulsa. Finalmente, Alternativa Federal resolver\u00e1 sus diferencias mediante una PASO. Sergio Massa, Juan Manuel Urtubey y Miguel \u00c1ngel Pichetto son los principales candidatos, aunque enviaron un mensaje para que\u2026","rel":"","context":"En \u00abPol\u00edtica\u00bb","block_context":{"text":"Pol\u00edtica","link":"http:\/\/www.24baires.com\/?cat=51"},"img":{"alt_text":"","src":"https:\/\/i0.wp.com\/www.24baires.com\/wp-content\/uploads\/2019\/05\/alternativa-federal.jpg?resize=350%2C200","width":350,"height":200,"srcset":"https:\/\/i0.wp.com\/www.24baires.com\/wp-content\/uploads\/2019\/05\/alternativa-federal.jpg?resize=350%2C200 1x, https:\/\/i0.wp.com\/www.24baires.com\/wp-content\/uploads\/2019\/05\/alternativa-federal.jpg?resize=525%2C300 1.5x"},"classes":[]}],"jetpack_sharing_enabled":true,"jetpack_likes_enabled":true,"jetpack_featured_media_url":"","_links":{"self":[{"href":"http:\/\/www.24baires.com\/index.php?rest_route=\/wp\/v2\/posts\/64204","targetHints":{"allow":["GET"]}}],"collection":[{"href":"http:\/\/www.24baires.com\/index.php?rest_route=\/wp\/v2\/posts"}],"about":[{"href":"http:\/\/www.24baires.com\/index.php?rest_route=\/wp\/v2\/types\/post"}],"author":[{"embeddable":true,"href":"http:\/\/www.24baires.com\/index.php?rest_route=\/wp\/v2\/users\/8"}],"replies":[{"embeddable":true,"href":"http:\/\/www.24baires.com\/index.php?rest_route=%2Fwp%2Fv2%2Fcomments&post=64204"}],"version-history":[{"count":3,"href":"http:\/\/www.24baires.com\/index.php?rest_route=\/wp\/v2\/posts\/64204\/revisions"}],"predecessor-version":[{"id":64208,"href":"http:\/\/www.24baires.com\/index.php?rest_route=\/wp\/v2\/posts\/64204\/revisions\/64208"}],"wp:attachment":[{"href":"http:\/\/www.24baires.com\/index.php?rest_route=%2Fwp%2Fv2%2Fmedia&parent=64204"}],"wp:term":[{"taxonomy":"category","embeddable":true,"href":"http:\/\/www.24baires.com\/index.php?rest_route=%2Fwp%2Fv2%2Fcategories&post=64204"},{"taxonomy":"post_tag","embeddable":true,"href":"http:\/\/www.24baires.com\/index.php?rest_route=%2Fwp%2Fv2%2Ftags&post=64204"}],"curies":[{"name":"wp","href":"https:\/\/api.w.org\/{rel}","templated":true}]}}