{"id":64185,"date":"2015-04-13T11:30:53","date_gmt":"2015-04-13T14:30:53","guid":{"rendered":"http:\/\/www.24baires.com\/?p=64185"},"modified":"2015-04-13T10:56:43","modified_gmt":"2015-04-13T13:56:43","slug":"anibal-descarto-nuevamente-la-posibilidad-de-ampliar-la-corte","status":"publish","type":"post","link":"http:\/\/www.24baires.com\/?p=64185","title":{"rendered":"An\u00edbal descart\u00f3 nuevamente la posibilidad de ampliar la Corte"},"content":{"rendered":"<p><img data-recalc-dims=\"1\" loading=\"lazy\" decoding=\"async\" class=\"aligncenter size-full wp-image-63981\" src=\"https:\/\/i0.wp.com\/www.24baires.com\/wp-content\/uploads\/2015\/04\/anibal-conferencia.jpg?resize=560%2C379\" alt=\"anibal conferencia\" width=\"560\" height=\"379\" srcset=\"https:\/\/i0.wp.com\/www.24baires.com\/wp-content\/uploads\/2015\/04\/anibal-conferencia.jpg?w=560 560w, https:\/\/i0.wp.com\/www.24baires.com\/wp-content\/uploads\/2015\/04\/anibal-conferencia.jpg?resize=300%2C203 300w\" sizes=\"auto, (max-width: 560px) 100vw, 560px\" \/><\/p>\n<p>El jefe de Gabinete asegur\u00f3 que desde el Poder Ejecutivo \u00abno hay ning\u00fan proyecto\u00bb, al ser consultado por la prensa sobre las versiones sobre una iniciativa para ampliar a nueve el n\u00famero de miembros del m\u00e1ximo tribunal.<!--more--><\/p>\n<p>El jefe de Gabinete, An\u00edbal Fern\u00e1ndez, dijo hoy que \u00abno hay ning\u00fan proyecto\u00bb para ampliar el n\u00famero de miembros de la Corte Suprema de Justicia de la Naci\u00f3n, por lo que hay que \u00abdescartar a prima facie\u00bb esa posibilidad.<\/p>\n<p>\u201cTenemos que descartar a prima facie es posibilidad porque no hay ning\u00fan proyecto de ampliar la Corte que yo conozca, ni tampoco he escuchado ninguna conversaci\u00f3n al respecto, pero el derecho de poder hacerlo sigue estando permanentemente en la Constituci\u00f3n Nacional\u201d, expres\u00f3.<\/p>\n<p>Fern\u00e1ndez, en su habitual conferencia de prensa matutina al arribar a la Casa de Gobierno, se\u00f1al\u00f3 por otra parte que \u201cnosotros no hemos hablado del tema\u201d de la posibilidad que el Gobierno retire la propuesta de que el jurista Roberto Carl\u00e9s integre la Corte, y \u201cno s\u00e9 qui\u00e9n es el que lo habla\u201d.<\/p>\n<p>Record\u00f3 que el a\u00f1o pasado, cuando a\u00fan era senador nacional, \u201cle hice llegar a la Presidenta de la Naci\u00f3n mi visi\u00f3n al respecto, que era imperioso no s\u00f3lo ampliarla, sino dividirla en salas, porque debiera haber una sala penal\u201d, aunque aclar\u00f3 que eso \u201cfue una opini\u00f3n personal\u201d.<\/p>\n<p>Fundament\u00f3 la posici\u00f3n en que \u201chay casos puntuales que han acontecido en las provincias, y que vienen como causa originaria a la Corte, y all\u00ed no se estar\u00eda conformando como un juez natural para llevar adelante o entender en esa causa, por ejemplo Marita Ver\u00f3n, un caso muy sonado y todos lo conocemos desgraciadamente por el dolor que ha provocado\u00bb<\/p>\n<p>Consultado sobre las declaraciones del titular del m\u00e1ximo tribunal, Ricardo Lorenzetti, quien hab\u00eda expresado que \u201ccambiar la Corte desprestigia al presidente\u201d, consider\u00f3 que \u201ces un an\u00e1lisis hist\u00f3rico del doctor Lorenzetti que tiene todo el derecho del mundo a hacerlo\u201d.<\/p>\n<p>\u201cSi comenzamos a hacer un an\u00e1lisis desde 1853 a la fecha ha habido varios intentos y modificaciones\u201d, dijo Fern\u00e1ndez, quien reiter\u00f3 que en ning\u00fan momento yo he escuchado a nadie decir que hubiera necesidad de modificar la Corte o cosa por el estilo\u201d.<\/p>\n<p>Se\u00f1al\u00f3 el jefe de Gabinete que con respecto al n\u00famero de integrantes de la Corte, \u201cde los que est\u00e1n, son cuatro, y de los cuatro, el doctor (Carlos) Fayt pr\u00e1cticamente no tiene actividad\u201d.<\/p>\n<p>\u201cLa Corte tiene 10 causas muy importantes, que suelen estar en las tapas de los diarios, y otras 2.000 causas m\u00e1s, que el doctor Fayt, con 97 a\u00f1os, no est\u00e1 en condiciones f\u00edsicas, y no s\u00e9 si las estar\u00e1 mentales, con todo el respeto que me merece porque ha sido un excelente ministro de la Corte, para ver semejante nivel de trabajo\u201d, dijo.<\/p>\n<p>Este trabajo \u201crequiere de mucha dedicaci\u00f3n y de mucha lectura para conocer cada uno de los expedientes, cosa que hay que mirar con mucha prudencia\u201d, puntualiz\u00f3 el jefe de Gabinete.<\/p>\n<p>Actualmente hay \u201ccuatro miembros de los cuales uno pr\u00e1cticamente no est\u00e1 en condiciones de llevar adelante su trabajo\u201d, lo cual genera \u201cuna situaci\u00f3n inc\u00f3moda y la pol\u00edtica est\u00e1 generando a\u00fan m\u00e1s incomodidad\u201d.<\/p>\n","protected":false},"excerpt":{"rendered":"<p>El jefe de Gabinete asegur\u00f3 que desde el Poder Ejecutivo \u00abno hay ning\u00fan proyecto\u00bb, al ser consultado por la prensa sobre las versiones sobre una iniciativa para ampliar a nueve el n\u00famero de miembros del m\u00e1ximo tribunal.<\/p>\n","protected":false},"author":11,"featured_media":0,"comment_status":"open","ping_status":"open","sticky":false,"template":"","format":"standard","meta":{"_jetpack_newsletter_access":"","_jetpack_dont_email_post_to_subs":false,"_jetpack_newsletter_tier_id":0,"_jetpack_memberships_contains_paywalled_content":false,"_jetpack_memberships_contains_paid_content":false,"footnotes":""},"categories":[51],"tags":[],"class_list":["post-64185","post","type-post","status-publish","format-standard","hentry","category-politica"],"jetpack_shortlink":"https:\/\/wp.me\/p2JWE0-gHf","jetpack-related-posts":[{"id":67988,"url":"http:\/\/www.24baires.com\/?p=67988","url_meta":{"origin":64185,"position":0},"title":"An\u00edbal Fern\u00e1ndez advirti\u00f3 a las empresas de energ\u00eda sobre posibles cortes","author":"AF","date":"23\/06\/2015","format":false,"excerpt":"El jefe de Gabinete sostuvo hoy que las empresas que brindan el servicio \u201cvan a tener que poner las barbas en remojo y encontrar una alternativa para resolver la problem\u00e1tica de los cortes porque nadie debiera quedarse sin el servicio de luz\u201d. A\u00f1adi\u00f3 que \u201choy en d\u00eda es de un\u2026","rel":"","context":"En \u00abSociedad\u00bb","block_context":{"text":"Sociedad","link":"http:\/\/www.24baires.com\/?cat=1"},"img":{"alt_text":"anibal conferencia","src":"https:\/\/i0.wp.com\/www.24baires.com\/wp-content\/uploads\/2015\/04\/anibal-conferencia.jpg?resize=350%2C200","width":350,"height":200,"srcset":"https:\/\/i0.wp.com\/www.24baires.com\/wp-content\/uploads\/2015\/04\/anibal-conferencia.jpg?resize=350%2C200 1x, https:\/\/i0.wp.com\/www.24baires.com\/wp-content\/uploads\/2015\/04\/anibal-conferencia.jpg?resize=525%2C300 1.5x"},"classes":[]},{"id":119377,"url":"http:\/\/www.24baires.com\/?p=119377","url_meta":{"origin":64185,"position":1},"title":"El Senado debate la ampliaci\u00f3n de la Corte Suprema de Justicia","author":"AF","date":"22\/09\/2022","format":false,"excerpt":"El oficialismo buscar\u00e1 aprobar, sin el apoyo de la oposici\u00f3n, el proyecto de ley para elevar a 25 el n\u00famero de los integrantes del m\u00e1ximo tribunal. En las \u00faltimas horas surgi\u00f3 la posibilidad de reducir el n\u00famero a 15, a pedido de algunos legisladores aliados del Frente de Todos. La\u2026","rel":"","context":"En \u00abPol\u00edtica\u00bb","block_context":{"text":"Pol\u00edtica","link":"http:\/\/www.24baires.com\/?cat=51"},"img":{"alt_text":"","src":"https:\/\/i0.wp.com\/www.24baires.com\/wp-content\/uploads\/2022\/09\/senado.jpg?resize=350%2C200","width":350,"height":200,"srcset":"https:\/\/i0.wp.com\/www.24baires.com\/wp-content\/uploads\/2022\/09\/senado.jpg?resize=350%2C200 1x, https:\/\/i0.wp.com\/www.24baires.com\/wp-content\/uploads\/2022\/09\/senado.jpg?resize=525%2C300 1.5x, https:\/\/i0.wp.com\/www.24baires.com\/wp-content\/uploads\/2022\/09\/senado.jpg?resize=700%2C400 2x"},"classes":[]},{"id":65656,"url":"http:\/\/www.24baires.com\/?p=65656","url_meta":{"origin":64185,"position":2},"title":"\u00abSi Lorenzetti quiere ser presidente, que compita a trav\u00e9s de un partido\u00bb","author":"AF","date":"10\/05\/2015","format":false,"excerpt":"El jefe de Gabinete de Ministros, An\u00edbal Fern\u00e1ndez, asegur\u00f3 que las recientes expresiones vertidas por el presidente de la Corte Suprema, Ricardo Lorenzetti, \u201cson pol\u00edticas\u201d y desafi\u00f3 al magistrado a que \u201csi quiere ser presidente, que compita a trav\u00e9s de un partido como lo dicta la Constituci\u00f3n\u201d. An\u00edbal Fern\u00e1ndez ponder\u00f3\u2026","rel":"","context":"En \u00abElecciones 2015\u00bb","block_context":{"text":"Elecciones 2015","link":"http:\/\/www.24baires.com\/?cat=74"},"img":{"alt_text":"lorenzetti2","src":"https:\/\/i0.wp.com\/www.24baires.com\/wp-content\/uploads\/2015\/03\/lorenzetti2.jpg?resize=350%2C200","width":350,"height":200,"srcset":"https:\/\/i0.wp.com\/www.24baires.com\/wp-content\/uploads\/2015\/03\/lorenzetti2.jpg?resize=350%2C200 1x, https:\/\/i0.wp.com\/www.24baires.com\/wp-content\/uploads\/2015\/03\/lorenzetti2.jpg?resize=525%2C300 1.5x"},"classes":[]},{"id":100184,"url":"http:\/\/www.24baires.com\/?p=100184","url_meta":{"origin":64185,"position":3},"title":"Tras la pol\u00e9mica, el Gobierno bonaerense asegur\u00f3 que la reforma en el IPS \u201cno existe\u201d","author":"GB","date":"26\/01\/2018","format":false,"excerpt":"Lo indic\u00f3 el jefe de Gabinete bonaerense, quien desech\u00f3 la posibilidad de una reforma previsional. Asegur\u00f3 que ni siquiera estuvo la intenci\u00f3n de avanzar en ese sentido. Federico Salvai habl\u00f3 sobre la reforma del IPS y asegur\u00f3 que \u201cno hubo ni hay ninguna intenci\u00f3n de parte del Gobierno de discutir\u2026","rel":"","context":"En \u00abProvincia\u00bb","block_context":{"text":"Provincia","link":"http:\/\/www.24baires.com\/?cat=40"},"img":{"alt_text":"","src":"","width":0,"height":0},"classes":[]},{"id":63090,"url":"http:\/\/www.24baires.com\/?p=63090","url_meta":{"origin":64185,"position":4},"title":"Fern\u00e1ndez sobre AMIA: \u00abSe podr\u00e1 analizar cada segundo de lo que se hizo en ese caso\u00bb","author":"GB","date":"13\/03\/2015","format":false,"excerpt":"El jefe de Gabinete se refiri\u00f3 al decreto publicado hoy en el Bolet\u00edn Oficial, que oficializa la apertura de la documentaci\u00f3n correspondiente a la causa que investiga el atentado contra la Amia. El jefe de Gabinete, An\u00edbal Fern\u00e1ndez, asegur\u00f3 hoy que, con la apertura de la documentaci\u00f3n correspondiente a la\u2026","rel":"","context":"En \u00abPol\u00edtica\u00bb","block_context":{"text":"Pol\u00edtica","link":"http:\/\/www.24baires.com\/?cat=51"},"img":{"alt_text":"anibal","src":"https:\/\/i0.wp.com\/www.24baires.com\/wp-content\/uploads\/2015\/01\/anibal.jpg?resize=350%2C200","width":350,"height":200,"srcset":"https:\/\/i0.wp.com\/www.24baires.com\/wp-content\/uploads\/2015\/01\/anibal.jpg?resize=350%2C200 1x, https:\/\/i0.wp.com\/www.24baires.com\/wp-content\/uploads\/2015\/01\/anibal.jpg?resize=525%2C300 1.5x"},"classes":[]},{"id":66077,"url":"http:\/\/www.24baires.com\/?p=66077","url_meta":{"origin":64185,"position":5},"title":"An\u00edbal descart\u00f3 una posible alianza entre Massa y Macri","author":"GB","date":"18\/05\/2015","format":false,"excerpt":"El jefe de Gabinete desestim\u00f3 un eventual acuerdo entre el l\u00edder del PRO y su par del Frente Renovador de cara a las PASO. \"No creo que nada de eso suceda\", sentenci\u00f3. \"No es un tema que me preocupe, lo que hace la oposici\u00f3n es un tema de ellos. Yo\u2026","rel":"","context":"En \u00abPol\u00edtica\u00bb","block_context":{"text":"Pol\u00edtica","link":"http:\/\/www.24baires.com\/?cat=51"},"img":{"alt_text":"anibal conferencia","src":"https:\/\/i0.wp.com\/www.24baires.com\/wp-content\/uploads\/2015\/04\/anibal-conferencia.jpg?resize=350%2C200","width":350,"height":200,"srcset":"https:\/\/i0.wp.com\/www.24baires.com\/wp-content\/uploads\/2015\/04\/anibal-conferencia.jpg?resize=350%2C200 1x, https:\/\/i0.wp.com\/www.24baires.com\/wp-content\/uploads\/2015\/04\/anibal-conferencia.jpg?resize=525%2C300 1.5x"},"classes":[]}],"jetpack_sharing_enabled":true,"jetpack_likes_enabled":true,"jetpack_featured_media_url":"","_links":{"self":[{"href":"http:\/\/www.24baires.com\/index.php?rest_route=\/wp\/v2\/posts\/64185","targetHints":{"allow":["GET"]}}],"collection":[{"href":"http:\/\/www.24baires.com\/index.php?rest_route=\/wp\/v2\/posts"}],"about":[{"href":"http:\/\/www.24baires.com\/index.php?rest_route=\/wp\/v2\/types\/post"}],"author":[{"embeddable":true,"href":"http:\/\/www.24baires.com\/index.php?rest_route=\/wp\/v2\/users\/11"}],"replies":[{"embeddable":true,"href":"http:\/\/www.24baires.com\/index.php?rest_route=%2Fwp%2Fv2%2Fcomments&post=64185"}],"version-history":[{"count":3,"href":"http:\/\/www.24baires.com\/index.php?rest_route=\/wp\/v2\/posts\/64185\/revisions"}],"predecessor-version":[{"id":64188,"href":"http:\/\/www.24baires.com\/index.php?rest_route=\/wp\/v2\/posts\/64185\/revisions\/64188"}],"wp:attachment":[{"href":"http:\/\/www.24baires.com\/index.php?rest_route=%2Fwp%2Fv2%2Fmedia&parent=64185"}],"wp:term":[{"taxonomy":"category","embeddable":true,"href":"http:\/\/www.24baires.com\/index.php?rest_route=%2Fwp%2Fv2%2Fcategories&post=64185"},{"taxonomy":"post_tag","embeddable":true,"href":"http:\/\/www.24baires.com\/index.php?rest_route=%2Fwp%2Fv2%2Ftags&post=64185"}],"curies":[{"name":"wp","href":"https:\/\/api.w.org\/{rel}","templated":true}]}}