{"id":64178,"date":"2015-04-13T09:45:16","date_gmt":"2015-04-13T12:45:16","guid":{"rendered":"http:\/\/www.24baires.com\/?p=64178"},"modified":"2015-04-13T09:12:03","modified_gmt":"2015-04-13T12:12:03","slug":"el-radical-leandro-santoro-se-incorpora-al-gobierno-como-funcionario","status":"publish","type":"post","link":"http:\/\/www.24baires.com\/?p=64178","title":{"rendered":"El radical Leandro Santoro se incorpora al gobierno como funcionario"},"content":{"rendered":"<p><img data-recalc-dims=\"1\" loading=\"lazy\" decoding=\"async\" class=\"aligncenter size-full wp-image-64179\" src=\"https:\/\/i0.wp.com\/www.24baires.com\/wp-content\/uploads\/2015\/04\/santoro.jpg?resize=560%2C420\" alt=\"santoro\" width=\"560\" height=\"420\" srcset=\"https:\/\/i0.wp.com\/www.24baires.com\/wp-content\/uploads\/2015\/04\/santoro.jpg?w=560 560w, https:\/\/i0.wp.com\/www.24baires.com\/wp-content\/uploads\/2015\/04\/santoro.jpg?resize=300%2C225 300w\" sizes=\"auto, (max-width: 560px) 100vw, 560px\" \/><\/p>\n<p>El l\u00edder de la agrupaci\u00f3n radical \u00abLos Irrompibles\u00bb fue nombrado como subsecretario para la Reforma Institucional y Fortalecimiento de la Democracia.<!--more--><\/p>\n<p>El nombramiento del dirigente de la juventud radical en la dependencia que funciona bajo la \u00f3rbita de la Jefatura de Gabinete de Ministros fue dispuesto a trav\u00e9s del decreto 533\/2015, publicado hoy en el Bolet\u00edn Oficial con la firma de la presidenta Cristina Fern\u00e1ndez de Kirchner.<\/p>\n<p>El nuevo subsecretario para la Reforma Institucional y Fortalecimiento de la Democracia tiene 38 a\u00f1os y es docente en la Facultad de Ciencias Sociales de la UBA.<\/p>\n<p>La agrupaci\u00f3n que conduce, \u00abLos Irrompibles\u00bb, reivindica y defiende muchas de las pol\u00edticas del gobierno nacional.<\/p>\n<p>A partir de ahora, Leandro Santoro tendr\u00e1 a su cargo el \u00e1rea que -seg\u00fan se explica en la p\u00e1gina web de la dependencia- tiene por objetivo \u00abfortalecer la relaci\u00f3n entre el Estado y la sociedad civil para desarrollar una democracia gobernable, transparente, leg\u00edtima y eficiente\u00bb.<\/p>\n<p>En ese marco, la Subsecretar\u00eda -hasta ayer a cargo de Nicol\u00e1s Noriega- \u00abpromueve la implementaci\u00f3n de los mecanismos de democracia directa y de democracia participativa contemplados en la Constituci\u00f3n Nacional y participa junto al Ministerio del Interior en la asistencia a los estados provinciales para la formulaci\u00f3n de proyectos en la materia\u00bb.<\/p>\n<p>Asimismo, la dependencia nacional \u00abact\u00faa como organismo coordinador o autoridad de aplicaci\u00f3n de los siguientes procedimientos: audiencias p\u00fablicas, acceso a la informaci\u00f3n p\u00fablica, publicidad de la gesti\u00f3n de intereses, elaboraci\u00f3n participativa de normas, reuniones abiertas de los entes reguladores de servicios p\u00fablicos y la gratuidad del Bolet\u00edn Oficial\u00bb.<\/p>\n","protected":false},"excerpt":{"rendered":"<p>El l\u00edder de la agrupaci\u00f3n radical \u00abLos Irrompibles\u00bb fue nombrado como subsecretario para la Reforma Institucional y Fortalecimiento de la Democracia.<\/p>\n","protected":false},"author":11,"featured_media":0,"comment_status":"open","ping_status":"open","sticky":false,"template":"","format":"standard","meta":{"_jetpack_newsletter_access":"","_jetpack_dont_email_post_to_subs":false,"_jetpack_newsletter_tier_id":0,"_jetpack_memberships_contains_paywalled_content":false,"_jetpack_memberships_contains_paid_content":false,"footnotes":""},"categories":[51],"tags":[],"class_list":["post-64178","post","type-post","status-publish","format-standard","hentry","category-politica"],"jetpack_shortlink":"https:\/\/wp.me\/p2JWE0-gH8","jetpack-related-posts":[{"id":66020,"url":"http:\/\/www.24baires.com\/?p=66020","url_meta":{"origin":64178,"position":0},"title":"Recalde lanza su candidatura en el Luna Park","author":"GB","date":"15\/05\/2015","format":false,"excerpt":"El acto de lanzamiento de la candidatura a jefe de Gobierno porte\u00f1o por el Frente para la Victoria de Mariano Recalde comenz\u00f3 pasadas las 18 con la proyecci\u00f3n de videos sobre el escenario del Luna Park, que se encuentra colmado de militantes kirchneristas y de la agrupaci\u00f3n radical \u201cLos Irrompibles\u201d\u2026","rel":"","context":"En \u00abElecciones 2015\u00bb","block_context":{"text":"Elecciones 2015","link":"http:\/\/www.24baires.com\/?cat=74"},"img":{"alt_text":"recalde hijo","src":"https:\/\/i0.wp.com\/www.24baires.com\/wp-content\/uploads\/2013\/07\/recalde-hijo.jpg?resize=350%2C200","width":350,"height":200,"srcset":"https:\/\/i0.wp.com\/www.24baires.com\/wp-content\/uploads\/2013\/07\/recalde-hijo.jpg?resize=350%2C200 1x, https:\/\/i0.wp.com\/www.24baires.com\/wp-content\/uploads\/2013\/07\/recalde-hijo.jpg?resize=525%2C300 1.5x"},"classes":[]},{"id":46299,"url":"http:\/\/www.24baires.com\/?p=46299","url_meta":{"origin":64178,"position":1},"title":"Se present\u00f3 la Mesa de Juventudes Pol\u00edticas que une a dirigentes de los principales partidos","author":"GB","date":"19\/05\/2014","format":false,"excerpt":"Algunos de los principales dirigentes j\u00f3venes del Frente para la Victoria, el PRO y la UCR se dieron cita en el Cabildo y esperan confluir para trabajar y buscar respuestas a diferentes problem\u00e1ticas sociales. Como primera acci\u00f3n conjunta acordaron intervenir sobre el problema de las adicciones, para lo cual estuvieron\u2026","rel":"","context":"En \u00abPol\u00edtica\u00bb","block_context":{"text":"Pol\u00edtica","link":"http:\/\/www.24baires.com\/?cat=51"},"img":{"alt_text":"","src":"https:\/\/i0.wp.com\/www.24baires.com\/wp-content\/uploads\/2014\/05\/juventudes-politicas.jpg?resize=350%2C200","width":350,"height":200,"srcset":"https:\/\/i0.wp.com\/www.24baires.com\/wp-content\/uploads\/2014\/05\/juventudes-politicas.jpg?resize=350%2C200 1x, https:\/\/i0.wp.com\/www.24baires.com\/wp-content\/uploads\/2014\/05\/juventudes-politicas.jpg?resize=525%2C300 1.5x"},"classes":[]},{"id":120475,"url":"http:\/\/www.24baires.com\/?p=120475","url_meta":{"origin":64178,"position":2},"title":"Kicillof particip\u00f3 junto a radicales de la inauguraci\u00f3n del Ateneo Ra\u00fal Alfons\u00edn","author":"AF","date":"14\/09\/2023","format":false,"excerpt":"El gobernador encabez\u00f3 un acto que uni\u00f3 a referentes del partido centenario de cara a la elecci\u00f3n de octubre. Cuestionamientos a los proyectos opositores anti-Estado. \u201cLos compa\u00f1eros correligionarios\u201d. Esa fue la f\u00f3rmula discursiva que el gobernador Axel Kicillof utiliz\u00f3 para agradecer a la dirigencia y la militancia presente este jueves\u2026","rel":"","context":"En \u00abPol\u00edtica\u00bb","block_context":{"text":"Pol\u00edtica","link":"http:\/\/www.24baires.com\/?cat=51"},"img":{"alt_text":"","src":"https:\/\/i0.wp.com\/www.24baires.com\/wp-content\/uploads\/2023\/09\/768156-3a-na-0.jpg?resize=350%2C200","width":350,"height":200},"classes":[]},{"id":54003,"url":"http:\/\/www.24baires.com\/?p=54003","url_meta":{"origin":64178,"position":3},"title":"Cristina se reunir\u00e1 este lunes con el Secretario General de la ONU","author":"AF","date":"21\/09\/2014","format":false,"excerpt":"La presidenta Cristina Fern\u00e1ndez de Kirchner arrib\u00f3 anoche a la ciudad de Nueva York para desarrollar hasta el mi\u00e9rcoles pr\u00f3ximo una agenda que incluir\u00e1 una reuni\u00f3n con el secretario general de la ONU, Ban Ki-moon; un encuentro con representantes del sindicalismo internacional; una audiencia con el empresario George Soros y\u2026","rel":"","context":"En \u00abInternacionales\u00bb","block_context":{"text":"Internacionales","link":"http:\/\/www.24baires.com\/?cat=73"},"img":{"alt_text":"cristina onu","src":"https:\/\/i0.wp.com\/www.24baires.com\/wp-content\/uploads\/2013\/08\/cristina-onu.jpg?resize=350%2C200","width":350,"height":200,"srcset":"https:\/\/i0.wp.com\/www.24baires.com\/wp-content\/uploads\/2013\/08\/cristina-onu.jpg?resize=350%2C200 1x, https:\/\/i0.wp.com\/www.24baires.com\/wp-content\/uploads\/2013\/08\/cristina-onu.jpg?resize=525%2C300 1.5x"},"classes":[]},{"id":54044,"url":"http:\/\/www.24baires.com\/?p=54044","url_meta":{"origin":64178,"position":4},"title":"Cristina comienza su gira en Nueva York con Ban Ki-moon y George Soros","author":"AF","date":"22\/09\/2014","format":false,"excerpt":"La Presidenta iniciar\u00e1 hoy la actividad oficial con una serie de reuniones que incluyen al secretario general de la ONU, el empresario estadounidense y representantes del sindicalismo internacional. El mi\u00e9rcoles hablar\u00e1 ante la Asamblea de Naciones Unidas. La audiencia entre la jefa de Estado y el diplom\u00e1tico surcoreano ser\u00e1 este\u2026","rel":"","context":"En \u00abPol\u00edtica\u00bb","block_context":{"text":"Pol\u00edtica","link":"http:\/\/www.24baires.com\/?cat=51"},"img":{"alt_text":"cristina","src":"https:\/\/i0.wp.com\/www.24baires.com\/wp-content\/uploads\/2014\/08\/cristina4.jpg?resize=350%2C200","width":350,"height":200,"srcset":"https:\/\/i0.wp.com\/www.24baires.com\/wp-content\/uploads\/2014\/08\/cristina4.jpg?resize=350%2C200 1x, https:\/\/i0.wp.com\/www.24baires.com\/wp-content\/uploads\/2014\/08\/cristina4.jpg?resize=525%2C300 1.5x"},"classes":[]},{"id":65591,"url":"http:\/\/www.24baires.com\/?p=65591","url_meta":{"origin":64178,"position":5},"title":"\u00abVeo un peronismo con una m\u00edstica de triunfo\u00bb","author":"GB","date":"08\/05\/2015","format":false,"excerpt":"El gobernador bonaerense lo afirm\u00f3 al llegar al Congreso Nacional del PJ. Tambi\u00e9n se pronunciaron all\u00ed el jefe de gabinete, An\u00edbal Fern\u00e1ndez, y el candidato a Jefe de Gobierno porte\u00f1o por el FpV Mariano Recalde. Scioli consider\u00f3 que en el FpV \u201chay muy buenos jinetes\u201d para darle continuidad, m\u00e1s all\u00e1\u2026","rel":"","context":"En \u00abPol\u00edtica\u00bb","block_context":{"text":"Pol\u00edtica","link":"http:\/\/www.24baires.com\/?cat=51"},"img":{"alt_text":"scioli congreso","src":"https:\/\/i0.wp.com\/www.24baires.com\/wp-content\/uploads\/2015\/03\/scioli-congreso.png?resize=350%2C200","width":350,"height":200,"srcset":"https:\/\/i0.wp.com\/www.24baires.com\/wp-content\/uploads\/2015\/03\/scioli-congreso.png?resize=350%2C200 1x, https:\/\/i0.wp.com\/www.24baires.com\/wp-content\/uploads\/2015\/03\/scioli-congreso.png?resize=525%2C300 1.5x"},"classes":[]}],"jetpack_sharing_enabled":true,"jetpack_likes_enabled":true,"jetpack_featured_media_url":"","_links":{"self":[{"href":"http:\/\/www.24baires.com\/index.php?rest_route=\/wp\/v2\/posts\/64178","targetHints":{"allow":["GET"]}}],"collection":[{"href":"http:\/\/www.24baires.com\/index.php?rest_route=\/wp\/v2\/posts"}],"about":[{"href":"http:\/\/www.24baires.com\/index.php?rest_route=\/wp\/v2\/types\/post"}],"author":[{"embeddable":true,"href":"http:\/\/www.24baires.com\/index.php?rest_route=\/wp\/v2\/users\/11"}],"replies":[{"embeddable":true,"href":"http:\/\/www.24baires.com\/index.php?rest_route=%2Fwp%2Fv2%2Fcomments&post=64178"}],"version-history":[{"count":1,"href":"http:\/\/www.24baires.com\/index.php?rest_route=\/wp\/v2\/posts\/64178\/revisions"}],"predecessor-version":[{"id":64180,"href":"http:\/\/www.24baires.com\/index.php?rest_route=\/wp\/v2\/posts\/64178\/revisions\/64180"}],"wp:attachment":[{"href":"http:\/\/www.24baires.com\/index.php?rest_route=%2Fwp%2Fv2%2Fmedia&parent=64178"}],"wp:term":[{"taxonomy":"category","embeddable":true,"href":"http:\/\/www.24baires.com\/index.php?rest_route=%2Fwp%2Fv2%2Fcategories&post=64178"},{"taxonomy":"post_tag","embeddable":true,"href":"http:\/\/www.24baires.com\/index.php?rest_route=%2Fwp%2Fv2%2Ftags&post=64178"}],"curies":[{"name":"wp","href":"https:\/\/api.w.org\/{rel}","templated":true}]}}