{"id":64151,"date":"2015-04-12T16:33:24","date_gmt":"2015-04-12T19:33:24","guid":{"rendered":"http:\/\/www.24baires.com\/?p=64151"},"modified":"2015-04-12T13:32:02","modified_gmt":"2015-04-12T16:32:02","slug":"con-patricio-mussi-tenemos-una-historia-en-comun-aseguro-julian-dominguez","status":"publish","type":"post","link":"http:\/\/www.24baires.com\/?p=64151","title":{"rendered":"\u00abCon Patricio Mussi tenemos una historia en com\u00fan\u00bb asegur\u00f3 Juli\u00e1n Dom\u00ednguez"},"content":{"rendered":"<p><img data-recalc-dims=\"1\" loading=\"lazy\" decoding=\"async\" class=\"aligncenter size-full wp-image-64152\" src=\"https:\/\/i0.wp.com\/www.24baires.com\/wp-content\/uploads\/2015\/04\/dominguez-mussi.jpg?resize=560%2C346\" alt=\"dominguez mussi\" width=\"560\" height=\"346\" srcset=\"https:\/\/i0.wp.com\/www.24baires.com\/wp-content\/uploads\/2015\/04\/dominguez-mussi.jpg?w=560 560w, https:\/\/i0.wp.com\/www.24baires.com\/wp-content\/uploads\/2015\/04\/dominguez-mussi.jpg?resize=300%2C185 300w\" sizes=\"auto, (max-width: 560px) 100vw, 560px\" \/><\/p>\n<p>As\u00ed lo destac\u00f3 el presidente de la C\u00e1mara de Diputados, qui\u00e9n particip\u00f3 en <strong>Berazategui<\/strong> del encuentro \u00abPatria Educativa\u00bb. All\u00ed, junto al intendente de ese partido, mostraron sus intenciones de gobernar juntos la Provincia.<!--more--><\/p>\n<p>El pre candidato a gobernador y presidente de la C\u00e1mara de Diputados de la Naci\u00f3n fue hasta Berazategui al encuentro Patria Educativa. All\u00ed estuvo comparti\u00f3 con su par, Juan Patricio Mussi y dijo que son el equipo de Cristina para gobernar la Provincia.<\/p>\n<p>Tras el encuentro, Dominguez destac\u00f3 \u00abpara mi caminar juntos es una alegr\u00eda, Juan, su pap\u00e1, y Patricio, han tenido una coherencia a lo largo del tiempo, tenemos una historia compartida, por eso, tratamos humildemente que la impronta de cada uno le sirva a los bonaerense. Patricio tiene todos los atributos para conducir la Provincia\u00bb<\/p>\n<p>Por otra parte, Mussi sostuvo \u00abtenemos la experiencia de ser intendentes y tenemos un recorrido en com\u00fan y vamos a dejar alma y vida para que quien conduzca la provincia, tenga compromiso por la Provincia, que se haya embarrado las patas\u00bb.<\/p>\n","protected":false},"excerpt":{"rendered":"<p>As\u00ed lo destac\u00f3 el presidente de la C\u00e1mara de Diputados, qui\u00e9n particip\u00f3 en Berazategui del encuentro \u00abPatria Educativa\u00bb. All\u00ed, junto al intendente de ese partido, mostraron sus intenciones de gobernar juntos la Provincia.<\/p>\n","protected":false},"author":11,"featured_media":0,"comment_status":"open","ping_status":"open","sticky":false,"template":"","format":"standard","meta":{"_jetpack_newsletter_access":"","_jetpack_dont_email_post_to_subs":false,"_jetpack_newsletter_tier_id":0,"_jetpack_memberships_contains_paywalled_content":false,"_jetpack_memberships_contains_paid_content":false,"footnotes":""},"categories":[51],"tags":[],"class_list":["post-64151","post","type-post","status-publish","format-standard","hentry","category-politica"],"jetpack_shortlink":"https:\/\/wp.me\/p2JWE0-gGH","jetpack-related-posts":[{"id":37656,"url":"http:\/\/www.24baires.com\/?p=37656","url_meta":{"origin":64151,"position":0},"title":"Berazategui: Inauguraron dos empresas en el Polo Maderero","author":"Grupo Sierra","date":"30\/12\/2013","format":false,"excerpt":"El gobernador Daniel Scioli, junto al intendente de Berazategui, Juan Patricio Mussi, y al diputado provincial, Juan Jos\u00e9 Mussi, mantuvieron el encuentro en Pl\u00e1tanos, con las flamantes empresas que se encuentran dentro del Polo Mueblero Maderero, que fue declarado Parque Industrial. \u201cHace m\u00e1s de nueve a\u00f1os ten\u00edamos un sue\u00f1o: juntar\u2026","rel":"","context":"En \u00abLocales\u00bb","block_context":{"text":"Locales","link":"http:\/\/www.24baires.com\/?cat=38"},"img":{"alt_text":"","src":"","width":0,"height":0},"classes":[]},{"id":65907,"url":"http:\/\/www.24baires.com\/?p=65907","url_meta":{"origin":64151,"position":1},"title":"Contin\u00faan los &#8216;ba\u00f1os de humildad&#8217;: Tambi\u00e9n se baj\u00f3 Mussi","author":"GB","date":"14\/05\/2015","format":false,"excerpt":"El Intendente de Berazategui, Juan Patricio Mussi, confirm\u00f3 que declina su candidatura a Gobernador de la provincia este jueves. Sonaba como posible acompa\u00f1ante de Juli\u00e1n Dom\u00ednguez para la f\u00f3rmula bonaerense, pero, finalmente, decide no jugar. Todo indica que buscar\u00e1 un nuevo per\u00edodo en su municipio. Esta ma\u00f1ana, otro que anunci\u00f3\u2026","rel":"","context":"En \u00abElecciones 2015\u00bb","block_context":{"text":"Elecciones 2015","link":"http:\/\/www.24baires.com\/?cat=74"},"img":{"alt_text":"mussi berazategui","src":"https:\/\/i0.wp.com\/www.24baires.com\/wp-content\/uploads\/2013\/01\/mussi-berazategui.jpg?resize=350%2C200","width":350,"height":200,"srcset":"https:\/\/i0.wp.com\/www.24baires.com\/wp-content\/uploads\/2013\/01\/mussi-berazategui.jpg?resize=350%2C200 1x, https:\/\/i0.wp.com\/www.24baires.com\/wp-content\/uploads\/2013\/01\/mussi-berazategui.jpg?resize=525%2C300 1.5x"},"classes":[]},{"id":63455,"url":"http:\/\/www.24baires.com\/?p=63455","url_meta":{"origin":64151,"position":2},"title":"Insaurralde dio a conocer su apoyo a la candidatura de Scioli","author":"AF","date":"21\/03\/2015","format":false,"excerpt":"El intendente de Lomas de Zamora, Mart\u00edn Insaurralde, dio a conocer su apoyo a la candidatura presidencial del gobernador Daniel Scioli y, aunque reconoci\u00f3 haber tenido \"algunas diferencias por temas de gesti\u00f3n, afirm\u00f3 que el mandatario bonaerense \"est\u00e1 preparado\" para la Primera Magistratura. El ex diputado puso fin a los\u2026","rel":"","context":"En \u00abElecciones 2015\u00bb","block_context":{"text":"Elecciones 2015","link":"http:\/\/www.24baires.com\/?cat=74"},"img":{"alt_text":"","src":"","width":0,"height":0},"classes":[]},{"id":18683,"url":"http:\/\/www.24baires.com\/?p=18683","url_meta":{"origin":64151,"position":3},"title":"Mussi le reclama a Scioli m\u00e1s polic\u00edas para Berazategui","author":"Grupo Sierra","date":"17\/03\/2013","format":false,"excerpt":"BERAZATEGUI.- Despu\u00e9s de una serie de hechos delictivos que sacuden a Berazategui, el intendente local, Juan Patricio Mussi, exigi\u00f3 al gobierno de la Provincia de Buenos Aires, a cargo de Daniel Scioli, mayor presencia de efectivos y m\u00f3viles policiales. El Jefe Comunal mantuvo una extensa reuni\u00f3n con el Gobernador bonaerense\u2026","rel":"","context":"En \u00abLocales\u00bb","block_context":{"text":"Locales","link":"http:\/\/www.24baires.com\/?cat=38"},"img":{"alt_text":"","src":"","width":0,"height":0},"classes":[]},{"id":54662,"url":"http:\/\/www.24baires.com\/?p=54662","url_meta":{"origin":64151,"position":4},"title":"Cristina entregar\u00e1 viviendas en Ezeiza","author":"GB","date":"02\/10\/2014","format":false,"excerpt":"La Presidente de la Naci\u00f3n encabezar\u00e1 esta tarde la entrega de viviendas e inaugurar\u00e1 el Congreso Provincial de Infraestructura Local, que estar\u00e1 bajo la coordinaci\u00f3n del Municipio de Berazategui. Esta tarde, cerca de las 15.30, la presidenta de la Naci\u00f3n, Cristina Fern\u00e1ndez de Kirchner, encabezar\u00e1 el acto de entrega de\u2026","rel":"","context":"En \u00abPol\u00edtica\u00bb","block_context":{"text":"Pol\u00edtica","link":"http:\/\/www.24baires.com\/?cat=51"},"img":{"alt_text":"cristina3","src":"https:\/\/i0.wp.com\/www.24baires.com\/wp-content\/uploads\/2014\/08\/cristina3.jpg?resize=350%2C200","width":350,"height":200,"srcset":"https:\/\/i0.wp.com\/www.24baires.com\/wp-content\/uploads\/2014\/08\/cristina3.jpg?resize=350%2C200 1x, https:\/\/i0.wp.com\/www.24baires.com\/wp-content\/uploads\/2014\/08\/cristina3.jpg?resize=525%2C300 1.5x"},"classes":[]},{"id":51039,"url":"http:\/\/www.24baires.com\/?p=51039","url_meta":{"origin":64151,"position":5},"title":"\u00abM\u00e1s peligrosos que los buitres de afuera son los buitres de adentro\u00bb","author":"AF","date":"02\/08\/2014","format":false,"excerpt":"El presidente de la C\u00e1mara Diputados de la Naci\u00f3n, Juli\u00e1n Dom\u00ednguez, afirm\u00f3 hoy que \u201cm\u00e1s peligrosos que los buitres de afuera son los buitres de adentro, que hacen sus negocio en detrimento del pueblo\u201d. Al hablar en el acto del Encuentro del Movimiento San Mart\u00edn en la Universidad Arturo Jauretche\u2026","rel":"","context":"En \u00abEconom\u00eda\u00bb","block_context":{"text":"Econom\u00eda","link":"http:\/\/www.24baires.com\/?cat=45"},"img":{"alt_text":"dominguez julian","src":"https:\/\/i0.wp.com\/www.24baires.com\/wp-content\/uploads\/2012\/09\/dominguez-julian.jpg?resize=350%2C200","width":350,"height":200,"srcset":"https:\/\/i0.wp.com\/www.24baires.com\/wp-content\/uploads\/2012\/09\/dominguez-julian.jpg?resize=350%2C200 1x, https:\/\/i0.wp.com\/www.24baires.com\/wp-content\/uploads\/2012\/09\/dominguez-julian.jpg?resize=525%2C300 1.5x"},"classes":[]}],"jetpack_sharing_enabled":true,"jetpack_likes_enabled":true,"jetpack_featured_media_url":"","_links":{"self":[{"href":"http:\/\/www.24baires.com\/index.php?rest_route=\/wp\/v2\/posts\/64151","targetHints":{"allow":["GET"]}}],"collection":[{"href":"http:\/\/www.24baires.com\/index.php?rest_route=\/wp\/v2\/posts"}],"about":[{"href":"http:\/\/www.24baires.com\/index.php?rest_route=\/wp\/v2\/types\/post"}],"author":[{"embeddable":true,"href":"http:\/\/www.24baires.com\/index.php?rest_route=\/wp\/v2\/users\/11"}],"replies":[{"embeddable":true,"href":"http:\/\/www.24baires.com\/index.php?rest_route=%2Fwp%2Fv2%2Fcomments&post=64151"}],"version-history":[{"count":1,"href":"http:\/\/www.24baires.com\/index.php?rest_route=\/wp\/v2\/posts\/64151\/revisions"}],"predecessor-version":[{"id":64153,"href":"http:\/\/www.24baires.com\/index.php?rest_route=\/wp\/v2\/posts\/64151\/revisions\/64153"}],"wp:attachment":[{"href":"http:\/\/www.24baires.com\/index.php?rest_route=%2Fwp%2Fv2%2Fmedia&parent=64151"}],"wp:term":[{"taxonomy":"category","embeddable":true,"href":"http:\/\/www.24baires.com\/index.php?rest_route=%2Fwp%2Fv2%2Fcategories&post=64151"},{"taxonomy":"post_tag","embeddable":true,"href":"http:\/\/www.24baires.com\/index.php?rest_route=%2Fwp%2Fv2%2Ftags&post=64151"}],"curies":[{"name":"wp","href":"https:\/\/api.w.org\/{rel}","templated":true}]}}