{"id":64121,"date":"2015-04-11T16:20:38","date_gmt":"2015-04-11T19:20:38","guid":{"rendered":"http:\/\/www.24baires.com\/?p=64121"},"modified":"2015-04-11T15:13:02","modified_gmt":"2015-04-11T18:13:02","slug":"granados-promete-mas-prevencion-y-policias-en-las-calles-de-la-provincia","status":"publish","type":"post","link":"http:\/\/www.24baires.com\/?p=64121","title":{"rendered":"Granados promete m\u00e1s \u00abprevenci\u00f3n y polic\u00edas en las calles\u00bb de la Provincia"},"content":{"rendered":"<p><img data-recalc-dims=\"1\" loading=\"lazy\" decoding=\"async\" class=\"aligncenter size-full wp-image-45007\" src=\"https:\/\/i0.wp.com\/www.24baires.com\/wp-content\/uploads\/2014\/04\/granados.jpg?resize=560%2C313\" alt=\"granados\" width=\"560\" height=\"313\" srcset=\"https:\/\/i0.wp.com\/www.24baires.com\/wp-content\/uploads\/2014\/04\/granados.jpg?w=560 560w, https:\/\/i0.wp.com\/www.24baires.com\/wp-content\/uploads\/2014\/04\/granados.jpg?resize=300%2C167 300w\" sizes=\"auto, (max-width: 560px) 100vw, 560px\" \/>El ministro de Seguridad inaugur\u00f3 nuevas sedes y dependencias policiales para los distritos de Mercedes, Salto y Rojas, tras juntarse con los intendentes de esos tres distritos, Carlos Selva, Oscar Brasca y Mart\u00edn Caso respectivamente.<!--more--><\/p>\n<p>El ministro de Seguridad, Alejandro Granados, desarroll\u00f3 una intensa jornada de trabajo en las localidades de Mercedes, Salto y Rojas, donde, entre otras cosas, ponder\u00f3 la \u00abdescentralizaci\u00f3n hist\u00f3rica\u00bb de la seguridad en la Provincia de Buenos Aires desde 2007 en adelante y, particularmente, en los dos \u00faltimos a\u00f1os.<\/p>\n<p>\u00abVamos recorriendo todo el interior de la provincia para que los 135 municipios cuenten con su propia Polic\u00eda Local o Comunal, Comisar\u00eda de la Mujer y la Familia, DDI, DDA, CPC y CPR\u00bb, agreg\u00f3 el funcionario de Daniel Scioli, que estaba acompa\u00f1ado por el jefe de la Polic\u00eda Bonaerense, Hugo Matzkin, y parte de su propio Gabinete.<\/p>\n<p>As\u00ed las cosas, en Mercedes, el titular de la cartera puso en marcha las sedes de la Comisar\u00eda de la Mujer y de la Familia, el Comando de Prevenci\u00f3n Rural y la Direcci\u00f3n Distrital de Investigaciones, en una jornada junto a nada menos que Carlos Selva, el Intendente massista de la comuna que en este caso, como ya hizo en otras ocasiones, comparte un evento con personalidades del universo sciolista -cuando no el propio Daniel Scioli-.<\/p>\n<p>Mientras que en Salto y Rojas, Granados inaugur\u00f3 tambi\u00e9n la Comisar\u00eda de la Mujer y de la Familia, la Direcci\u00f3n Distrital de Investigaciones y la Direcci\u00f3n Distrital Antinarc\u00f3ticos, nuevamente junto a los respectivos jefes comunales, Oscar Brasca y Mart\u00edn Caso. \u00abDestaco los resultados contundentes en la lucha contra la inseguridad que est\u00e1n arrojando los Comandos de Prevenci\u00f3n Comunitaria en el Conurbano y los CPR en el interior\u00bb, coment\u00f3 el ministro.<\/p>\n<p>\u00abEstamos enfrentando este flagelo con m\u00e1s prevenci\u00f3n y m\u00e1s polic\u00edas\u00bb, remarc\u00f3.<\/p>\n<p>Siempre en ese mismo marco, el hombre fuerte del equipo bonaerense entreg\u00f3 m\u00f3viles policiales a dichos municipios que ser\u00e1n destinados luego a la Polic\u00eda Comunal y el Comando de Prevenci\u00f3n Rural, durante una ceremonia en la cual particip\u00f3 el diputado provincial del Frente para la Victoria y alineado con La C\u00e1mpora, Alberto Espa\u00f1a.<\/p>\n<p>Es importante mencionar que en el actual escenario, con el horizonte electoral a cuestas y una campa\u00f1a que arrancar\u00e1 en pocos meses, la cuesti\u00f3n de la seguridad es de m\u00e1xima importante dentro del sciolismo y m\u00e1s, ciertamente, a partir de las medidas que impulsa su cartera hace pocos m\u00e1s un a\u00f1o y medio. Especialmente, entre ellas, la pol\u00e9mica Polic\u00eda Comunal, resistida por algunos alcaldes pero instalada en la agenda sin demasiados matices.<\/p>\n<p>Cabe recordar que la Polic\u00eda Municipal surgi\u00f3, en 2014, como un proyecto del Poder Ejecutivo y que auspiciaba el propio Granados. Fue presentado en el primero semestre de a\u00f1o pero su tratamiento qued\u00f3 a la deriva por una serie de resistencias: la m\u00e1s importante corr\u00eda por cuenta del Frente Renovador en el Senado -donde ten\u00eda el suficiente poder como para frustrar su tratamiento- y tambi\u00e9n hab\u00eda diferencias con el propio oficialismo en la C\u00e1mara de Diputados.<\/p>\n<p>Scioli, entonces, sac\u00f3 la fuerza a trav\u00e9s de un decreto de su autor\u00eda y posterior resoluci\u00f3n del Ministerio de Seguridad, que interven\u00eda tras el laberinto legislativo en que hab\u00eda entrado la iniciativa.<\/p>\n<p>&nbsp;<\/p>\n<p>&nbsp;<\/p>\n<p>&nbsp;<\/p>\n<p>&nbsp;<\/p>\n<p>&nbsp;<\/p>\n<p>&nbsp;<\/p>\n<p>&nbsp;<\/p>\n<p>&nbsp;<\/p>\n<p>&nbsp;<\/p>\n<p>&nbsp;<\/p>\n<p>&nbsp;<\/p>\n<p>&nbsp;<\/p>\n<p>&nbsp;<\/p>\n","protected":false},"excerpt":{"rendered":"<p>El ministro de Seguridad inaugur\u00f3 nuevas sedes y dependencias policiales para los distritos de Mercedes, Salto y Rojas, tras juntarse con los intendentes de esos tres distritos, Carlos Selva, Oscar Brasca y Mart\u00edn Caso respectivamente.<\/p>\n","protected":false},"author":8,"featured_media":0,"comment_status":"open","ping_status":"open","sticky":false,"template":"","format":"standard","meta":{"_jetpack_newsletter_access":"","_jetpack_dont_email_post_to_subs":false,"_jetpack_newsletter_tier_id":0,"_jetpack_memberships_contains_paywalled_content":false,"_jetpack_memberships_contains_paid_content":false,"footnotes":""},"categories":[51],"tags":[],"class_list":["post-64121","post","type-post","status-publish","format-standard","hentry","category-politica"],"jetpack_shortlink":"https:\/\/wp.me\/p2JWE0-gGd","jetpack-related-posts":[{"id":81208,"url":"http:\/\/www.24baires.com\/?p=81208","url_meta":{"origin":64121,"position":0},"title":"Se puso en marcha la polic\u00eda local de Mercedes","author":"AF","date":"09\/04\/2016","format":false,"excerpt":"El ministro de Seguridad de la Provincia de Buenos Aires, Cristian Ritondo, encabez\u00f3 este viernes en Mercedes el egreso de la primera promoci\u00f3n de la Polic\u00eda Local de ese distrito, junto a su par de Justicia, Carlos Mahiques; y el intendente Juan Ustarroz. Durante el acto, en el que se\u2026","rel":"","context":"En \u00abLocales\u00bb","block_context":{"text":"Locales","link":"http:\/\/www.24baires.com\/?cat=38"},"img":{"alt_text":"policia local mdp","src":"https:\/\/i0.wp.com\/www.24baires.com\/wp-content\/uploads\/2015\/10\/policia-local-mdp.jpg?resize=350%2C200","width":350,"height":200,"srcset":"https:\/\/i0.wp.com\/www.24baires.com\/wp-content\/uploads\/2015\/10\/policia-local-mdp.jpg?resize=350%2C200 1x, https:\/\/i0.wp.com\/www.24baires.com\/wp-content\/uploads\/2015\/10\/policia-local-mdp.jpg?resize=525%2C300 1.5x"},"classes":[]},{"id":121602,"url":"http:\/\/www.24baires.com\/?p=121602","url_meta":{"origin":64121,"position":1},"title":"Provincia profundizar\u00e1 controles de seguridad en escuelas","author":"GB","date":"04\/09\/2024","format":false,"excerpt":"El Gobernador bonaerense inaugur\u00f3 este martes un programa de fortalecimiento de protecci\u00f3n y seguridad en las zonas cercanas a instituciones educativas. Se incorporar\u00e1n patrullajes, c\u00e1maras y botones de alerta. El Gobierno bonaerense present\u00f3 en las \u00faltimas horas el programa \"Escuelas cuidadas\", que apunta a fortalecer los controles de seguridad en\u2026","rel":"","context":"En \u00abProvincia\u00bb","block_context":{"text":"Provincia","link":"http:\/\/www.24baires.com\/?cat=40"},"img":{"alt_text":"","src":"https:\/\/i0.wp.com\/www.24baires.com\/wp-content\/uploads\/2024\/09\/escuelas.webp?resize=350%2C200","width":350,"height":200,"srcset":"https:\/\/i0.wp.com\/www.24baires.com\/wp-content\/uploads\/2024\/09\/escuelas.webp?resize=350%2C200 1x, https:\/\/i0.wp.com\/www.24baires.com\/wp-content\/uploads\/2024\/09\/escuelas.webp?resize=525%2C300 1.5x, https:\/\/i0.wp.com\/www.24baires.com\/wp-content\/uploads\/2024\/09\/escuelas.webp?resize=700%2C400 2x"},"classes":[]},{"id":122263,"url":"http:\/\/www.24baires.com\/?p=122263","url_meta":{"origin":64121,"position":2},"title":"Kicillof desembarca en Mercedes en el marco de su recorrida por la Provincia","author":"GB","date":"07\/05\/2025","format":false,"excerpt":"Mientras disputa una dura interna dentro del ex Frente de Todos, el Gobernador contin\u00faa buscando hacerse fuerte en los municipios. Este mi\u00e9rcoles por la ma\u00f1ana, Axel Kicillof llegar\u00e1 al distrito de Mercedes, donde inaugurar\u00e1 el Centro Comunitario y Deportivo en el barrio San Mart\u00edn. La obra tuvo una inversi\u00f3n superior\u2026","rel":"","context":"En \u00abProvincia\u00bb","block_context":{"text":"Provincia","link":"http:\/\/www.24baires.com\/?cat=40"},"img":{"alt_text":"","src":"https:\/\/i0.wp.com\/www.24baires.com\/wp-content\/uploads\/2023\/09\/kicillof.webp?resize=350%2C200","width":350,"height":200,"srcset":"https:\/\/i0.wp.com\/www.24baires.com\/wp-content\/uploads\/2023\/09\/kicillof.webp?resize=350%2C200 1x, https:\/\/i0.wp.com\/www.24baires.com\/wp-content\/uploads\/2023\/09\/kicillof.webp?resize=525%2C300 1.5x, https:\/\/i0.wp.com\/www.24baires.com\/wp-content\/uploads\/2023\/09\/kicillof.webp?resize=700%2C400 2x"},"classes":[]},{"id":116419,"url":"http:\/\/www.24baires.com\/?p=116419","url_meta":{"origin":64121,"position":3},"title":"Berni aclar\u00f3 que ning\u00fan municipio est\u00e1 autorizado a utilizar pistolas Taser","author":"AF","date":"07\/10\/2020","format":false,"excerpt":"El ministro de Seguridad bonaerense asegur\u00f3 que \"hay que dejar de hacer demagogia y pensar en c\u00f3mo aplicar el Plan Integral de Seguridad, que se trabaj\u00f3 con el Gobierno nacional\". Sergio Berni cuestion\u00f3 este mi\u00e9rcoles la iniciativa del partido de Lan\u00fas de adquirir pistolas Taser ya que \"ese distrito no\u2026","rel":"","context":"En \u00abProvincia\u00bb","block_context":{"text":"Provincia","link":"http:\/\/www.24baires.com\/?cat=40"},"img":{"alt_text":"","src":"https:\/\/i0.wp.com\/www.24baires.com\/wp-content\/uploads\/2015\/02\/berni.jpg?resize=350%2C200","width":350,"height":200,"srcset":"https:\/\/i0.wp.com\/www.24baires.com\/wp-content\/uploads\/2015\/02\/berni.jpg?resize=350%2C200 1x, https:\/\/i0.wp.com\/www.24baires.com\/wp-content\/uploads\/2015\/02\/berni.jpg?resize=525%2C300 1.5x"},"classes":[]},{"id":112333,"url":"http:\/\/www.24baires.com\/?p=112333","url_meta":{"origin":64121,"position":4},"title":"Luj\u00e1n: paro de colectivos luego de que balearan a un chofer","author":"AF","date":"02\/10\/2019","format":false,"excerpt":"El violento episodio ocurri\u00f3 en el barrio El Quinto, cuando el trabajador al volante, que hab\u00eda finalizado su recorrido, descendi\u00f3 del veh\u00edculo para descansar y fue abordado por un delincuente que le peg\u00f3 un tiro en una mano. Habr\u00e1 un cese de actividades en reclamo de mayor seguridad. Un colectivero\u2026","rel":"","context":"En \u00abLocales\u00bb","block_context":{"text":"Locales","link":"http:\/\/www.24baires.com\/?cat=38"},"img":{"alt_text":"","src":"https:\/\/i0.wp.com\/www.24baires.com\/wp-content\/uploads\/2017\/06\/colectivo-111.jpg?resize=350%2C200","width":350,"height":200},"classes":[]},{"id":113752,"url":"http:\/\/www.24baires.com\/?p=113752","url_meta":{"origin":64121,"position":5},"title":"Frederic y Berni comenzaron a trabajar en la distribuci\u00f3n de las fuerzas en el Conurbano","author":"AF","date":"09\/01\/2020","format":false,"excerpt":"La ministra de Seguridad de la Naci\u00f3n recibi\u00f3 a su par de Provincia para coordinar el trabajo a futuro. La ministra de Seguridad de la Naci\u00f3n, Sabina Frederic, y su par de la provincia de Buenos Aires, Sergio Berni, mantuvieron un encuentro esta ma\u00f1ana luego de algunos chispazos medi\u00e1ticos que\u2026","rel":"","context":"En \u00abPol\u00edtica\u00bb","block_context":{"text":"Pol\u00edtica","link":"http:\/\/www.24baires.com\/?cat=51"},"img":{"alt_text":"","src":"https:\/\/i0.wp.com\/www.24baires.com\/wp-content\/uploads\/2020\/01\/berni-frederic.jpg?resize=350%2C200","width":350,"height":200,"srcset":"https:\/\/i0.wp.com\/www.24baires.com\/wp-content\/uploads\/2020\/01\/berni-frederic.jpg?resize=350%2C200 1x, https:\/\/i0.wp.com\/www.24baires.com\/wp-content\/uploads\/2020\/01\/berni-frederic.jpg?resize=525%2C300 1.5x"},"classes":[]}],"jetpack_sharing_enabled":true,"jetpack_likes_enabled":true,"jetpack_featured_media_url":"","_links":{"self":[{"href":"http:\/\/www.24baires.com\/index.php?rest_route=\/wp\/v2\/posts\/64121","targetHints":{"allow":["GET"]}}],"collection":[{"href":"http:\/\/www.24baires.com\/index.php?rest_route=\/wp\/v2\/posts"}],"about":[{"href":"http:\/\/www.24baires.com\/index.php?rest_route=\/wp\/v2\/types\/post"}],"author":[{"embeddable":true,"href":"http:\/\/www.24baires.com\/index.php?rest_route=\/wp\/v2\/users\/8"}],"replies":[{"embeddable":true,"href":"http:\/\/www.24baires.com\/index.php?rest_route=%2Fwp%2Fv2%2Fcomments&post=64121"}],"version-history":[{"count":1,"href":"http:\/\/www.24baires.com\/index.php?rest_route=\/wp\/v2\/posts\/64121\/revisions"}],"predecessor-version":[{"id":64122,"href":"http:\/\/www.24baires.com\/index.php?rest_route=\/wp\/v2\/posts\/64121\/revisions\/64122"}],"wp:attachment":[{"href":"http:\/\/www.24baires.com\/index.php?rest_route=%2Fwp%2Fv2%2Fmedia&parent=64121"}],"wp:term":[{"taxonomy":"category","embeddable":true,"href":"http:\/\/www.24baires.com\/index.php?rest_route=%2Fwp%2Fv2%2Fcategories&post=64121"},{"taxonomy":"post_tag","embeddable":true,"href":"http:\/\/www.24baires.com\/index.php?rest_route=%2Fwp%2Fv2%2Ftags&post=64121"}],"curies":[{"name":"wp","href":"https:\/\/api.w.org\/{rel}","templated":true}]}}