{"id":64110,"date":"2015-04-11T13:00:59","date_gmt":"2015-04-11T16:00:59","guid":{"rendered":"http:\/\/www.24baires.com\/?p=64110"},"modified":"2015-04-11T11:59:34","modified_gmt":"2015-04-11T14:59:34","slug":"duran-barba-el-pro-es-el-unico-partido-de-izquierda","status":"publish","type":"post","link":"http:\/\/www.24baires.com\/?p=64110","title":{"rendered":"Dur\u00e1n Barba: \u201cEL PRO es el \u00fanico partido de izquierda\u201d"},"content":{"rendered":"<p><img data-recalc-dims=\"1\" loading=\"lazy\" decoding=\"async\" class=\"aligncenter size-full wp-image-35024\" src=\"https:\/\/i0.wp.com\/www.24baires.com\/wp-content\/uploads\/2013\/11\/duran-barba.jpg?resize=560%2C371\" alt=\"duran barba\" width=\"560\" height=\"371\" srcset=\"https:\/\/i0.wp.com\/www.24baires.com\/wp-content\/uploads\/2013\/11\/duran-barba.jpg?w=560 560w, https:\/\/i0.wp.com\/www.24baires.com\/wp-content\/uploads\/2013\/11\/duran-barba.jpg?resize=300%2C198 300w\" sizes=\"auto, (max-width: 560px) 100vw, 560px\" \/>El asesor del macrismo, Jaime Dur\u00e1n Barba, relata que \u201cfue siempre un tipo de izquierda\u201d y cuenta que \u201cFormaba parte de la JP en Mendoza\u201d. Adem\u00e1s afirma que \u201cEl partido m\u00e1s sofisticado intelectualmente de Am\u00e9rica es el PRO\u201d.<!--more--><\/p>\n<p>\u201cToda mi vida tuve mucha relaci\u00f3n con tres pa\u00edses: Ecuador, M\u00e9xico y Argentina. Yo viv\u00ed dos a\u00f1os en Mendoza. A principios de los 70 hab\u00eda ah\u00ed una escuela de filosof\u00eda estupenda, estaba el fil\u00f3sofo Arturo Andr\u00e9s Roig, que fue mi gran maestro, un tipo incre\u00edble\u201d relata el asesor de Mauricio Macri, Jaime Dur\u00e1n Barba.<\/p>\n<p>En di\u00e1logo con La Naci\u00f3n, el Barba expresa que \u201cel partido m\u00e1s sofisticado intelectualmente de Am\u00e9rica es el PRO. De lejos. No tiene nada que ver con los dem\u00e1s. Est\u00e1n en otra etapa. Adem\u00e1s, se\u00f1ala que \u201ctrabaja gratis para Macri a fin de tener la libertad de hacer lo que me da la gana\u201d.<\/p>\n<p>En relaci\u00f3n al PRO, explica que \u201cel 90% de los pol\u00edticos latinoamericanos est\u00e1n obsoletos. Son arcaicos. Lo que hay ahora es la comunicaci\u00f3n con ese 80% de gente que odia la pol\u00edtica, que odia la ideolog\u00eda. Pero en Argentina venimos de una d\u00e9cada muy ideologizada\u201d<\/p>\n<p>En este sentido, el ecuatoriano argumenta que \u201choy hay una serie de mitos anticuados que ac\u00e1 est\u00e1n en boga, como el estatismo, el nacionalismo. Son cosas que en ning\u00fan otro lado funcionan. Pero salgamos a caminar por Buenos Aires. \u00bfCu\u00e1ntos de esos cantan la marcha peronista? \u00bfCu\u00e1ntos de esos cantan la marcha radical? \u00bfCu\u00e1ntos de esos est\u00e1n pensando en el estatismo? \u00bfCu\u00e1ntos oyen los discursos de Cristina? Hemos preguntado durante 10 a\u00f1os, \u00ab\u00bfUsted se interesa mucho, algo o no le interesa nada la pol\u00edtica? La \u00faltima se dio hace 15 d\u00edas: se interesa mucho por la pol\u00edtica, 18%. Se interesa algo 30%. Y a los dem\u00e1s no les interesa para nada la pol\u00edtica\u201d.<\/p>\n<p>Para finalizar, Dur\u00e1n Barba va m\u00e1s lejos y reafirma: \u201cel \u00fanico partido de izquierda que hay en la Argentina. A ver, es un partido totalmente inclusivo, respetuoso. Hay armenios, jud\u00edos, isl\u00e1micos en las listas. Hay todo\u201d.<\/p>\n<p>&nbsp;<\/p>\n<p>&nbsp;<\/p>\n<p>&nbsp;<\/p>\n<p>&nbsp;<\/p>\n<p>&nbsp;<\/p>\n<p>&nbsp;<\/p>\n<p>&nbsp;<\/p>\n<p>&nbsp;<\/p>\n<p>&nbsp;<\/p>\n<p>&nbsp;<\/p>\n<p>&nbsp;<\/p>\n<p>&nbsp;<\/p>\n<p>&nbsp;<\/p>\n<p>&nbsp;<\/p>\n<p>&nbsp;<\/p>\n<p>&nbsp;<\/p>\n<p>&nbsp;<\/p>\n<p>&nbsp;<\/p>\n<p>&nbsp;<\/p>\n<p>&nbsp;<\/p>\n","protected":false},"excerpt":{"rendered":"<p>El asesor del macrismo, Jaime Dur\u00e1n Barba, relata que \u201cfue siempre un tipo de izquierda\u201d y cuenta que \u201cFormaba parte de la JP en Mendoza\u201d. Adem\u00e1s afirma que \u201cEl partido m\u00e1s sofisticado intelectualmente de Am\u00e9rica es el PRO\u201d.<\/p>\n","protected":false},"author":8,"featured_media":0,"comment_status":"open","ping_status":"open","sticky":false,"template":"","format":"standard","meta":{"_jetpack_newsletter_access":"","_jetpack_dont_email_post_to_subs":false,"_jetpack_newsletter_tier_id":0,"_jetpack_memberships_contains_paywalled_content":false,"_jetpack_memberships_contains_paid_content":false,"footnotes":""},"categories":[51],"tags":[],"class_list":["post-64110","post","type-post","status-publish","format-standard","hentry","category-politica"],"jetpack_shortlink":"https:\/\/wp.me\/p2JWE0-gG2","jetpack-related-posts":[{"id":78350,"url":"http:\/\/www.24baires.com\/?p=78350","url_meta":{"origin":64110,"position":0},"title":"Dur\u00e1n Barba: Cristina \u00abes de ultraderecha y Macri est\u00e1 a su izquierda\u00bb","author":"AF","date":"31\/01\/2016","format":false,"excerpt":"Jaime Dur\u00e1n Barba, el asesor ecuatoriano del presidente Mauricio Macri, asegur\u00f3 que la ex mandataria \"manipul\u00f3 a los pobres\". El asesor ecuatoriano del presidente Mauricio Macri, Jaime Dur\u00e1n Barba, asegur\u00f3 que la ex presidenta Cristina Fern\u00e1ndez de Kirchner \"es de ultraderecha y manipul\u00f3 a los pobres\", a la vez que\u2026","rel":"","context":"En \u00abPol\u00edtica\u00bb","block_context":{"text":"Pol\u00edtica","link":"http:\/\/www.24baires.com\/?cat=51"},"img":{"alt_text":"duran barba","src":"https:\/\/i0.wp.com\/www.24baires.com\/wp-content\/uploads\/2013\/11\/duran-barba.jpg?resize=350%2C200","width":350,"height":200,"srcset":"https:\/\/i0.wp.com\/www.24baires.com\/wp-content\/uploads\/2013\/11\/duran-barba.jpg?resize=350%2C200 1x, https:\/\/i0.wp.com\/www.24baires.com\/wp-content\/uploads\/2013\/11\/duran-barba.jpg?resize=525%2C300 1.5x"},"classes":[]},{"id":105088,"url":"http:\/\/www.24baires.com\/?p=105088","url_meta":{"origin":64110,"position":1},"title":"\u00abEstoy seguro de que Macri va a ganar en primera o en segunda\u00bb","author":"GB","date":"24\/10\/2018","format":false,"excerpt":"As\u00ed lo asegur\u00f3 el consultor ecuatoriano Jaime Dur\u00e1n Barba a la hora de analizar el panorama electoral de cara a las elecciones del 2019. Sostuvo que \"no es dif\u00edcil\" llegar al 40% en primera vuelta \"si se tiene en cuenta lo que pas\u00f3 en 2015 y 2017\" y sino Macri\u2026","rel":"","context":"En \u00abPol\u00edtica\u00bb","block_context":{"text":"Pol\u00edtica","link":"http:\/\/www.24baires.com\/?cat=51"},"img":{"alt_text":"","src":"https:\/\/i0.wp.com\/www.24baires.com\/wp-content\/uploads\/2016\/01\/dur%C3%A1n-barba.jpg?resize=350%2C200","width":350,"height":200,"srcset":"https:\/\/i0.wp.com\/www.24baires.com\/wp-content\/uploads\/2016\/01\/dur%C3%A1n-barba.jpg?resize=350%2C200 1x, https:\/\/i0.wp.com\/www.24baires.com\/wp-content\/uploads\/2016\/01\/dur%C3%A1n-barba.jpg?resize=525%2C300 1.5x"},"classes":[]},{"id":78753,"url":"http:\/\/www.24baires.com\/?p=78753","url_meta":{"origin":64110,"position":2},"title":"El asesor de Macri justific\u00f3 la represi\u00f3n en la 1.11.14: \u00abSon unos mentirosos patol\u00f3gicos\u00bb","author":"GB","date":"10\/02\/2016","format":false,"excerpt":"En una entrevista con el diario espa\u00f1ol El Pa\u00eds, Jaime Dur\u00e1n Barba asegur\u00f3 que Cambiemos \"gan\u00f3 por milagro\" y dijo que el Presidente \"no se toma en serio la pol\u00edtica arcaica\". El principal asesor personal de Mauricio Macri, Jaime Dur\u00e1n Barba, justific\u00f3 la represi\u00f3n en la villa 1-11-14, los despidos\u2026","rel":"","context":"En \u00abPol\u00edtica\u00bb","block_context":{"text":"Pol\u00edtica","link":"http:\/\/www.24baires.com\/?cat=51"},"img":{"alt_text":"duran barba","src":"https:\/\/i0.wp.com\/www.24baires.com\/wp-content\/uploads\/2013\/11\/duran-barba.jpg?resize=350%2C200","width":350,"height":200,"srcset":"https:\/\/i0.wp.com\/www.24baires.com\/wp-content\/uploads\/2013\/11\/duran-barba.jpg?resize=350%2C200 1x, https:\/\/i0.wp.com\/www.24baires.com\/wp-content\/uploads\/2013\/11\/duran-barba.jpg?resize=525%2C300 1.5x"},"classes":[]},{"id":69726,"url":"http:\/\/www.24baires.com\/?p=69726","url_meta":{"origin":64110,"position":3},"title":"Di Tullio, dura con Sturzenegger: \u00abEl PRO es el partido de la mentira\u00bb","author":"AF","date":"29\/07\/2015","format":false,"excerpt":"Legisladores del FpV criticaron las declaraciones del legislador, quien manifest\u00f3 que el asesor Jaime Dur\u00e1n Barba le recomend\u00f3 no decir en p\u00fablico lo que piensa hacer esa fuerza pol\u00edtica si llega al Gobierno. En ese sentido, la presidenta del bloque de diputados del Frente para la Victoria, Juliana di Tullio,\u2026","rel":"","context":"En \u00abPol\u00edtica\u00bb","block_context":{"text":"Pol\u00edtica","link":"http:\/\/www.24baires.com\/?cat=51"},"img":{"alt_text":"Di Tullio","src":"https:\/\/i0.wp.com\/www.24baires.com\/wp-content\/uploads\/2013\/05\/Di-Tullio.jpg?resize=350%2C200","width":350,"height":200,"srcset":"https:\/\/i0.wp.com\/www.24baires.com\/wp-content\/uploads\/2013\/05\/Di-Tullio.jpg?resize=350%2C200 1x, https:\/\/i0.wp.com\/www.24baires.com\/wp-content\/uploads\/2013\/05\/Di-Tullio.jpg?resize=525%2C300 1.5x"},"classes":[]},{"id":93292,"url":"http:\/\/www.24baires.com\/?p=93292","url_meta":{"origin":64110,"position":4},"title":"Dur\u00e1n Barba compar\u00f3 a Mirtha con una \u00abpiquetera\u00bb","author":"GB","date":"23\/03\/2017","format":false,"excerpt":"La conductora sigue recibiendo cuestionamientos de parte del Gobierno, tras el paso de Mauricio Macri por su programa el fin de semana pasado. El asesor presidencial Jaime Dur\u00e1n Barba no la iba a dejar pasar. Luego que Mirtha Legrand no tuviera muy buenas palabras hacia su figura durante la entrevista\u2026","rel":"","context":"En \u00abPol\u00edtica\u00bb","block_context":{"text":"Pol\u00edtica","link":"http:\/\/www.24baires.com\/?cat=51"},"img":{"alt_text":"","src":"https:\/\/i0.wp.com\/www.24baires.com\/wp-content\/uploads\/2016\/01\/dur%C3%A1n-barba.jpg?resize=350%2C200","width":350,"height":200,"srcset":"https:\/\/i0.wp.com\/www.24baires.com\/wp-content\/uploads\/2016\/01\/dur%C3%A1n-barba.jpg?resize=350%2C200 1x, https:\/\/i0.wp.com\/www.24baires.com\/wp-content\/uploads\/2016\/01\/dur%C3%A1n-barba.jpg?resize=525%2C300 1.5x"},"classes":[]},{"id":35012,"url":"http:\/\/www.24baires.com\/?p=35012","url_meta":{"origin":64110,"position":5},"title":"Dur\u00e1n Barba ser\u00e1 citado por el Inadi por sus elogios a Hitler","author":"GB","date":"11\/11\/2013","format":false,"excerpt":"El organismo resolvi\u00f3, de oficio, \"intimar formalmente\" al asesor del jefe de gobierno porte\u00f1o, Mauricio Macri, Jaime Dur\u00e1n Barba, \"para que d\u00e9 explicaciones y evaluar\u00e1 la posibilidad de denunciarlo ante la justicia penal\". La denuncia es por haber calificado de \"espectacular\" a la figura de Adolf Hitler. El INADI resolvi\u00f3,\u2026","rel":"","context":"En \u00abPol\u00edtica\u00bb","block_context":{"text":"Pol\u00edtica","link":"http:\/\/www.24baires.com\/?cat=51"},"img":{"alt_text":"inadi","src":"https:\/\/i0.wp.com\/www.24baires.com\/wp-content\/uploads\/2013\/11\/inadi.jpg?resize=350%2C200","width":350,"height":200},"classes":[]}],"jetpack_sharing_enabled":true,"jetpack_likes_enabled":true,"jetpack_featured_media_url":"","_links":{"self":[{"href":"http:\/\/www.24baires.com\/index.php?rest_route=\/wp\/v2\/posts\/64110","targetHints":{"allow":["GET"]}}],"collection":[{"href":"http:\/\/www.24baires.com\/index.php?rest_route=\/wp\/v2\/posts"}],"about":[{"href":"http:\/\/www.24baires.com\/index.php?rest_route=\/wp\/v2\/types\/post"}],"author":[{"embeddable":true,"href":"http:\/\/www.24baires.com\/index.php?rest_route=\/wp\/v2\/users\/8"}],"replies":[{"embeddable":true,"href":"http:\/\/www.24baires.com\/index.php?rest_route=%2Fwp%2Fv2%2Fcomments&post=64110"}],"version-history":[{"count":1,"href":"http:\/\/www.24baires.com\/index.php?rest_route=\/wp\/v2\/posts\/64110\/revisions"}],"predecessor-version":[{"id":64111,"href":"http:\/\/www.24baires.com\/index.php?rest_route=\/wp\/v2\/posts\/64110\/revisions\/64111"}],"wp:attachment":[{"href":"http:\/\/www.24baires.com\/index.php?rest_route=%2Fwp%2Fv2%2Fmedia&parent=64110"}],"wp:term":[{"taxonomy":"category","embeddable":true,"href":"http:\/\/www.24baires.com\/index.php?rest_route=%2Fwp%2Fv2%2Fcategories&post=64110"},{"taxonomy":"post_tag","embeddable":true,"href":"http:\/\/www.24baires.com\/index.php?rest_route=%2Fwp%2Fv2%2Ftags&post=64110"}],"curies":[{"name":"wp","href":"https:\/\/api.w.org\/{rel}","templated":true}]}}