{"id":64107,"date":"2015-04-11T11:46:55","date_gmt":"2015-04-11T14:46:55","guid":{"rendered":"http:\/\/www.24baires.com\/?p=64107"},"modified":"2015-04-12T19:53:55","modified_gmt":"2015-04-12T22:53:55","slug":"cristina-expondra-en-la-cumbre-de-las-americas-en-panama","status":"publish","type":"post","link":"http:\/\/www.24baires.com\/?p=64107","title":{"rendered":"\u00abEs rid\u00edculo considerar a cualquiera de nuestros pa\u00edses una amenaza\u00bb"},"content":{"rendered":"<p><img data-recalc-dims=\"1\" loading=\"lazy\" decoding=\"async\" class=\"aligncenter size-full wp-image-64116\" src=\"https:\/\/i0.wp.com\/www.24baires.com\/wp-content\/uploads\/2015\/04\/cumbre.jpg?resize=560%2C373\" alt=\"cumbre\" width=\"560\" height=\"373\" srcset=\"https:\/\/i0.wp.com\/www.24baires.com\/wp-content\/uploads\/2015\/04\/cumbre.jpg?w=560 560w, https:\/\/i0.wp.com\/www.24baires.com\/wp-content\/uploads\/2015\/04\/cumbre.jpg?resize=300%2C200 300w\" sizes=\"auto, (max-width: 560px) 100vw, 560px\" \/>La presidenta Cristina Fern\u00e1ndez de Kirchner se refiri\u00f3 as\u00ed a la decisi\u00f3n norteamericana de considerar as\u00ed a Venezuela, y lo relacion\u00f3 tambi\u00e9n con la decisi\u00f3n brit\u00e1nica de militarizar Malvinas con un argumento similar para con la Argentina.<!--more--><\/p>\n<p>Cristina Fern\u00e1ndez de Kirchner habl\u00f3 en la Cumbre de la Am\u00e9ricas y se refiri\u00f3 al decreto norteamericano que califica a Venezuela como una amenaza a su seguridad la compar\u00f3 con lo que hace el Reino Unido en Malvinas que, con un argumento similar, aumenta su presencia militar.<\/p>\n<p>Cristina afirm\u00f3 que \u201ces rid\u00edculo que Venezuela sea una amenaza para la seguridad de los Estados Unidos, que es la mayor potencia militar, financiera y cient\u00edfica del mundo que tiene un presupuesto de 640.000 millones de d\u00f3lares\u201d.<\/p>\n<p>En otra parte de su discurso, la presidenta pidi\u00f3 \u00absinceridad\u00bb a sus pares con respecto al tema del narcotr\u00e1fico y dijo que \u00abdeber\u00eda ser abordado por los pa\u00edses que m\u00e1s consumen\u00bb porque \u00abel nudo de la cuesti\u00f3n es el financiamiento\u00bb.<\/p>\n<p>\u00ab\u00bfEn d\u00f3nde se lava el dinero del narcotr\u00e1fico? \u00bfEn donde se produce o en los para\u00edsos fiscales y en los pa\u00edses donde se la consume\u00bb, se pregunt\u00f3 Cristina, y record\u00f3 que la \u00absustancia t\u00f3xica vale 2.000 d\u00f3lares cuando sale del pa\u00eds productor y llega a Chicago valiendo 40.000\u00bb.<\/p>\n<p>&nbsp;<\/p>\n<p>&nbsp;<\/p>\n<p>&nbsp;<\/p>\n","protected":false},"excerpt":{"rendered":"<p>La presidenta Cristina Fern\u00e1ndez de Kirchner se refiri\u00f3 as\u00ed a la decisi\u00f3n norteamericana de considerar as\u00ed a Venezuela, y lo relacion\u00f3 tambi\u00e9n con la decisi\u00f3n brit\u00e1nica de militarizar Malvinas con un argumento similar para con la Argentina.<\/p>\n","protected":false},"author":8,"featured_media":0,"comment_status":"open","ping_status":"open","sticky":false,"template":"","format":"standard","meta":{"_jetpack_newsletter_access":"","_jetpack_dont_email_post_to_subs":false,"_jetpack_newsletter_tier_id":0,"_jetpack_memberships_contains_paywalled_content":false,"_jetpack_memberships_contains_paid_content":false,"footnotes":""},"categories":[51],"tags":[],"class_list":["post-64107","post","type-post","status-publish","format-standard","hentry","category-politica"],"jetpack_shortlink":"https:\/\/wp.me\/p2JWE0-gFZ","jetpack-related-posts":[{"id":100442,"url":"http:\/\/www.24baires.com\/?p=100442","url_meta":{"origin":64107,"position":0},"title":"CFK: \u00abEl \u00fanico argumento es la persecuci\u00f3n pol\u00edtica\u00bb","author":"AF","date":"08\/02\/2018","format":false,"excerpt":"La ex presidenta atribuy\u00f3 la denuncia por \"da\u00f1os y perjuicios\" por 22.500 millones pesos de Javier Iguacel, titular de Vialidad, a la campa\u00f1a instrumentada en su contra por el Gobierno. Marc\u00f3 las contradicciones de la presentaci\u00f3n judicial y pidi\u00f3 que se cite como testigos a todos los que fueron jefes\u2026","rel":"","context":"En \u00abPol\u00edtica\u00bb","block_context":{"text":"Pol\u00edtica","link":"http:\/\/www.24baires.com\/?cat=51"},"img":{"alt_text":"","src":"https:\/\/i0.wp.com\/www.24baires.com\/wp-content\/uploads\/2017\/09\/cristina.jpg?resize=350%2C200","width":350,"height":200,"srcset":"https:\/\/i0.wp.com\/www.24baires.com\/wp-content\/uploads\/2017\/09\/cristina.jpg?resize=350%2C200 1x, https:\/\/i0.wp.com\/www.24baires.com\/wp-content\/uploads\/2017\/09\/cristina.jpg?resize=525%2C300 1.5x"},"classes":[]},{"id":102357,"url":"http:\/\/www.24baires.com\/?p=102357","url_meta":{"origin":64107,"position":1},"title":"Cristina arremeti\u00f3 contra el acuerdo entre Macri y el FMI","author":"AF","date":"25\/05\/2018","format":false,"excerpt":"A dos semanas del pedido de ayuda al Fondo por parte del gobierno, la expresidenta decidi\u00f3 hablar sobre el tema. Habl\u00f3 de \"cat\u00e1strofe\", \"tragedia\" y \"traici\u00f3n a la patria\". La expresidenta Cristina Fern\u00e1ndez rompi\u00f3 el silencio luego de dos semanas y se refiri\u00f3 al pedido de ayuda econ\u00f3mica del gobierno\u2026","rel":"","context":"En \u00abPol\u00edtica\u00bb","block_context":{"text":"Pol\u00edtica","link":"http:\/\/www.24baires.com\/?cat=51"},"img":{"alt_text":"","src":"https:\/\/i0.wp.com\/www.24baires.com\/wp-content\/uploads\/2017\/10\/cristina-conferencia-de-prensa.jpg?resize=350%2C200","width":350,"height":200,"srcset":"https:\/\/i0.wp.com\/www.24baires.com\/wp-content\/uploads\/2017\/10\/cristina-conferencia-de-prensa.jpg?resize=350%2C200 1x, https:\/\/i0.wp.com\/www.24baires.com\/wp-content\/uploads\/2017\/10\/cristina-conferencia-de-prensa.jpg?resize=525%2C300 1.5x"},"classes":[]},{"id":119618,"url":"http:\/\/www.24baires.com\/?p=119618","url_meta":{"origin":64107,"position":2},"title":"Cristina denunci\u00f3 las \u00abpr\u00e1cticas mafiosas\u00bb que los medios ejercen hacia sus familiares","author":"AF","date":"10\/12\/2022","format":false,"excerpt":"La vicepresidenta se refiri\u00f3 a una nota publicada por diario La Naci\u00f3n. \"Una vez m\u00e1s vuelve a amenazar con meter presa a Florencia, mi hija. Parece que no les bast\u00f3 a los medios hegem\u00f3nicos con enfermarla\", se\u00f1al\u00f3. La vicepresidenta Cristina Fern\u00e1ndez de Kirchner denunci\u00f3 las \"pr\u00e1cticas mafiosas\" en las que\u2026","rel":"","context":"En \u00abSociedad\u00bb","block_context":{"text":"Sociedad","link":"http:\/\/www.24baires.com\/?cat=1"},"img":{"alt_text":"","src":"https:\/\/i0.wp.com\/www.24baires.com\/wp-content\/uploads\/2021\/10\/cristina.jpg?resize=350%2C200","width":350,"height":200,"srcset":"https:\/\/i0.wp.com\/www.24baires.com\/wp-content\/uploads\/2021\/10\/cristina.jpg?resize=350%2C200 1x, https:\/\/i0.wp.com\/www.24baires.com\/wp-content\/uploads\/2021\/10\/cristina.jpg?resize=525%2C300 1.5x, https:\/\/i0.wp.com\/www.24baires.com\/wp-content\/uploads\/2021\/10\/cristina.jpg?resize=700%2C400 2x"},"classes":[]},{"id":64083,"url":"http:\/\/www.24baires.com\/?p=64083","url_meta":{"origin":64107,"position":3},"title":"Cristina ya parti\u00f3 rumbo a Panam\u00e1 para la Cumbre de las Am\u00e9ricas","author":"GB","date":"10\/04\/2015","format":false,"excerpt":"El encuentro se realizar\u00e1 hasta el s\u00e1bado por la tarde, en un contexto pol\u00edtico signado por la reanudaci\u00f3n del di\u00e1logo entre Estados Unidos y Cuba y la declaraci\u00f3n del gobierno de Barack Obama contra Venezuela a la que consider\u00f3 una \"amenaza extraordinaria e inusual contra la seguridad\" norteamericana. Cristina Fern\u00e1ndez\u2026","rel":"","context":"En \u00abPol\u00edtica\u00bb","block_context":{"text":"Pol\u00edtica","link":"http:\/\/www.24baires.com\/?cat=51"},"img":{"alt_text":"cristina avi\u00f3n","src":"https:\/\/i0.wp.com\/www.24baires.com\/wp-content\/uploads\/2012\/12\/cristina-avi%C3%B3n.jpg?resize=350%2C200","width":350,"height":200,"srcset":"https:\/\/i0.wp.com\/www.24baires.com\/wp-content\/uploads\/2012\/12\/cristina-avi%C3%B3n.jpg?resize=350%2C200 1x, https:\/\/i0.wp.com\/www.24baires.com\/wp-content\/uploads\/2012\/12\/cristina-avi%C3%B3n.jpg?resize=525%2C300 1.5x"},"classes":[]},{"id":107751,"url":"http:\/\/www.24baires.com\/?p=107751","url_meta":{"origin":64107,"position":4},"title":"Para Grabois, CFK \u201cno tiene motivos ni derecho a renunciar\u201d a su candidatura","author":"GB","date":"22\/04\/2019","format":false,"excerpt":"El joven dirigente social dej\u00f3 en claro que el silencio de la expresidenta pone impaciente a su militancia. Argumentando sobre la responsabilidad hist\u00f3rica de Cristina, consider\u00f3 que \u201cya no hay tiempo\u201d para construir otros candidatos que puedan ganarle a Macri. A cuatro meses exactos de las PASO, ciertos sectores de\u2026","rel":"","context":"En \u00abPol\u00edtica\u00bb","block_context":{"text":"Pol\u00edtica","link":"http:\/\/www.24baires.com\/?cat=51"},"img":{"alt_text":"","src":"https:\/\/i0.wp.com\/www.24baires.com\/wp-content\/uploads\/2015\/10\/cfk-caleta.jpg?resize=350%2C200","width":350,"height":200,"srcset":"https:\/\/i0.wp.com\/www.24baires.com\/wp-content\/uploads\/2015\/10\/cfk-caleta.jpg?resize=350%2C200 1x, https:\/\/i0.wp.com\/www.24baires.com\/wp-content\/uploads\/2015\/10\/cfk-caleta.jpg?resize=525%2C300 1.5x"},"classes":[]},{"id":54230,"url":"http:\/\/www.24baires.com\/?p=54230","url_meta":{"origin":64107,"position":5},"title":"Cristina sobre Malvinas: \u00abNada se va a solucionar mientras valga m\u00e1s el voto de los cinco permanentes\u00bb","author":"GB","date":"24\/09\/2014","format":false,"excerpt":"La presidenta Cristina Fern\u00e1ndez de Kirchner reiter\u00f3 hoy el reclamo argentino por la soberan\u00eda sobre las islas Malvinas, cuestion\u00f3 a los cinco miembros permanentes del Consejo de Seguridad que no atienden la decisi\u00f3n de la Asamblea del organismo \"para que se siente el Reino Unido con Argentina a discutir la\u2026","rel":"","context":"En \u00abPol\u00edtica\u00bb","block_context":{"text":"Pol\u00edtica","link":"http:\/\/www.24baires.com\/?cat=51"},"img":{"alt_text":"cristina ONU","src":"https:\/\/i0.wp.com\/www.24baires.com\/wp-content\/uploads\/2014\/09\/cristina-ONU.jpg?resize=350%2C200","width":350,"height":200,"srcset":"https:\/\/i0.wp.com\/www.24baires.com\/wp-content\/uploads\/2014\/09\/cristina-ONU.jpg?resize=350%2C200 1x, https:\/\/i0.wp.com\/www.24baires.com\/wp-content\/uploads\/2014\/09\/cristina-ONU.jpg?resize=525%2C300 1.5x"},"classes":[]}],"jetpack_sharing_enabled":true,"jetpack_likes_enabled":true,"jetpack_featured_media_url":"","_links":{"self":[{"href":"http:\/\/www.24baires.com\/index.php?rest_route=\/wp\/v2\/posts\/64107","targetHints":{"allow":["GET"]}}],"collection":[{"href":"http:\/\/www.24baires.com\/index.php?rest_route=\/wp\/v2\/posts"}],"about":[{"href":"http:\/\/www.24baires.com\/index.php?rest_route=\/wp\/v2\/types\/post"}],"author":[{"embeddable":true,"href":"http:\/\/www.24baires.com\/index.php?rest_route=\/wp\/v2\/users\/8"}],"replies":[{"embeddable":true,"href":"http:\/\/www.24baires.com\/index.php?rest_route=%2Fwp%2Fv2%2Fcomments&post=64107"}],"version-history":[{"count":3,"href":"http:\/\/www.24baires.com\/index.php?rest_route=\/wp\/v2\/posts\/64107\/revisions"}],"predecessor-version":[{"id":64118,"href":"http:\/\/www.24baires.com\/index.php?rest_route=\/wp\/v2\/posts\/64107\/revisions\/64118"}],"wp:attachment":[{"href":"http:\/\/www.24baires.com\/index.php?rest_route=%2Fwp%2Fv2%2Fmedia&parent=64107"}],"wp:term":[{"taxonomy":"category","embeddable":true,"href":"http:\/\/www.24baires.com\/index.php?rest_route=%2Fwp%2Fv2%2Fcategories&post=64107"},{"taxonomy":"post_tag","embeddable":true,"href":"http:\/\/www.24baires.com\/index.php?rest_route=%2Fwp%2Fv2%2Ftags&post=64107"}],"curies":[{"name":"wp","href":"https:\/\/api.w.org\/{rel}","templated":true}]}}