{"id":64099,"date":"2015-04-10T19:30:10","date_gmt":"2015-04-10T22:30:10","guid":{"rendered":"http:\/\/www.24baires.com\/?p=64099"},"modified":"2015-04-11T11:52:44","modified_gmt":"2015-04-11T14:52:44","slug":"parrilli-le-pidio-al-juez-canicoba-que-garantice-la-declaracion-de-stiuso","status":"publish","type":"post","link":"http:\/\/www.24baires.com\/?p=64099","title":{"rendered":"Parrilli le pidi\u00f3 al juez Canicoba que garantice la declaraci\u00f3n de Stiuso"},"content":{"rendered":"<p><img data-recalc-dims=\"1\" loading=\"lazy\" decoding=\"async\" class=\"aligncenter size-full wp-image-63965\" src=\"https:\/\/i0.wp.com\/www.24baires.com\/wp-content\/uploads\/2015\/04\/parrili1.jpg?resize=560%2C372\" alt=\"parrili1\" width=\"560\" height=\"372\" srcset=\"https:\/\/i0.wp.com\/www.24baires.com\/wp-content\/uploads\/2015\/04\/parrili1.jpg?w=560 560w, https:\/\/i0.wp.com\/www.24baires.com\/wp-content\/uploads\/2015\/04\/parrili1.jpg?resize=300%2C199 300w\" sizes=\"auto, (max-width: 560px) 100vw, 560px\" \/>El titular de la Secretar\u00eda,, present\u00f3 un escrito ante el juzgado de Canicoba Corral en el que pidieron que, de ser necesario, se disponga el \u201cauxilio de la fuerza p\u00fablica\u201d para que el ex agente declare.<!--more--><\/p>\n<p>Las autoridades de la Secretaria de Inteligencia (SI) solicitaron hoy al juez federal Rodolfo Canicoba Corral que adopte las medidas necesarias para garantizar la comparecencia del ex agente Antonio \u201cJaime\u201d Stiuso ante ese organismo, para brindar informac\u00f3n sobre su participaci\u00f3n en la investigaci\u00f3n del atentado contra la AMIA.<\/p>\n<p>El titular de la secretar\u00eda, Oscar Parrilli, y el subsecretario, Juan Mart\u00edn Mena, presentaron un escrito ante el juzgado de Canicoba Corral en el que pidieron que, de ser necesario, se disponga el \u201cauxilio de la fuerza p\u00fablica\u201d, para garantizar la declaraci\u00f3n del ex director de Operaciones de la SIDE.<\/p>\n<p>La presentaci\u00f3n fue realizada ante el juzgado federal n\u00famero 6 porque all\u00ed qued\u00f3 radicada la denuncia presentada el 7 de abril contra el ex agente, por presunto incumplimiento de los deberes de funcionario publico, luego de que no se presentara ante las autoridades de la Secretar\u00eda que lo hab\u00edan convocado.<\/p>\n<p>Stiuso hab\u00eda sido convocado el pasado 6 de abril para informar ante las nuevas autoridades del organismo sobre su colaboraci\u00f3n, durante 10 a\u00f1os, con el fallecido fiscal especial para la causa AMIA, Alberto Nisman.<\/p>\n<p>El ex agente no se present\u00f3 y, por el contrario, lo hizo su abogado, Santiago Blanco Bermudez, quien inform\u00f3 que Stiuso se encontraba fuera del pa\u00eds.<\/p>\n<p>El abogado de Stiuso hab\u00eda recibido una notificaci\u00f3n por parte de la Secretaria de Inteligencia dado que su defendido no hab\u00eda sido encontrado en ninguno de los domicilios denunciados por el mismo ante el organismo.<\/p>\n<p>En el escrito presentado hoy, Parrilli y Mena indicaron que la SI \u201cha agotado todas las gestiones para lograr que el ex agente se presente a dar cuenta de sus tareas y cumplir en debida forma con las obligaciones legales y reglamentarias vigentes\u201d.<\/p>\n<p>\u201cSe impone recurrir ante la autoridad judicial competente, a fin de que disponga y ordene los medios para dar cumplimiento a la ley y hacer cesar la conducta delictiva del ex Director Antonio Horacio Stiuso, quien se encuentra en flagrante incumplimiento de sus deberes, delito que podr\u00eda catalogarse de continuado mientras no se concrete la presentaci\u00f3n del rebelde\u201d, continuaron.<\/p>\n<p>Las autoridades de la SI sostuvieron que la informaci\u00f3n que se le reclama a Stiuso sobre sus funciones \u201cno resulta obtenible por otros medios que no sea los de recurrir\u201d ante los estrados judiciales.<\/p>\n<p>Y agregaron: \u201cComo bien fuera expuesto en la denuncia, el ex director Stiuso no es propietario de la informaci\u00f3n producida y obtenida en el ejercicio de sus funciones. El mismo se encuentra obligado a dar cuenta de su trabajo y de todo lo que le sea requerido por este organismo, en el marco de las tareas de inteligencia desarrolladas\u201d.<\/p>\n<p>En el \u00faltimo p\u00e1rrafo de la presentaci\u00f3n de 8 p\u00e1rrafos, Parrilli y Mena reclamaron que se adopten las medidas necesarias para lograr la comparecencia de Stiuso y que se disponga \u201cel auxilio de la fuerza p\u00fablica de ser ello necesario\u201d.<\/p>\n<p>&nbsp;<\/p>\n<p>&nbsp;<\/p>\n<p>&nbsp;<\/p>\n<p>&nbsp;<\/p>\n","protected":false},"excerpt":{"rendered":"<p>El titular de la Secretar\u00eda,, present\u00f3 un escrito ante el juzgado de Canicoba Corral en el que pidieron que, de ser necesario, se disponga el \u201cauxilio de la fuerza p\u00fablica\u201d para que el ex agente declare.<\/p>\n","protected":false},"author":8,"featured_media":0,"comment_status":"open","ping_status":"open","sticky":false,"template":"","format":"standard","meta":{"_jetpack_newsletter_access":"","_jetpack_dont_email_post_to_subs":false,"_jetpack_newsletter_tier_id":0,"_jetpack_memberships_contains_paywalled_content":false,"_jetpack_memberships_contains_paid_content":false,"footnotes":""},"categories":[51],"tags":[],"class_list":["post-64099","post","type-post","status-publish","format-standard","hentry","category-politica"],"jetpack_shortlink":"https:\/\/wp.me\/p2JWE0-gFR","jetpack-related-posts":[{"id":112118,"url":"http:\/\/www.24baires.com\/?p=112118","url_meta":{"origin":64099,"position":0},"title":"La Justicia investigar\u00e1 a Dujovne y a Sandleris por la disparada del d\u00f3lar","author":"AF","date":"17\/09\/2019","format":false,"excerpt":"El juez Canicoba Corral pidi\u00f3 una bater\u00eda de medidas de prueba en la causa en que se investiga si el gobierno de Macri propici\u00f3 la disparada del d\u00f3lar tras las PASO. El juez federal Rodolfo Canicoba Corral pidi\u00f3 este martes al Banco Central de la Rep\u00fablica Argentina (BCRA) y al\u2026","rel":"","context":"En \u00abLocales\u00bb","block_context":{"text":"Locales","link":"http:\/\/www.24baires.com\/?cat=38"},"img":{"alt_text":"","src":"https:\/\/i0.wp.com\/www.24baires.com\/wp-content\/uploads\/2019\/09\/sandleris-lagarde-dujovne.jpg?resize=350%2C200","width":350,"height":200,"srcset":"https:\/\/i0.wp.com\/www.24baires.com\/wp-content\/uploads\/2019\/09\/sandleris-lagarde-dujovne.jpg?resize=350%2C200 1x, https:\/\/i0.wp.com\/www.24baires.com\/wp-content\/uploads\/2019\/09\/sandleris-lagarde-dujovne.jpg?resize=525%2C300 1.5x"},"classes":[]},{"id":79923,"url":"http:\/\/www.24baires.com\/?p=79923","url_meta":{"origin":64099,"position":1},"title":"Stiuso no declar\u00f3 y present\u00f3 un escrito en la causa por el atentado a la AMIA","author":"AF","date":"09\/03\/2016","format":false,"excerpt":"El ex director de operaciones de la SIDE dijo que evitaba declarar bajo juramento de verdad porque est\u00e1 imputado en una causa por supuesto \"encubrimiento\" del ataque y podr\u00eda quedar incriminado con sus dichos. El ex director de Operaciones de la SIDE, Antonio Stiuso, se present\u00f3 a declarar como testigo\u2026","rel":"","context":"En \u00abJUDICIALES\u00bb","block_context":{"text":"JUDICIALES","link":"http:\/\/www.24baires.com\/?cat=68"},"img":{"alt_text":"stiuso","src":"https:\/\/i0.wp.com\/www.24baires.com\/wp-content\/uploads\/2015\/10\/stiuso.jpg?resize=350%2C200","width":350,"height":200,"srcset":"https:\/\/i0.wp.com\/www.24baires.com\/wp-content\/uploads\/2015\/10\/stiuso.jpg?resize=350%2C200 1x, https:\/\/i0.wp.com\/www.24baires.com\/wp-content\/uploads\/2015\/10\/stiuso.jpg?resize=525%2C300 1.5x"},"classes":[]},{"id":60418,"url":"http:\/\/www.24baires.com\/?p=60418","url_meta":{"origin":64099,"position":2},"title":"Lijo pidi\u00f3 conocer la identidad de agentes de inteligencia","author":"GB","date":"20\/01\/2015","format":false,"excerpt":"El juez federal Ariel Lijo pidi\u00f3 hoy a la Secretar\u00eda de Inteligencia (SI) la identidad de dos presuntos esp\u00edas mencionados por el fallecido fiscal Alberto Nisman en su denuncia sobre un supuesto encubrimiento oficial del atentado a la AMIA. En un exhorto librado al titular de la SI, Oscar Parrilli,\u2026","rel":"","context":"En \u00abPol\u00edtica\u00bb","block_context":{"text":"Pol\u00edtica","link":"http:\/\/www.24baires.com\/?cat=51"},"img":{"alt_text":"lijo","src":"https:\/\/i0.wp.com\/www.24baires.com\/wp-content\/uploads\/2014\/06\/lijo.jpg?resize=350%2C200","width":350,"height":200,"srcset":"https:\/\/i0.wp.com\/www.24baires.com\/wp-content\/uploads\/2014\/06\/lijo.jpg?resize=350%2C200 1x, https:\/\/i0.wp.com\/www.24baires.com\/wp-content\/uploads\/2014\/06\/lijo.jpg?resize=525%2C300 1.5x"},"classes":[]},{"id":112437,"url":"http:\/\/www.24baires.com\/?p=112437","url_meta":{"origin":64099,"position":3},"title":"Investigan al Gobierno por un masivo espionaje ilegal contra jueces","author":"AF","date":"09\/10\/2019","format":false,"excerpt":"Se trata de 21 magistrados espiados entre los que figuran el juez de la Corte Suprema Juan Carlos Maqueda y el camarista Mart\u00edn Irurzun. El ministerio de Seguridad, la AFIP y la UIF en la mira. Qui\u00e9nes fueron las v\u00edctimas. El Gobierno espi\u00f3 de manera ilegal a los principales jueces\u2026","rel":"","context":"En \u00abJUDICIALES\u00bb","block_context":{"text":"JUDICIALES","link":"http:\/\/www.24baires.com\/?cat=68"},"img":{"alt_text":"","src":"https:\/\/i0.wp.com\/www.24baires.com\/wp-content\/uploads\/2019\/10\/macri-bullrich.jpg?resize=350%2C200","width":350,"height":200,"srcset":"https:\/\/i0.wp.com\/www.24baires.com\/wp-content\/uploads\/2019\/10\/macri-bullrich.jpg?resize=350%2C200 1x, https:\/\/i0.wp.com\/www.24baires.com\/wp-content\/uploads\/2019\/10\/macri-bullrich.jpg?resize=525%2C300 1.5x"},"classes":[]},{"id":112400,"url":"http:\/\/www.24baires.com\/?p=112400","url_meta":{"origin":64099,"position":4},"title":"El Poder Judicial investiga las escandalosas concesiones a favor de los Macri","author":"AF","date":"07\/10\/2019","format":false,"excerpt":"Fraude al Estado, abuso de autoridad y negociaciones incompatibles con la funci\u00f3n p\u00fablica son los delitos que investiga el juez Canicoba Corral. Ahora apareci\u00f3 el nombre el ex ministro de Econom\u00eda entre los investigados, que se suma al propio Mauricio Macri y Javier Iguacel. El rol de Nicol\u00e1s Dujovne qued\u00f3\u2026","rel":"","context":"En \u00abSociedad\u00bb","block_context":{"text":"Sociedad","link":"http:\/\/www.24baires.com\/?cat=1"},"img":{"alt_text":"","src":"https:\/\/i0.wp.com\/www.24baires.com\/wp-content\/uploads\/2018\/10\/dujovne.png?resize=350%2C200","width":350,"height":200,"srcset":"https:\/\/i0.wp.com\/www.24baires.com\/wp-content\/uploads\/2018\/10\/dujovne.png?resize=350%2C200 1x, https:\/\/i0.wp.com\/www.24baires.com\/wp-content\/uploads\/2018\/10\/dujovne.png?resize=525%2C300 1.5x"},"classes":[]},{"id":60126,"url":"http:\/\/www.24baires.com\/?p=60126","url_meta":{"origin":64099,"position":5},"title":"Canicoba Corral asegur\u00f3 no haber ordenado escuchas y critic\u00f3 fuertemente a Nisman","author":"AF","date":"15\/01\/2015","format":false,"excerpt":"El juez de la causa por el atentado a la AMIA, Rodolfo Canicoba Corral, critic\u00f3 la actuaci\u00f3n del fiscal Alberto Nisman por su relaci\u00f3n con los servicios de inteligencia en la conducci\u00f3n de la investigaci\u00f3n, ya que habr\u00eda tomado \"parcialmente\" escuchas para convertirlas en \"prueba acabada\". \"La direcci\u00f3n de la\u2026","rel":"","context":"En \u00abJUDICIALES\u00bb","block_context":{"text":"JUDICIALES","link":"http:\/\/www.24baires.com\/?cat=68"},"img":{"alt_text":"","src":"https:\/\/i0.wp.com\/www.24baires.com\/wp-content\/uploads\/2015\/01\/canicoba.jpg?resize=350%2C200","width":350,"height":200,"srcset":"https:\/\/i0.wp.com\/www.24baires.com\/wp-content\/uploads\/2015\/01\/canicoba.jpg?resize=350%2C200 1x, https:\/\/i0.wp.com\/www.24baires.com\/wp-content\/uploads\/2015\/01\/canicoba.jpg?resize=525%2C300 1.5x"},"classes":[]}],"jetpack_sharing_enabled":true,"jetpack_likes_enabled":true,"jetpack_featured_media_url":"","_links":{"self":[{"href":"http:\/\/www.24baires.com\/index.php?rest_route=\/wp\/v2\/posts\/64099","targetHints":{"allow":["GET"]}}],"collection":[{"href":"http:\/\/www.24baires.com\/index.php?rest_route=\/wp\/v2\/posts"}],"about":[{"href":"http:\/\/www.24baires.com\/index.php?rest_route=\/wp\/v2\/types\/post"}],"author":[{"embeddable":true,"href":"http:\/\/www.24baires.com\/index.php?rest_route=\/wp\/v2\/users\/8"}],"replies":[{"embeddable":true,"href":"http:\/\/www.24baires.com\/index.php?rest_route=%2Fwp%2Fv2%2Fcomments&post=64099"}],"version-history":[{"count":1,"href":"http:\/\/www.24baires.com\/index.php?rest_route=\/wp\/v2\/posts\/64099\/revisions"}],"predecessor-version":[{"id":64100,"href":"http:\/\/www.24baires.com\/index.php?rest_route=\/wp\/v2\/posts\/64099\/revisions\/64100"}],"wp:attachment":[{"href":"http:\/\/www.24baires.com\/index.php?rest_route=%2Fwp%2Fv2%2Fmedia&parent=64099"}],"wp:term":[{"taxonomy":"category","embeddable":true,"href":"http:\/\/www.24baires.com\/index.php?rest_route=%2Fwp%2Fv2%2Fcategories&post=64099"},{"taxonomy":"post_tag","embeddable":true,"href":"http:\/\/www.24baires.com\/index.php?rest_route=%2Fwp%2Fv2%2Ftags&post=64099"}],"curies":[{"name":"wp","href":"https:\/\/api.w.org\/{rel}","templated":true}]}}