{"id":64095,"date":"2015-04-10T19:00:38","date_gmt":"2015-04-10T22:00:38","guid":{"rendered":"http:\/\/www.24baires.com\/?p=64095"},"modified":"2015-04-10T18:21:55","modified_gmt":"2015-04-10T21:21:55","slug":"hablar-de-eliminar-paritarias-es-un-claro-gesto-contra-los-trabajadores","status":"publish","type":"post","link":"http:\/\/www.24baires.com\/?p=64095","title":{"rendered":"\u00abHablar de eliminar paritarias es un claro gesto contra los trabajadores\u00bb"},"content":{"rendered":"<p><img data-recalc-dims=\"1\" loading=\"lazy\" decoding=\"async\" class=\"aligncenter size-full wp-image-38437\" src=\"https:\/\/i0.wp.com\/www.24baires.com\/wp-content\/uploads\/2014\/01\/randazzo-1.jpg?resize=560%2C333\" alt=\"randazzo 1\" width=\"560\" height=\"333\" srcset=\"https:\/\/i0.wp.com\/www.24baires.com\/wp-content\/uploads\/2014\/01\/randazzo-1.jpg?w=560 560w, https:\/\/i0.wp.com\/www.24baires.com\/wp-content\/uploads\/2014\/01\/randazzo-1.jpg?resize=300%2C178 300w\" sizes=\"auto, (max-width: 560px) 100vw, 560px\" \/>El ministro del Interior y Transporte, Florencio Randazzo, sostuvo que \u201chablar de eliminar las paritarias es un claro gesto en contra de los trabajadores\u201d, quienes \u201chan podido mejorar sus condiciones laborales y sociales a partir de las pol\u00edticas implementadas por este Gobierno\u201d.<!--more--><\/p>\n<p>Randazzo sali\u00f3 al cruce de esta manera a declaraciones del presidente de la Uni\u00f3n Industrial Argentina (UIA), H\u00e9ctor M\u00e9ndez, quien hab\u00eda se\u00f1alado que en el sector fabril \u00abno hay atraso\u00bb salarial, y opinado que \u00aben un pa\u00eds con valores razonables de inflaci\u00f3n, no har\u00edan falta las paritarias\u00bb.<\/p>\n<p>Al responder al titular de la UIA, Randazzo calific\u00f3 como \u201cins\u00f3lita\u201d la propuesta de eliminar las paritarias, ya que \u201cquien tiene un buen salario cuenta con mayores posibilidades de consumir, por lo tanto plantear congelar ingresos atentar\u00eda primero contra la dignidad de los trabajadores, pero tambi\u00e9n contra la propia industria nacional y el mercado interno\u201d.<\/p>\n<p>\u201cLos argentinos tenemos que estar muy atentos en este a\u00f1o electoral frente a este tipo de deseos\u201d, advirti\u00f3 el ministro, porque \u201cson una prueba concreta y contundente de que el poder econ\u00f3mico intentar\u00e1 volver para atr\u00e1s a trav\u00e9s de sus candidatos presidenciales\u201d.<\/p>\n<p>Randazzo dej\u00f3 en claro que \u201cquienes defendemos este proyecto pol\u00edtico no estamos dispuestos a renunciar a las conquistas que han logrado los trabajadores en estos \u00faltimos a\u00f1os\u201d, entre los que mencion\u00f3 \u201cel salario m\u00ednimo vital y m\u00f3vil y las paritarias\u201d.<\/p>\n<p>Puntualiz\u00f3 que \u201calgunos empresarios, a los que no les fue nada mal en estos \u00faltimos 11 a\u00f1os, deber\u00edan ser un poco m\u00e1s solidarios y contribuir a seguir avanzando en una distribuci\u00f3n del ingreso m\u00e1s equitativa y as\u00ed continuar construyendo un pa\u00eds m\u00e1s justo\u201d.<\/p>\n<p>Randazzo pidi\u00f3 que \u201ctanto los empresarios como tambi\u00e9n los dirigentes sindicales sean razonables\u201d, y al momento de llevar adelante las negociaciones paritarias \u201cno maten a la gallina de los huevos de oro\u201d.<\/p>\n<p>En ese orden, el ministro destac\u00f3 mediante un comunicado que \u201ccomo siempre lo hemos hecho, el Estado estar\u00e1 presente como articulador para evitar abusos de cualquiera de las dos partes\u201d.<\/p>\n","protected":false},"excerpt":{"rendered":"<p>El ministro del Interior y Transporte, Florencio Randazzo, sostuvo que \u201chablar de eliminar las paritarias es un claro gesto en contra de los trabajadores\u201d, quienes \u201chan podido mejorar sus condiciones laborales y sociales a partir de las pol\u00edticas implementadas por este Gobierno\u201d.<\/p>\n","protected":false},"author":8,"featured_media":0,"comment_status":"open","ping_status":"open","sticky":false,"template":"","format":"standard","meta":{"_jetpack_newsletter_access":"","_jetpack_dont_email_post_to_subs":false,"_jetpack_newsletter_tier_id":0,"_jetpack_memberships_contains_paywalled_content":false,"_jetpack_memberships_contains_paid_content":false,"footnotes":""},"categories":[51],"tags":[],"class_list":["post-64095","post","type-post","status-publish","format-standard","hentry","category-politica"],"jetpack_shortlink":"https:\/\/wp.me\/p2JWE0-gFN","jetpack-related-posts":[{"id":112373,"url":"http:\/\/www.24baires.com\/?p=112373","url_meta":{"origin":64095,"position":0},"title":"Fern\u00e1ndez tild\u00f3 al Gobierno de \u201cmalandras\u201d: \u00abAgarran el poder y lo usan para sus negocios\u00bb","author":"AF","date":"04\/10\/2019","format":false,"excerpt":"\u00a0JUN\u00cdN - \"Vamos a cumplir con las obligaciones que nos dejan estos malandras pero antes vamos a cumplir con nuestra gente\", sostuvo el candidato a presidente en su primer acto con Randazzo, a quien consider\u00f3 \"ministeriable\". De gira en la cuarta secci\u00f3n electoral, el candidato a presidente del Frente de\u2026","rel":"","context":"En \u00abPol\u00edtica\u00bb","block_context":{"text":"Pol\u00edtica","link":"http:\/\/www.24baires.com\/?cat=51"},"img":{"alt_text":"","src":"https:\/\/i0.wp.com\/www.24baires.com\/wp-content\/uploads\/2019\/10\/fern%C3%A1ndez-jun%C3%ADn.jpg?resize=350%2C200","width":350,"height":200,"srcset":"https:\/\/i0.wp.com\/www.24baires.com\/wp-content\/uploads\/2019\/10\/fern%C3%A1ndez-jun%C3%ADn.jpg?resize=350%2C200 1x, https:\/\/i0.wp.com\/www.24baires.com\/wp-content\/uploads\/2019\/10\/fern%C3%A1ndez-jun%C3%ADn.jpg?resize=525%2C300 1.5x"},"classes":[]},{"id":111919,"url":"http:\/\/www.24baires.com\/?p=111919","url_meta":{"origin":64095,"position":1},"title":"Empresarios reconocen la ca\u00edda del salario y piden reabrir paritarias","author":"AF","date":"03\/09\/2019","format":false,"excerpt":"As\u00ed lo sostuvo el titular de la UIA, Miguel Acevedo. Critic\u00f3 a Macri al decir que \"tenemos un problema pol\u00edtico, no econ\u00f3mico. La coyuntura econ\u00f3mica es muy mala, pero estamos ahog\u00e1ndonos en un charco de agua\". Con cr\u00edticas al presidente Mauricio Macri, el titular de la Uni\u00f3n Industrial Argentina (UIA),\u2026","rel":"","context":"En \u00abSociedad\u00bb","block_context":{"text":"Sociedad","link":"http:\/\/www.24baires.com\/?cat=1"},"img":{"alt_text":"","src":"https:\/\/i0.wp.com\/www.24baires.com\/wp-content\/uploads\/2019\/02\/trabajador.jpg?resize=350%2C200","width":350,"height":200,"srcset":"https:\/\/i0.wp.com\/www.24baires.com\/wp-content\/uploads\/2019\/02\/trabajador.jpg?resize=350%2C200 1x, https:\/\/i0.wp.com\/www.24baires.com\/wp-content\/uploads\/2019\/02\/trabajador.jpg?resize=525%2C300 1.5x"},"classes":[]},{"id":103109,"url":"http:\/\/www.24baires.com\/?p=103109","url_meta":{"origin":64095,"position":2},"title":"Hasta empresarios consideran reabrir paritarias por la creciente inflaci\u00f3n","author":"AF","date":"02\/07\/2018","format":false,"excerpt":"\"Lamentablemente, hay que volver a mirar el proceso salarial\", admiti\u00f3 el vicepresidente de la UIA y director de Techint, Luis Betnaza, al reconocer que los aumentos quedaron desactualizados ante la suba de precios y la devaluaci\u00f3n. La inflaci\u00f3n, que este a\u00f1o podr\u00eda superar el 30%,y la devaluaci\u00f3n cotidiana del peso\u2026","rel":"","context":"En \u00abPol\u00edtica\u00bb","block_context":{"text":"Pol\u00edtica","link":"http:\/\/www.24baires.com\/?cat=51"},"img":{"alt_text":"","src":"https:\/\/i0.wp.com\/www.24baires.com\/wp-content\/uploads\/2016\/01\/sin-trabajo.jpg?resize=350%2C200","width":350,"height":200,"srcset":"https:\/\/i0.wp.com\/www.24baires.com\/wp-content\/uploads\/2016\/01\/sin-trabajo.jpg?resize=350%2C200 1x, https:\/\/i0.wp.com\/www.24baires.com\/wp-content\/uploads\/2016\/01\/sin-trabajo.jpg?resize=525%2C300 1.5x"},"classes":[]},{"id":105031,"url":"http:\/\/www.24baires.com\/?p=105031","url_meta":{"origin":64095,"position":3},"title":"Intendentes de Cambiemos intentar\u00e1n eliminar las PASO","author":"GB","date":"20\/10\/2018","format":false,"excerpt":"Intendentes de Cambiemos acordaron hoy lanzar un debate sobre la \"utilidad\" que tiene las PASO, como primer paso de plan pol\u00edtico para eliminar esas elecciones con el que buscan mantener dividido al peronismo para asegurar un triunfo del oficialismo en 2019. La estrategia fue ideada por el intendente de Vicente\u2026","rel":"","context":"En \u00abPol\u00edtica\u00bb","block_context":{"text":"Pol\u00edtica","link":"http:\/\/www.24baires.com\/?cat=51"},"img":{"alt_text":"","src":"https:\/\/i0.wp.com\/www.24baires.com\/wp-content\/uploads\/2018\/10\/intendentes-cambiemos-300x200.jpg?resize=350%2C200","width":350,"height":200},"classes":[]},{"id":105314,"url":"http:\/\/www.24baires.com\/?p=105314","url_meta":{"origin":64095,"position":4},"title":"Bono de fin de a\u00f1o: el Gobierno quiere que sea \u00abobligatorio para todo el sector privado\u00bb","author":"GB","date":"07\/11\/2018","format":false,"excerpt":"Tras la reuni\u00f3n con la CGT y con las c\u00e1maras empresariales, el Gobierno define por estas horas el decreto con la \"letra chica\" del acuerdo que establece un bono compensatorio para fin de a\u00f1o y, seg\u00fan inform\u00f3, quiere que sea \"obligatorio para todo el sector privado\". Al respecto, el ministro\u2026","rel":"","context":"En \u00abEconom\u00eda\u00bb","block_context":{"text":"Econom\u00eda","link":"http:\/\/www.24baires.com\/?cat=45"},"img":{"alt_text":"","src":"https:\/\/i0.wp.com\/www.24baires.com\/wp-content\/uploads\/2018\/11\/sica-300x200.jpg?resize=350%2C200","width":350,"height":200},"classes":[]},{"id":100382,"url":"http:\/\/www.24baires.com\/?p=100382","url_meta":{"origin":64095,"position":5},"title":"El Gobierno excluy\u00f3 a Ctera de una reuni\u00f3n docente y el sindicato ir\u00e1 por la impugnaci\u00f3n","author":"GB","date":"06\/02\/2018","format":false,"excerpt":"El Gobierno convoc\u00f3 hoy a sindicatos docentes con representaci\u00f3n nacional luego del decreto que, entre otras cosas, elimin\u00f3 la paritaria nacional. Desde Ctera aseguraron que impugnar\u00e1n la reuni\u00f3n e insistir\u00e1n con discutir salarios. El Ministerio de Educaci\u00f3n de la Naci\u00f3n, que conduce Alejandro Finocchiaro, convoc\u00f3 hoy a los representantes sindicales\u2026","rel":"","context":"En \u00abPol\u00edtica\u00bb","block_context":{"text":"Pol\u00edtica","link":"http:\/\/www.24baires.com\/?cat=51"},"img":{"alt_text":"","src":"https:\/\/i0.wp.com\/www.24baires.com\/wp-content\/uploads\/2013\/02\/aula-vac%C3%ADa.jpg?resize=350%2C200","width":350,"height":200,"srcset":"https:\/\/i0.wp.com\/www.24baires.com\/wp-content\/uploads\/2013\/02\/aula-vac%C3%ADa.jpg?resize=350%2C200 1x, https:\/\/i0.wp.com\/www.24baires.com\/wp-content\/uploads\/2013\/02\/aula-vac%C3%ADa.jpg?resize=525%2C300 1.5x"},"classes":[]}],"jetpack_sharing_enabled":true,"jetpack_likes_enabled":true,"jetpack_featured_media_url":"","_links":{"self":[{"href":"http:\/\/www.24baires.com\/index.php?rest_route=\/wp\/v2\/posts\/64095","targetHints":{"allow":["GET"]}}],"collection":[{"href":"http:\/\/www.24baires.com\/index.php?rest_route=\/wp\/v2\/posts"}],"about":[{"href":"http:\/\/www.24baires.com\/index.php?rest_route=\/wp\/v2\/types\/post"}],"author":[{"embeddable":true,"href":"http:\/\/www.24baires.com\/index.php?rest_route=\/wp\/v2\/users\/8"}],"replies":[{"embeddable":true,"href":"http:\/\/www.24baires.com\/index.php?rest_route=%2Fwp%2Fv2%2Fcomments&post=64095"}],"version-history":[{"count":1,"href":"http:\/\/www.24baires.com\/index.php?rest_route=\/wp\/v2\/posts\/64095\/revisions"}],"predecessor-version":[{"id":64096,"href":"http:\/\/www.24baires.com\/index.php?rest_route=\/wp\/v2\/posts\/64095\/revisions\/64096"}],"wp:attachment":[{"href":"http:\/\/www.24baires.com\/index.php?rest_route=%2Fwp%2Fv2%2Fmedia&parent=64095"}],"wp:term":[{"taxonomy":"category","embeddable":true,"href":"http:\/\/www.24baires.com\/index.php?rest_route=%2Fwp%2Fv2%2Fcategories&post=64095"},{"taxonomy":"post_tag","embeddable":true,"href":"http:\/\/www.24baires.com\/index.php?rest_route=%2Fwp%2Fv2%2Ftags&post=64095"}],"curies":[{"name":"wp","href":"https:\/\/api.w.org\/{rel}","templated":true}]}}