{"id":64088,"date":"2015-04-10T18:00:40","date_gmt":"2015-04-10T21:00:40","guid":{"rendered":"http:\/\/www.24baires.com\/?p=64088"},"modified":"2015-04-10T17:36:36","modified_gmt":"2015-04-10T20:36:36","slug":"el-juicio-por-encubrimiento-por-la-causa-amia-comenzara-el-6-de-agosto","status":"publish","type":"post","link":"http:\/\/www.24baires.com\/?p=64088","title":{"rendered":"El juicio por encubrimiento por la causa AMIA comenzar\u00e1 el 6 de agosto"},"content":{"rendered":"<p><img data-recalc-dims=\"1\" loading=\"lazy\" decoding=\"async\" class=\"aligncenter size-full wp-image-46084\" src=\"https:\/\/i0.wp.com\/www.24baires.com\/wp-content\/uploads\/2014\/05\/Atentado_AMIA.jpg?resize=560%2C373\" alt=\"Atentado_AMIA\" width=\"560\" height=\"373\" srcset=\"https:\/\/i0.wp.com\/www.24baires.com\/wp-content\/uploads\/2014\/05\/Atentado_AMIA.jpg?w=560 560w, https:\/\/i0.wp.com\/www.24baires.com\/wp-content\/uploads\/2014\/05\/Atentado_AMIA.jpg?resize=300%2C199 300w\" sizes=\"auto, (max-width: 560px) 100vw, 560px\" \/>La fecha fue fijada por el Tribunal Oral Federal 2 de la Capital. Ser\u00e1n juzgados, entre otros, el ex presidente Carlos Menem, el entonces jefe de la Side, Hugo Anzorreguy. y el ex juez Juan Jos\u00e9 Galeano.<!--more--><\/p>\n<p>El Tribunal Oral Federal 2 de la Capital fij\u00f3 la fecha del 6 de agosto para el inicio del juicio por el encubrimiento al atentado de la AMIA, que en principio hab\u00eda sido anunciado para el a\u00f1o pr\u00f3ximo, y en el que ser\u00e1n juzgados, entre otros, el ex presidente Carlos Menem, el entonces jefe de la Side, Hugo Anzorreguy. y el ex juez Juan Jos\u00e9 Galeano.<\/p>\n<p>El tribunal tambi\u00e9n estableci\u00f3 para el 2 de julio pr\u00f3ximo la realizaci\u00f3n de la audiencia para el tratamiento de las cuestiones pendientes fijadas por la C\u00e1mara Federal de Casaci\u00f3n Penal, que orden\u00f3 medidas para acelerar el inicio del proceso oral.<\/p>\n<p>&nbsp;<\/p>\n<p>&nbsp;<\/p>\n<p>&nbsp;<\/p>\n<p>&nbsp;<\/p>\n<p>&nbsp;<\/p>\n<p>&nbsp;<\/p>\n<p>&nbsp;<\/p>\n<p>&nbsp;<\/p>\n<p>&nbsp;<\/p>\n<p>&nbsp;<\/p>\n<p>&nbsp;<\/p>\n<p>&nbsp;<\/p>\n<p>&nbsp;<\/p>\n","protected":false},"excerpt":{"rendered":"<p>La fecha fue fijada por el Tribunal Oral Federal 2 de la Capital. Ser\u00e1n juzgados, entre otros, el ex presidente Carlos Menem, el entonces jefe de la Side, Hugo Anzorreguy. y el ex juez Juan Jos\u00e9 Galeano.<\/p>\n","protected":false},"author":8,"featured_media":0,"comment_status":"open","ping_status":"open","sticky":false,"template":"","format":"standard","meta":{"_jetpack_newsletter_access":"","_jetpack_dont_email_post_to_subs":false,"_jetpack_newsletter_tier_id":0,"_jetpack_memberships_contains_paywalled_content":false,"_jetpack_memberships_contains_paid_content":false,"footnotes":""},"categories":[68,51],"tags":[],"class_list":["post-64088","post","type-post","status-publish","format-standard","hentry","category-judiciales","category-politica"],"jetpack_shortlink":"https:\/\/wp.me\/p2JWE0-gFG","jetpack-related-posts":[{"id":107035,"url":"http:\/\/www.24baires.com\/?p=107035","url_meta":{"origin":64088,"position":0},"title":"Absolvieron a Menem por el juicio por encubrimiento del atentado a la AMIA","author":"AF","date":"28\/02\/2019","format":false,"excerpt":"El ex presidente y actual senador fue absuelto en la causa por encubrimiento del atentado contra la AMIA. Este juicio oral se desarroll\u00f3 durante a\u00f1os ante la indiferencia casi total de los grande medios. El gobierno intent\u00f3 salvar a muchos de los imputados. El ex presidente y actual senador Carlos\u2026","rel":"","context":"En \u00abJUDICIALES\u00bb","block_context":{"text":"JUDICIALES","link":"http:\/\/www.24baires.com\/?cat=68"},"img":{"alt_text":"","src":"https:\/\/i0.wp.com\/www.24baires.com\/wp-content\/uploads\/2016\/05\/menem-c.jpg?resize=350%2C200","width":350,"height":200,"srcset":"https:\/\/i0.wp.com\/www.24baires.com\/wp-content\/uploads\/2016\/05\/menem-c.jpg?resize=350%2C200 1x, https:\/\/i0.wp.com\/www.24baires.com\/wp-content\/uploads\/2016\/05\/menem-c.jpg?resize=525%2C300 1.5x"},"classes":[]},{"id":64709,"url":"http:\/\/www.24baires.com\/?p=64709","url_meta":{"origin":64088,"position":1},"title":"Menem se notific\u00f3 en persona en el juicio por encubrimiento de la AMIA","author":"AF","date":"22\/04\/2015","format":false,"excerpt":"El actual senador Carlos Menem tuvo que concurrir en persona al sexto piso de los tribunales federales de Retiro, junto a sus abogados Omar Daer y Pedro Baldi, para quedar notificado del juicio oral en la causa donde qued\u00f3 procesado por encubrimiento. El ex presidente Carlos Menem se notific\u00f3 hoy\u2026","rel":"","context":"En \u00abLocales\u00bb","block_context":{"text":"Locales","link":"http:\/\/www.24baires.com\/?cat=38"},"img":{"alt_text":"","src":"","width":0,"height":0},"classes":[]},{"id":69955,"url":"http:\/\/www.24baires.com\/?p=69955","url_meta":{"origin":64088,"position":2},"title":"El jueves comenzar\u00e1 el juicio por encubrimiento de la causa Amia","author":"AF","date":"03\/08\/2015","format":false,"excerpt":"Ser\u00e1n juzgados el ex presidente Carlos Menem; el ex tituar de la SIDE, Hugo Anzorregui; el ex Juez Juan Jos\u00e9 Galeano; el ex titular de la DAIA, Rub\u00e9n Beraja y el ex comisario Jorge \"Fino\" Palacios, entre otros. El pr\u00f3ximo jueves comenzar\u00e1 el juicio oral por graves delitos cometidos durante\u2026","rel":"","context":"En \u00abJUDICIALES\u00bb","block_context":{"text":"JUDICIALES","link":"http:\/\/www.24baires.com\/?cat=68"},"img":{"alt_text":"","src":"","width":0,"height":0},"classes":[]},{"id":70915,"url":"http:\/\/www.24baires.com\/?p=70915","url_meta":{"origin":64088,"position":3},"title":"La defensa de Menem advirti\u00f3 que la indagatoria podr\u00eda afectar la seguridad nacional","author":"GB","date":"20\/08\/2015","format":false,"excerpt":"Plante\u00f3 que una declaraci\u00f3n en el juicio en su contra por encubrimiento del atentado a la AMIA podr\u00eda afectar la \"convivencia pac\u00edfica\" con otros pa\u00edses, y por eso pidi\u00f3 que el Congreso releve al ex mandatario de la obligaci\u00f3n de guardar secreto de Estado. Adem\u00e1s, su defensor Omar Daer pidi\u00f3\u2026","rel":"","context":"En \u00abPol\u00edtica\u00bb","block_context":{"text":"Pol\u00edtica","link":"http:\/\/www.24baires.com\/?cat=51"},"img":{"alt_text":"menem","src":"https:\/\/i0.wp.com\/www.24baires.com\/wp-content\/uploads\/2013\/05\/menem.jpg?resize=350%2C200","width":350,"height":200,"srcset":"https:\/\/i0.wp.com\/www.24baires.com\/wp-content\/uploads\/2013\/05\/menem.jpg?resize=350%2C200 1x, https:\/\/i0.wp.com\/www.24baires.com\/wp-content\/uploads\/2013\/05\/menem.jpg?resize=525%2C300 1.5x"},"classes":[]},{"id":30155,"url":"http:\/\/www.24baires.com\/?p=30155","url_meta":{"origin":64088,"position":4},"title":"AMIA: Qued\u00f3 firme el caso contra el ex Juez Galeano","author":"GB","date":"14\/08\/2013","format":false,"excerpt":"La C\u00e1mara Federal de Casaci\u00f3n penal desestim\u00f3 un recurso del destituido ex juez federal Juan Jos\u00e9 Galeano, con lo cual ser\u00e1 juzgado por irregularidades en la investigaci\u00f3n del atentado a la AMIA, cuando la causa penal estuvo a su cargo, entre ellas el pago ilegal de 400 mil d\u00f3lares a\u2026","rel":"","context":"En \u00abJUDICIALES\u00bb","block_context":{"text":"JUDICIALES","link":"http:\/\/www.24baires.com\/?cat=68"},"img":{"alt_text":"","src":"https:\/\/i0.wp.com\/www.24baires.com\/wp-content\/uploads\/2013\/08\/Caso-Galeano.jpg?resize=350%2C200","width":350,"height":200,"srcset":"https:\/\/i0.wp.com\/www.24baires.com\/wp-content\/uploads\/2013\/08\/Caso-Galeano.jpg?resize=350%2C200 1x, https:\/\/i0.wp.com\/www.24baires.com\/wp-content\/uploads\/2013\/08\/Caso-Galeano.jpg?resize=525%2C300 1.5x"},"classes":[]},{"id":73977,"url":"http:\/\/www.24baires.com\/?p=73977","url_meta":{"origin":64088,"position":5},"title":"AMIA: Ex titular de SIDE se neg\u00f3 a declarar en el juicio por encubrimiento","author":"GB","date":"22\/10\/2015","format":false,"excerpt":"Hugo Anzorreguy ejerci\u00f3 su derecho de permanecer callado por recomendaci\u00f3n de su m\u00e9dico. Est\u00e1 acusado de desviar la investigaci\u00f3n que segu\u00eda la pista seria en el atentado a la mutual jud\u00eda. El ex titular de la SIDE durante el menemismo Hugo Anzorreguy se neg\u00f3 este jueves a declarar en el\u2026","rel":"","context":"En \u00abPol\u00edtica\u00bb","block_context":{"text":"Pol\u00edtica","link":"http:\/\/www.24baires.com\/?cat=51"},"img":{"alt_text":"Atentado_AMIA","src":"https:\/\/i0.wp.com\/www.24baires.com\/wp-content\/uploads\/2014\/05\/Atentado_AMIA.jpg?resize=350%2C200","width":350,"height":200,"srcset":"https:\/\/i0.wp.com\/www.24baires.com\/wp-content\/uploads\/2014\/05\/Atentado_AMIA.jpg?resize=350%2C200 1x, https:\/\/i0.wp.com\/www.24baires.com\/wp-content\/uploads\/2014\/05\/Atentado_AMIA.jpg?resize=525%2C300 1.5x"},"classes":[]}],"jetpack_sharing_enabled":true,"jetpack_likes_enabled":true,"jetpack_featured_media_url":"","_links":{"self":[{"href":"http:\/\/www.24baires.com\/index.php?rest_route=\/wp\/v2\/posts\/64088","targetHints":{"allow":["GET"]}}],"collection":[{"href":"http:\/\/www.24baires.com\/index.php?rest_route=\/wp\/v2\/posts"}],"about":[{"href":"http:\/\/www.24baires.com\/index.php?rest_route=\/wp\/v2\/types\/post"}],"author":[{"embeddable":true,"href":"http:\/\/www.24baires.com\/index.php?rest_route=\/wp\/v2\/users\/8"}],"replies":[{"embeddable":true,"href":"http:\/\/www.24baires.com\/index.php?rest_route=%2Fwp%2Fv2%2Fcomments&post=64088"}],"version-history":[{"count":1,"href":"http:\/\/www.24baires.com\/index.php?rest_route=\/wp\/v2\/posts\/64088\/revisions"}],"predecessor-version":[{"id":64089,"href":"http:\/\/www.24baires.com\/index.php?rest_route=\/wp\/v2\/posts\/64088\/revisions\/64089"}],"wp:attachment":[{"href":"http:\/\/www.24baires.com\/index.php?rest_route=%2Fwp%2Fv2%2Fmedia&parent=64088"}],"wp:term":[{"taxonomy":"category","embeddable":true,"href":"http:\/\/www.24baires.com\/index.php?rest_route=%2Fwp%2Fv2%2Fcategories&post=64088"},{"taxonomy":"post_tag","embeddable":true,"href":"http:\/\/www.24baires.com\/index.php?rest_route=%2Fwp%2Fv2%2Ftags&post=64088"}],"curies":[{"name":"wp","href":"https:\/\/api.w.org\/{rel}","templated":true}]}}