{"id":64083,"date":"2015-04-10T16:54:43","date_gmt":"2015-04-10T19:54:43","guid":{"rendered":"http:\/\/www.24baires.com\/?p=64083"},"modified":"2015-04-11T11:52:39","modified_gmt":"2015-04-11T14:52:39","slug":"cristina-ya-partio-rumbo-a-panama-para-la-cumbre-de-las-americas","status":"publish","type":"post","link":"http:\/\/www.24baires.com\/?p=64083","title":{"rendered":"Cristina ya parti\u00f3 rumbo a Panam\u00e1 para la Cumbre de las Am\u00e9ricas"},"content":{"rendered":"<p><img data-recalc-dims=\"1\" loading=\"lazy\" decoding=\"async\" class=\"aligncenter size-full wp-image-7641\" src=\"https:\/\/i0.wp.com\/www.24baires.com\/wp-content\/uploads\/2012\/12\/cristina-avi%C3%B3n.jpg?resize=560%2C247\" alt=\"cristina avi\u00f3n\" width=\"560\" height=\"247\" srcset=\"https:\/\/i0.wp.com\/www.24baires.com\/wp-content\/uploads\/2012\/12\/cristina-avi%C3%B3n.jpg?w=560 560w, https:\/\/i0.wp.com\/www.24baires.com\/wp-content\/uploads\/2012\/12\/cristina-avi%C3%B3n.jpg?resize=300%2C132 300w\" sizes=\"auto, (max-width: 560px) 100vw, 560px\" \/>El encuentro se realizar\u00e1 hasta el s\u00e1bado por la tarde, en un contexto pol\u00edtico signado por la reanudaci\u00f3n del di\u00e1logo entre Estados Unidos y Cuba y la declaraci\u00f3n del gobierno de Barack Obama contra Venezuela a la que consider\u00f3 una \u00abamenaza extraordinaria e inusual contra la seguridad\u00bb norteamericana.<!--more--><\/p>\n<p>Cristina Fern\u00e1ndez de Kirchner parti\u00f3 esta tarde rumbo a Panam\u00e1 para participar de la VII Cumbre de las Am\u00e9ricas, que tendr\u00e1 lugar en la capital paname\u00f1a hasta el s\u00e1bado, con la participaci\u00f3n de un total del 35 jefes y jefas de Estado del continente americano, entre los que se cuenta por primera vez Cuba, representada por su presidente Ra\u00fal Castro.<\/p>\n<p>La jefa de Estado parti\u00f3 a las 16, desde el sector militar del aeroparque \u201cJorge Newbery\u201d, a bordo del avi\u00f3n Tango 01, acompa\u00f1ado por el secretario de Comunicaci\u00f3n P\u00fablica, Alfredo Scoccimarro, el senador del Frente para la Victoria (FpV) Ruperto Godoy, y el secretario de Asuntos relativos a las Islas Malvinas, Daniel Filmus, entre otros funcionarios.<\/p>\n<p>Los 35 mandatarios del continente americano debatir\u00e1n en Panam\u00e1 sobre lo que ser\u00e1 el principal eje tem\u00e1tico de la VII Cumbre: \u00abProsperidad con Equidad: El Desaf\u00edo de la Cooperaci\u00f3n en la Am\u00e9ricas\u00bb.<\/p>\n<p>Adem\u00e1s, los mandatarios que integran la Uni\u00f3n de Naciones Suramericana (Unasur) plantear\u00e1n una agenda de temas sensibles a la regi\u00f3n, entre los que se destaca la injerencia pol\u00edtica y econ\u00f3mica de Estados Unidos en los pa\u00edses latinoamericanos, reflejada en el \u00faltimo decreto de Estados Unidos contra Venezuela, y el accionar de los fondos buitre.<\/p>\n<p>La delegaci\u00f3n argentina, encabezada por la Presidenta, manifestar\u00e1 en la ciudad de Panam\u00e1 su apoyo a Venezuela como ya lo hizo antes tras conocerse el decreto de Obama que gener\u00f3 un rechazo casi un\u00e1nime por parte de los pa\u00edses sudamericanos.<\/p>\n<p>En la tercera y \u00faltima Cumbre de las Am\u00e9ricas de la que participar\u00e1 la jefa de Estado antes de que concluya su mandato, reiterar\u00e1 el reclamo para que el Reino Unido cumpla con las resoluciones de Naciones Unidas y acceda a participar de una mesa de di\u00e1logo con Argentina sobre la soberan\u00eda de las Islas Malvinas.<\/p>\n<p>Otro de los puntos a exponer por la mandataria argentina ser\u00e1, al igual que lo hizo en la reuni\u00f3n de Naciones Unidas, el accionar de los denominados fondos buitre.<\/p>\n<p>En lo que va de su mandato, la Presidenta particip\u00f3 de las reuniones de mandatarios de los pa\u00edses miembros de la Organizaci\u00f3n de los Estados Americanos (OEA) realizadas en Puerto Espa\u00f1a, Trinidad y Tobago (2009) y en Cartagena de Indias, Colombia (2012).<\/p>\n<p>En la \u00faltima, luego de la tradicional foto con los presidentes, Cristina Kirchner y Barack Obama concretaron el encuentro bilateral que hab\u00eda solicitado previamente el mandatario estadounidense, durante el cual reafirmaron que ambos pa\u00edses \u00abmantienen y mantendr\u00e1n buenas y activas relaciones bilaterales\u00bb.<\/p>\n<p>Tras 30 minutos de di\u00e1logo, Obama dej\u00f3 en claro que \u00abno hubo ninguna exigencia sobre ning\u00fan tema\u00bb y adem\u00e1s manifest\u00f3 a la Jefa de Estado argentina la voluntad de \u00abseguir siendo buenos socios y amigos\u00bb.<\/p>\n<p>Esta cumbre ocurrir\u00e1 a pocos d\u00edas de que en los \u00faltimos d\u00edas la subsecretaria para Asuntos Hemisf\u00e9ricos de Estados Unidos, Roberta Jacobson, opinara que la econom\u00eda argentina est\u00e1 \u00aben muy mala forma\u00bb y recibiera una contundente respuesta de parte de la Canciller\u00eda.<\/p>\n<p>A diferencia de la \u00faltima Cumbre de las Am\u00e9ricas realizada en Colombia, Cuba volvi\u00f3 a ser invitada a participar de este evento y, luego de la reanudaci\u00f3n de las relaciones diplom\u00e1ticas con Estados Unidos, participar\u00e1 por primera vez de dicho encuentro por pedido de varios pa\u00edses sudamericanos y del Caribe, ya que se le levant\u00f3 en 2009 la suspensi\u00f3n como miembro de la OEA.<\/p>\n<p>En el marco de la VII Cumbre de las Am\u00e9ricas en Panam\u00e1, se desarrollar\u00e1n varios foros paralelos de los que se destacan el de sociedad civil y actores sociales; de la juventud; empresarial y de rectores de universidad nacional.<\/p>\n<p>Tambi\u00e9n se realizar\u00e1 en la ciudad de Panam\u00e1 la contra cumbre conocida como La Cumbre de los Pueblos que tuvo su m\u00e1xima participaci\u00f3n en 2005 en la ciudad argentina de Mar del Plata, donde el presidente de Venezuela, Hugo Ch\u00e1vez, celebr\u00f3 el rechazo al \u00c1rea de Libre Comercio de las Am\u00e9ricas (ALCA) con la recordada frase: \u00abALCA, al carajo\u00bb.<\/p>\n","protected":false},"excerpt":{"rendered":"<p>El encuentro se realizar\u00e1 hasta el s\u00e1bado por la tarde, en un contexto pol\u00edtico signado por la reanudaci\u00f3n del di\u00e1logo entre Estados Unidos y Cuba y la declaraci\u00f3n del gobierno de Barack Obama contra Venezuela a la que consider\u00f3 una \u00abamenaza extraordinaria e inusual contra la seguridad\u00bb norteamericana.<\/p>\n","protected":false},"author":8,"featured_media":0,"comment_status":"open","ping_status":"open","sticky":false,"template":"","format":"standard","meta":{"_jetpack_newsletter_access":"","_jetpack_dont_email_post_to_subs":false,"_jetpack_newsletter_tier_id":0,"_jetpack_memberships_contains_paywalled_content":false,"_jetpack_memberships_contains_paid_content":false,"footnotes":""},"categories":[51],"tags":[],"class_list":["post-64083","post","type-post","status-publish","format-standard","hentry","category-politica"],"jetpack_shortlink":"https:\/\/wp.me\/p2JWE0-gFB","jetpack-related-posts":[{"id":13631,"url":"http:\/\/www.24baires.com\/?p=13631","url_meta":{"origin":64083,"position":0},"title":"La Presidenta viaja a Chile para participar de la Cumbre de la Celac y la UE","author":"AF","date":"26\/01\/2013","format":false,"excerpt":"La Presidenta parti\u00f3 poco antes del mediod\u00eda a Santiago, donde participar\u00e1 de la primera Cumbre entre jefes y jefas de Estado de la Comunidad de Estados Latinoamericanos y Caribe\u00f1os y la Uni\u00f3n Europea. La presidenta Cristina Fern\u00e1ndez de Kirchner parti\u00f3 desde Buenos Aires a las 11.20 con destino a Santiago\u2026","rel":"","context":"En \u00abPol\u00edtica\u00bb","block_context":{"text":"Pol\u00edtica","link":"http:\/\/www.24baires.com\/?cat=51"},"img":{"alt_text":"cristina yendo a chile","src":"https:\/\/i0.wp.com\/www.24baires.com\/wp-content\/uploads\/2013\/01\/cristina-yendo-a-chile-300x200.jpg?resize=350%2C200","width":350,"height":200},"classes":[]},{"id":39237,"url":"http:\/\/www.24baires.com\/?p=39237","url_meta":{"origin":64083,"position":1},"title":"Cristina ya est\u00e1 en Cuba a la espera del inicio de la Cumbre de la CELAC","author":"Grupo Sierra","date":"25\/01\/2014","format":false,"excerpt":"Cristina Fern\u00e1ndez de Kirchner lleg\u00f3 pasadas las 7.15 (hora de Cuba, 9.15 hora argentina) al aeropuerto Jos\u00e9 Mart\u00ed de La Habana, para participar en la II Cumbre de la Comunidad de Estados Latinoamericanos y Caribe\u00f1os, que tendr\u00e1 lugar en esta ciudad entre el 28 y 29 de enero. La jefa\u2026","rel":"","context":"En \u00abPol\u00edtica\u00bb","block_context":{"text":"Pol\u00edtica","link":"http:\/\/www.24baires.com\/?cat=51"},"img":{"alt_text":"","src":"","width":0,"height":0},"classes":[]},{"id":32288,"url":"http:\/\/www.24baires.com\/?p=32288","url_meta":{"origin":64083,"position":2},"title":"Cristina viaja a Nueva York para participar de la Asamblea de la ONU","author":"GB","date":"22\/09\/2013","format":false,"excerpt":"La Presidenta parti\u00f3 a las 19 del sector militar del aeroparque rumbo a Nueva York para participar de la 68va Asamblea General de las Naciones Unidas, en una una visita de dos d\u00edas a Estados Unidos. La jefa de Estado tiene previsto su arribo al aeropuerto internacional John F. Kennedy\u2026","rel":"","context":"En \u00abPol\u00edtica\u00bb","block_context":{"text":"Pol\u00edtica","link":"http:\/\/www.24baires.com\/?cat=51"},"img":{"alt_text":"cristina avion","src":"https:\/\/i0.wp.com\/www.24baires.com\/wp-content\/uploads\/2013\/09\/cristina-avion.jpg?resize=350%2C200","width":350,"height":200},"classes":[]},{"id":118957,"url":"http:\/\/www.24baires.com\/?p=118957","url_meta":{"origin":64083,"position":3},"title":"Alberto Fern\u00e1ndez pedir\u00e1 en EEUU por una latinoam\u00e9rica \u00abunida y sin exclusiones\u00bb","author":"AF","date":"08\/06\/2022","format":false,"excerpt":"Alberto Fern\u00e1ndez hablar\u00e1 este jueves en la IX Cumbre de las Am\u00e9ricas donde, entre otras cosas, plantear\u00e1 la posici\u00f3n de la Celac sobre las consecuencias de la guerra en Ucrania. El presidente Alberto Fern\u00e1ndez hablar\u00e1 este jueves en la IX Cumbre de las Am\u00e9ricas, en la ciudad estadounidense de Los\u2026","rel":"","context":"En \u00abPol\u00edtica\u00bb","block_context":{"text":"Pol\u00edtica","link":"http:\/\/www.24baires.com\/?cat=51"},"img":{"alt_text":"","src":"https:\/\/i0.wp.com\/www.24baires.com\/wp-content\/uploads\/2022\/06\/62a12bcb4ea89_900.jpg?resize=350%2C200","width":350,"height":200,"srcset":"https:\/\/i0.wp.com\/www.24baires.com\/wp-content\/uploads\/2022\/06\/62a12bcb4ea89_900.jpg?resize=350%2C200 1x, https:\/\/i0.wp.com\/www.24baires.com\/wp-content\/uploads\/2022\/06\/62a12bcb4ea89_900.jpg?resize=525%2C300 1.5x, https:\/\/i0.wp.com\/www.24baires.com\/wp-content\/uploads\/2022\/06\/62a12bcb4ea89_900.jpg?resize=700%2C400 2x"},"classes":[]},{"id":84394,"url":"http:\/\/www.24baires.com\/?p=84394","url_meta":{"origin":64083,"position":4},"title":"Macri viaja a la cumbre de la Alianza del Pac\u00edfico en Chile","author":"AF","date":"30\/06\/2016","format":false,"excerpt":"El Mandatario tiene previsto participar de una ronda de trabajo con sus pares de Chile, Michelle Bachelet, de M\u00e9xico, Enrique Pe\u00f1a Nieto; de Per\u00fa, Ollanta Humala; y de Colombia, Juan Manuel Santos; y luego con empresarios de los pa\u00edses integrantes de la alianza. El presidente Mauricio Macri viajar\u00e1 este jueves\u2026","rel":"","context":"En \u00abInternacionales\u00bb","block_context":{"text":"Internacionales","link":"http:\/\/www.24baires.com\/?cat=73"},"img":{"alt_text":"macri conferencia","src":"https:\/\/i0.wp.com\/www.24baires.com\/wp-content\/uploads\/2016\/05\/macri-conferencia.jpg?resize=350%2C200","width":350,"height":200,"srcset":"https:\/\/i0.wp.com\/www.24baires.com\/wp-content\/uploads\/2016\/05\/macri-conferencia.jpg?resize=350%2C200 1x, https:\/\/i0.wp.com\/www.24baires.com\/wp-content\/uploads\/2016\/05\/macri-conferencia.jpg?resize=525%2C300 1.5x"},"classes":[]},{"id":58120,"url":"http:\/\/www.24baires.com\/?p=58120","url_meta":{"origin":64083,"position":5},"title":"La Presidenta viaja a Ecuador para participar de la Cumbre de la Unasur","author":"AF","date":"04\/12\/2014","format":false,"excerpt":"La presidenta Cristina Fern\u00e1ndez de Kirchner parti\u00f3 hacia Ecuador para participar de la VIII Cumbre de Jefas y Jefes de Estado y de Gobierno de la Uni\u00f3n de Naciones Suramericanas (Unasur) y de la inauguraci\u00f3n de la sede del organismo, que llevar\u00e1 el nombre \"N\u00e9stor Kirchner\", en homenaje al ex\u2026","rel":"","context":"En \u00abPol\u00edtica\u00bb","block_context":{"text":"Pol\u00edtica","link":"http:\/\/www.24baires.com\/?cat=51"},"img":{"alt_text":"","src":"https:\/\/i0.wp.com\/www.24baires.com\/wp-content\/uploads\/2014\/12\/crist-avi%C3%B3n.jpg?resize=350%2C200","width":350,"height":200,"srcset":"https:\/\/i0.wp.com\/www.24baires.com\/wp-content\/uploads\/2014\/12\/crist-avi%C3%B3n.jpg?resize=350%2C200 1x, https:\/\/i0.wp.com\/www.24baires.com\/wp-content\/uploads\/2014\/12\/crist-avi%C3%B3n.jpg?resize=525%2C300 1.5x"},"classes":[]}],"jetpack_sharing_enabled":true,"jetpack_likes_enabled":true,"jetpack_featured_media_url":"","_links":{"self":[{"href":"http:\/\/www.24baires.com\/index.php?rest_route=\/wp\/v2\/posts\/64083","targetHints":{"allow":["GET"]}}],"collection":[{"href":"http:\/\/www.24baires.com\/index.php?rest_route=\/wp\/v2\/posts"}],"about":[{"href":"http:\/\/www.24baires.com\/index.php?rest_route=\/wp\/v2\/types\/post"}],"author":[{"embeddable":true,"href":"http:\/\/www.24baires.com\/index.php?rest_route=\/wp\/v2\/users\/8"}],"replies":[{"embeddable":true,"href":"http:\/\/www.24baires.com\/index.php?rest_route=%2Fwp%2Fv2%2Fcomments&post=64083"}],"version-history":[{"count":1,"href":"http:\/\/www.24baires.com\/index.php?rest_route=\/wp\/v2\/posts\/64083\/revisions"}],"predecessor-version":[{"id":64084,"href":"http:\/\/www.24baires.com\/index.php?rest_route=\/wp\/v2\/posts\/64083\/revisions\/64084"}],"wp:attachment":[{"href":"http:\/\/www.24baires.com\/index.php?rest_route=%2Fwp%2Fv2%2Fmedia&parent=64083"}],"wp:term":[{"taxonomy":"category","embeddable":true,"href":"http:\/\/www.24baires.com\/index.php?rest_route=%2Fwp%2Fv2%2Fcategories&post=64083"},{"taxonomy":"post_tag","embeddable":true,"href":"http:\/\/www.24baires.com\/index.php?rest_route=%2Fwp%2Fv2%2Ftags&post=64083"}],"curies":[{"name":"wp","href":"https:\/\/api.w.org\/{rel}","templated":true}]}}