{"id":64064,"date":"2015-04-09T22:30:40","date_gmt":"2015-04-10T01:30:40","guid":{"rendered":"http:\/\/www.24baires.com\/?p=64064"},"modified":"2015-04-09T20:21:46","modified_gmt":"2015-04-09T23:21:46","slug":"rossi-es-necesario-el-debate-primero-dentro-del-fpv-y-despues-con-la-derecha-de-macri","status":"publish","type":"post","link":"http:\/\/www.24baires.com\/?p=64064","title":{"rendered":"Rossi: \u201cEs necesario el debate primero dentro del FPV y despu\u00e9s, con la derecha de Macri\u201d"},"content":{"rendered":"<p><img data-recalc-dims=\"1\" loading=\"lazy\" decoding=\"async\" class=\"aligncenter size-full wp-image-64065\" src=\"https:\/\/i0.wp.com\/www.24baires.com\/wp-content\/uploads\/2015\/04\/rossi-derecha.jpg?resize=560%2C373\" alt=\"rossi derecha\" width=\"560\" height=\"373\" srcset=\"https:\/\/i0.wp.com\/www.24baires.com\/wp-content\/uploads\/2015\/04\/rossi-derecha.jpg?w=560 560w, https:\/\/i0.wp.com\/www.24baires.com\/wp-content\/uploads\/2015\/04\/rossi-derecha.jpg?resize=300%2C200 300w\" sizes=\"auto, (max-width: 560px) 100vw, 560px\" \/><\/p>\n<p>El ministro de Defensa y precandidato presencial, Agust\u00edn Rossi, visit\u00f3 hoy la ciudad de Santa Fe donde manifest\u00f3 que es \u201cnecesario el debate de propuestas primero dentro del FPV y, despu\u00e9s, con la derecha que encarna (Maurcio) Macri\u201d.<!--more--><\/p>\n<p>Y agreg\u00f3: \u201cDebemos presionar a la alianza de derecha que conforman el PRO y la UCR para que fije posiciones de frente a la sociedad, en torno a las pol\u00edticas sociales y econ\u00f3micas que se vienen implementando dese 2003\u201d.<\/p>\n<p>\u201cDel PRO nos diferencian los valores; su plan econ\u00f3mico va a plantear mayor desigualdad social\u201d, enfatiz\u00f3 el candidato presidencial, en tanto que a\u00f1adi\u00f3: \u201cEl modelo de Macri nos va a llevar a un 18 por ciento de desocupaci\u00f3n\u201d.<\/p>\n<p>En ese contexto, Rossi insisti\u00f3 en que \u201cla descalificaciones personales no favorecen a nadie, ni al que las emite, ni al que las recibe, s\u00ed creo en el debate de iniciativas y propuestas, tal como lo vengo proponiendo hace meses\u201d.<\/p>\n<p>En referencia a las pr\u00f3ximas elecciones provinciales que se celebrar\u00e1n el pr\u00f3ximo 19 de abril, Rossi remarc\u00f3 que \u201ccada vez que se acerca un nuevo proceso electoral en Santa Fe el actual gobierno provincial busca victimizarse, pero eso ya no les alcanza a los santafesinos\u201d.<\/p>\n<p>\u201cQuiero manifestar mi respaldo expl\u00edcito a nuestra lista de candidatos y, tambi\u00e9n, a la f\u00f3rmula a gobernador y vice por el FPV que integran Omar Perotti y Alejandro Ramos\u201d, recalc\u00f3 Rossi.<\/p>\n<p>En esa l\u00ednea, sum\u00f3: \u201cLes pido a todos los santafesinos que acompa\u00f1en con su voto a nuestros candidatos del Frente Justicialista para la Victoria\u201d.<\/p>\n<p>\u201cEl cambio en Santa Fe necesita honestidad, compromiso y calidad de gobierno y es el justicialismo, con sus diferentes postulaciones, el que tiene todos estos valores\u201d, finaliz\u00f3 el candidato a Presidente.<\/p>\n<p>Estuvieron presentes y adhirieron al acto, los precandidatos a diputados provinciales Luis Rubeo y Leandro Busatto; el precandidato a senador, Marcos Castello; el precandidato Intendente de Santa Fe, Carlos Felice; la precandidata a concejal, Marcela Aeberhard; y el precandidato a concejal de Santo Tom\u00e9, Rodrigo \u201cTata\u201d Alvizo, entre otros.<\/p>\n","protected":false},"excerpt":{"rendered":"<p>El ministro de Defensa y precandidato presencial, Agust\u00edn Rossi, visit\u00f3 hoy la ciudad de Santa Fe donde manifest\u00f3 que es \u201cnecesario el debate de propuestas primero dentro del FPV y, despu\u00e9s, con la derecha que encarna (Maurcio) Macri\u201d.<\/p>\n","protected":false},"author":11,"featured_media":0,"comment_status":"open","ping_status":"open","sticky":false,"template":"","format":"standard","meta":{"_jetpack_newsletter_access":"","_jetpack_dont_email_post_to_subs":false,"_jetpack_newsletter_tier_id":0,"_jetpack_memberships_contains_paywalled_content":false,"_jetpack_memberships_contains_paid_content":false,"footnotes":""},"categories":[51],"tags":[],"class_list":["post-64064","post","type-post","status-publish","format-standard","hentry","category-politica"],"jetpack_shortlink":"https:\/\/wp.me\/p2JWE0-gFi","jetpack-related-posts":[{"id":103525,"url":"http:\/\/www.24baires.com\/?p=103525","url_meta":{"origin":64064,"position":0},"title":"Presentan proyecto para derogar el decreto de Macri de intervenci\u00f3n de las Fuerzas Armadas","author":"AF","date":"25\/07\/2018","format":false,"excerpt":"Los fundamentos de la iniciativa que encabeza el presidente del bloque FPV-PJ, Agust\u00edn Rossi, sostienen que el presidente \u201ca trav\u00e9s de un simple decreto reglamentario intenta cambiar las bases sobre las que est\u00e1 estructurado nuestro sistema de Defensa Nacional, construido desde la recuperaci\u00f3n democr\u00e1tica\u201d. Diputados y diputadas del bloque FPV-PJ\u2026","rel":"","context":"En \u00abLocales\u00bb","block_context":{"text":"Locales","link":"http:\/\/www.24baires.com\/?cat=38"},"img":{"alt_text":"","src":"https:\/\/i0.wp.com\/www.24baires.com\/wp-content\/uploads\/2018\/07\/macri-fuerzas.jpg?resize=350%2C200","width":350,"height":200,"srcset":"https:\/\/i0.wp.com\/www.24baires.com\/wp-content\/uploads\/2018\/07\/macri-fuerzas.jpg?resize=350%2C200 1x, https:\/\/i0.wp.com\/www.24baires.com\/wp-content\/uploads\/2018\/07\/macri-fuerzas.jpg?resize=525%2C300 1.5x"},"classes":[]},{"id":102043,"url":"http:\/\/www.24baires.com\/?p=102043","url_meta":{"origin":64064,"position":1},"title":"La oposici\u00f3n avanzar\u00e1 en Diputados con el freno al tarifazo","author":"GB","date":"09\/05\/2018","format":false,"excerpt":"Pese a que Mauricio Macri ya alert\u00f3 que vetar\u00e1 todo tipo de freno a los aumentos en las tarifas de servicios p\u00fablicos, los diputados de la oposici\u00f3n avanzar\u00e1n hoy con la aprobaci\u00f3n del proyecto. Buscan retrotraer los valores a noviembre de 2017 y proyectar futuros aumentos seg\u00fan la variaci\u00f3n salarial.\u2026","rel":"","context":"En \u00abPol\u00edtica\u00bb","block_context":{"text":"Pol\u00edtica","link":"http:\/\/www.24baires.com\/?cat=51"},"img":{"alt_text":"","src":"https:\/\/i0.wp.com\/www.24baires.com\/wp-content\/uploads\/2017\/03\/diputad.jpg?resize=350%2C200","width":350,"height":200,"srcset":"https:\/\/i0.wp.com\/www.24baires.com\/wp-content\/uploads\/2017\/03\/diputad.jpg?resize=350%2C200 1x, https:\/\/i0.wp.com\/www.24baires.com\/wp-content\/uploads\/2017\/03\/diputad.jpg?resize=525%2C300 1.5x"},"classes":[]},{"id":73106,"url":"http:\/\/www.24baires.com\/?p=73106","url_meta":{"origin":64064,"position":2},"title":"Rossi asegura que Macri \u00abquiere terminar\u00bb con pol\u00edticas de DDHH","author":"AF","date":"05\/10\/2015","format":false,"excerpt":"El ministro de Defensa asegur\u00f3 que el PRO es un partido \"con funcionarios y candidatos que fueron miembros de la dictadura\". Sobre Massa, se\u00f1al\u00f3 que \"atrasa en sus propuestas\" de utilizar a las fuerzas armadas en la lucha contra el narcotr\u00e1fico. \"Macri dijo que va a terminar con el curro\u2026","rel":"","context":"En \u00abPol\u00edtica\u00bb","block_context":{"text":"Pol\u00edtica","link":"http:\/\/www.24baires.com\/?cat=51"},"img":{"alt_text":"rossi","src":"https:\/\/i0.wp.com\/www.24baires.com\/wp-content\/uploads\/2015\/02\/rossi1.jpg?resize=350%2C200","width":350,"height":200,"srcset":"https:\/\/i0.wp.com\/www.24baires.com\/wp-content\/uploads\/2015\/02\/rossi1.jpg?resize=350%2C200 1x, https:\/\/i0.wp.com\/www.24baires.com\/wp-content\/uploads\/2015\/02\/rossi1.jpg?resize=525%2C300 1.5x"},"classes":[]},{"id":111078,"url":"http:\/\/www.24baires.com\/?p=111078","url_meta":{"origin":64064,"position":3},"title":"El Congreso no debatir\u00eda este a\u00f1o el acuerdo de libre comercio con la Uni\u00f3n Europea","author":"AF","date":"04\/07\/2019","format":false,"excerpt":"Legisladores de la oposici\u00f3n reclamaron conocer los detalles del acuerdo firmado con la Uni\u00f3n Europea anunciado por el gobierno de Mauricio Macri. El debate parlamentario sobre el acuerdo entre el Mercosur y la Uni\u00f3n Europea quedar\u00eda reci\u00e9n para el a\u00f1o pr\u00f3ximo. Esa fue la coincidencia a la que llegaron este\u2026","rel":"","context":"En \u00abPol\u00edtica\u00bb","block_context":{"text":"Pol\u00edtica","link":"http:\/\/www.24baires.com\/?cat=51"},"img":{"alt_text":"","src":"https:\/\/i0.wp.com\/www.24baires.com\/wp-content\/uploads\/2019\/07\/congreso.jpeg?resize=350%2C200","width":350,"height":200,"srcset":"https:\/\/i0.wp.com\/www.24baires.com\/wp-content\/uploads\/2019\/07\/congreso.jpeg?resize=350%2C200 1x, https:\/\/i0.wp.com\/www.24baires.com\/wp-content\/uploads\/2019\/07\/congreso.jpeg?resize=525%2C300 1.5x"},"classes":[]},{"id":103494,"url":"http:\/\/www.24baires.com\/?p=103494","url_meta":{"origin":64064,"position":4},"title":"Repudian la modificaci\u00f3n para militarizar la seguridad interior","author":"AF","date":"23\/07\/2018","format":false,"excerpt":"Todo el abanico opositor se pronunci\u00f3 en contra de los cambios en la pol\u00edtica de defensa anunciada por el presidente Mauricio Macri, y reclamaron que el tema sea debatido en el Congreso. El bloque de Diputados del Frente para la Victoria consider\u00f3 hoy como una \"degradaci\u00f3n de la democracia y\u2026","rel":"","context":"En \u00abPol\u00edtica\u00bb","block_context":{"text":"Pol\u00edtica","link":"http:\/\/www.24baires.com\/?cat=51"},"img":{"alt_text":"","src":"https:\/\/i0.wp.com\/www.24baires.com\/wp-content\/uploads\/2018\/07\/congreso.jpg?resize=350%2C200","width":350,"height":200,"srcset":"https:\/\/i0.wp.com\/www.24baires.com\/wp-content\/uploads\/2018\/07\/congreso.jpg?resize=350%2C200 1x, https:\/\/i0.wp.com\/www.24baires.com\/wp-content\/uploads\/2018\/07\/congreso.jpg?resize=525%2C300 1.5x"},"classes":[]},{"id":104798,"url":"http:\/\/www.24baires.com\/?p=104798","url_meta":{"origin":64064,"position":5},"title":"Buscan que se discuta en el Congreso el acuerdo entre el Gobierno y el FMI","author":"AF","date":"05\/10\/2018","format":false,"excerpt":"Legisladores rechazaron por \u201cinconstitucional\u201d e \u201cimprocedente\u201d el nuevo convenio de endeudamiento que acord\u00f3 el presidente Mauricio Macri con el FMI. Adem\u00e1s se present\u00f3 un recurso de amparo en el que solicita a la Justicia que establezca la nulidad del convenio. Los principales referentes del bloque FpV-PJ presentaron ayer un proyecto\u2026","rel":"","context":"En \u00abPol\u00edtica\u00bb","block_context":{"text":"Pol\u00edtica","link":"http:\/\/www.24baires.com\/?cat=51"},"img":{"alt_text":"","src":"https:\/\/i0.wp.com\/www.24baires.com\/wp-content\/uploads\/2016\/04\/fmi.jpg?resize=350%2C200","width":350,"height":200,"srcset":"https:\/\/i0.wp.com\/www.24baires.com\/wp-content\/uploads\/2016\/04\/fmi.jpg?resize=350%2C200 1x, https:\/\/i0.wp.com\/www.24baires.com\/wp-content\/uploads\/2016\/04\/fmi.jpg?resize=525%2C300 1.5x"},"classes":[]}],"jetpack_sharing_enabled":true,"jetpack_likes_enabled":true,"jetpack_featured_media_url":"","_links":{"self":[{"href":"http:\/\/www.24baires.com\/index.php?rest_route=\/wp\/v2\/posts\/64064","targetHints":{"allow":["GET"]}}],"collection":[{"href":"http:\/\/www.24baires.com\/index.php?rest_route=\/wp\/v2\/posts"}],"about":[{"href":"http:\/\/www.24baires.com\/index.php?rest_route=\/wp\/v2\/types\/post"}],"author":[{"embeddable":true,"href":"http:\/\/www.24baires.com\/index.php?rest_route=\/wp\/v2\/users\/11"}],"replies":[{"embeddable":true,"href":"http:\/\/www.24baires.com\/index.php?rest_route=%2Fwp%2Fv2%2Fcomments&post=64064"}],"version-history":[{"count":1,"href":"http:\/\/www.24baires.com\/index.php?rest_route=\/wp\/v2\/posts\/64064\/revisions"}],"predecessor-version":[{"id":64066,"href":"http:\/\/www.24baires.com\/index.php?rest_route=\/wp\/v2\/posts\/64064\/revisions\/64066"}],"wp:attachment":[{"href":"http:\/\/www.24baires.com\/index.php?rest_route=%2Fwp%2Fv2%2Fmedia&parent=64064"}],"wp:term":[{"taxonomy":"category","embeddable":true,"href":"http:\/\/www.24baires.com\/index.php?rest_route=%2Fwp%2Fv2%2Fcategories&post=64064"},{"taxonomy":"post_tag","embeddable":true,"href":"http:\/\/www.24baires.com\/index.php?rest_route=%2Fwp%2Fv2%2Ftags&post=64064"}],"curies":[{"name":"wp","href":"https:\/\/api.w.org\/{rel}","templated":true}]}}