{"id":64047,"date":"2015-04-09T16:00:02","date_gmt":"2015-04-09T19:00:02","guid":{"rendered":"http:\/\/www.24baires.com\/?p=64047"},"modified":"2015-04-09T15:06:16","modified_gmt":"2015-04-09T18:06:16","slug":"insaurralde-acuso-a-dirigentes-del-fpv-de-reunirse-a-escondidas-con-la-oposicion","status":"publish","type":"post","link":"http:\/\/www.24baires.com\/?p=64047","title":{"rendered":"Insaurralde acus\u00f3 a dirigentes del FpV de reunirse \u00aba escondidas\u00bb con la oposici\u00f3n"},"content":{"rendered":"<p><img data-recalc-dims=\"1\" loading=\"lazy\" decoding=\"async\" class=\"aligncenter size-full wp-image-40091\" src=\"https:\/\/i0.wp.com\/www.24baires.com\/wp-content\/uploads\/2014\/02\/insaurralde-feb-2014.jpg?resize=560%2C357\" alt=\"insaurralde feb 2014\" width=\"560\" height=\"357\" srcset=\"https:\/\/i0.wp.com\/www.24baires.com\/wp-content\/uploads\/2014\/02\/insaurralde-feb-2014.jpg?w=560 560w, https:\/\/i0.wp.com\/www.24baires.com\/wp-content\/uploads\/2014\/02\/insaurralde-feb-2014.jpg?resize=300%2C191 300w\" sizes=\"auto, (max-width: 560px) 100vw, 560px\" \/>El intendente de Lomas de Zamora, Mart\u00edn Insaurralde, dej\u00f3 por un momento de lado su estilo moderado para defender su intenci\u00f3n de ser precandidato a gobernador por el kirchnerismo y sali\u00f3 a responder las cr\u00edticas: dijo que \u201cresiste\u201d cualquier archivo, acus\u00f3 a dirigentes del FpV de reunirse \u201ca escondidas\u201d con la oposici\u00f3n y dijo que conf\u00eda en recibir el visto bueno de la presidenta Cristina Fern\u00e1ndez.<!--more--><\/p>\n<p>Insaurralde, quien el martes a la noche anunci\u00f3 que pretende competir en la interna del FpV para ser candidato a suceder a Scioli, cruz\u00f3 hoy a todo el arco kirchnerista que sali\u00f3 a pegarle duro y asegur\u00f3 que \u00abnunca sinti\u00f3 ganas de irse\u00bb del oficialismo. \u00abResisto un archivo, que vayan y lo busquen\u00bb, dijo al remarcar que \u00abnunca sinti\u00f3 ganas de irse\u00bb del FpV como espacio pol\u00edtico, pese a que diversas versiones lo ubicaban cerca del Frente Renovador y manteniendo conversaciones con Sergio Massa.<\/p>\n<p>En ese sentido, no dud\u00f3 en defenderse acusando a otros dirigente K de mantener contactos con sectores de la oposici\u00f3n. \u00abYo no quiero la Argentina de los enemigos, pero hay dirigentes que pretenden eso por su debilidad; sin embargo, algunos se re\u00fanen con la oposici\u00f3n a escondidas\u00bb, se\u00f1al\u00f3.<\/p>\n<p>Si bien evit\u00f3 responder cuestionamientos de los dirigentes del espacio, defendi\u00f3 su relaci\u00f3n con Massa, se autodefini\u00f3 como \u00absincero\u00bb y se compar\u00f3 con quienes \u00abpor ah\u00ed se re\u00fanen en secreto con la oposici\u00f3n\u00bb. Adem\u00e1s asegur\u00f3 que \u00abantes lo sufri\u00f3 el Gobernador (Daniel Scioli), y ahora que parece que tienen que resignarse de que va a ser el candidato comienzan a no descalificarlo. Ahora me va a tocar unos d\u00edas a m\u00ed\u201d. Y lanz\u00f3 un desaf\u00edo a los otros aspirantes a la Gobernaci\u00f3n: \u00abNos presentaremos en elecciones con nuestras propuestas, despu\u00e9s que los ciudadanos elijan a sus candidatos. Esto es muy simple, el que gana conduce y el que pierde acompa\u00f1a\u00bb.<\/p>\n<p>En declaraciones a radio La Red, el intendente de Lomas admiti\u00f3 que \u00abhace m\u00e1s de un a\u00f1o\u00bb que no tiene di\u00e1logo con Cristina, pero asegur\u00f3 que se debe a que la mandataria \u00abest\u00e1 en el rol de la gesti\u00f3n\u00bb. Y tras destacar que \u00abes muy importante\u00bb el apoyo de ella para la campa\u00f1a, afirm\u00f3 que conf\u00eda en que ser\u00e1 \u00abmuy amplia\u00bb a la hora de definir la estrategia electoral del kirchnerismo. \u00abEl apoyo de la Presidenta es importante en todos los casos, es la Presidenta de la Naci\u00f3n y la que hoy conduce el Frente para la Victoria. La Presidenta en esto va a ser muy amplia, conf\u00edo en eso, es mi sensaci\u00f3n\u00bb, sostuvo al ser consultado sobre si podr\u00e1 competir en la interna.<\/p>\n<p>&nbsp;<\/p>\n<p>&nbsp;<\/p>\n<p>&nbsp;<\/p>\n<p>&nbsp;<\/p>\n<p>&nbsp;<\/p>\n<p>&nbsp;<\/p>\n<p>&nbsp;<\/p>\n<p>&nbsp;<\/p>\n<p>&nbsp;<\/p>\n<p>&nbsp;<\/p>\n","protected":false},"excerpt":{"rendered":"<p>El intendente de Lomas de Zamora, Mart\u00edn Insaurralde, dej\u00f3 por un momento de lado su estilo moderado para defender su intenci\u00f3n de ser precandidato a gobernador por el kirchnerismo y sali\u00f3 a responder las cr\u00edticas: dijo que \u201cresiste\u201d cualquier archivo, acus\u00f3 a dirigentes del FpV de reunirse \u201ca escondidas\u201d con la oposici\u00f3n y dijo que conf\u00eda en recibir el visto [&#8230;]<\/p>\n","protected":false},"author":8,"featured_media":0,"comment_status":"open","ping_status":"open","sticky":false,"template":"","format":"standard","meta":{"_jetpack_newsletter_access":"","_jetpack_dont_email_post_to_subs":false,"_jetpack_newsletter_tier_id":0,"_jetpack_memberships_contains_paywalled_content":false,"_jetpack_memberships_contains_paid_content":false,"footnotes":""},"categories":[51],"tags":[],"class_list":["post-64047","post","type-post","status-publish","format-standard","hentry","category-politica"],"jetpack_shortlink":"https:\/\/wp.me\/p2JWE0-gF1","jetpack-related-posts":[{"id":103494,"url":"http:\/\/www.24baires.com\/?p=103494","url_meta":{"origin":64047,"position":0},"title":"Repudian la modificaci\u00f3n para militarizar la seguridad interior","author":"AF","date":"23\/07\/2018","format":false,"excerpt":"Todo el abanico opositor se pronunci\u00f3 en contra de los cambios en la pol\u00edtica de defensa anunciada por el presidente Mauricio Macri, y reclamaron que el tema sea debatido en el Congreso. El bloque de Diputados del Frente para la Victoria consider\u00f3 hoy como una \"degradaci\u00f3n de la democracia y\u2026","rel":"","context":"En \u00abPol\u00edtica\u00bb","block_context":{"text":"Pol\u00edtica","link":"http:\/\/www.24baires.com\/?cat=51"},"img":{"alt_text":"","src":"https:\/\/i0.wp.com\/www.24baires.com\/wp-content\/uploads\/2018\/07\/congreso.jpg?resize=350%2C200","width":350,"height":200,"srcset":"https:\/\/i0.wp.com\/www.24baires.com\/wp-content\/uploads\/2018\/07\/congreso.jpg?resize=350%2C200 1x, https:\/\/i0.wp.com\/www.24baires.com\/wp-content\/uploads\/2018\/07\/congreso.jpg?resize=525%2C300 1.5x"},"classes":[]},{"id":28054,"url":"http:\/\/www.24baires.com\/?p=28054","url_meta":{"origin":64047,"position":1},"title":"Insaurralde: \u00abTenemos ganas de escuchar a los vecinos y saber cu\u00e1les son sus sue\u00f1os\u00bb","author":"Grupo Sierra","date":"12\/07\/2013","format":false,"excerpt":"ESCOBAR.- El intendente de Lomas de Zamora y primer candidato a diputado nacional del Frente para la Victoria (FpV), Mart\u00edn Insaurralde, asegur\u00f3 esta noche que de cara a las elecciones primarias del 11 de agosto \"s\u00f3lo me toca encabezar una lista de un proyecto que gener\u00f3 dirigentes con capacidad para\u2026","rel":"","context":"En \u00abPol\u00edtica\u00bb","block_context":{"text":"Pol\u00edtica","link":"http:\/\/www.24baires.com\/?cat=51"},"img":{"alt_text":"","src":"https:\/\/i0.wp.com\/www.24baires.com\/wp-content\/uploads\/2013\/07\/insaurralde-di-tulllio.jpg?resize=350%2C200","width":350,"height":200,"srcset":"https:\/\/i0.wp.com\/www.24baires.com\/wp-content\/uploads\/2013\/07\/insaurralde-di-tulllio.jpg?resize=350%2C200 1x, https:\/\/i0.wp.com\/www.24baires.com\/wp-content\/uploads\/2013\/07\/insaurralde-di-tulllio.jpg?resize=525%2C300 1.5x"},"classes":[]},{"id":31341,"url":"http:\/\/www.24baires.com\/?p=31341","url_meta":{"origin":64047,"position":2},"title":"Insaurralde critic\u00f3 el \u00abgataflorismo\u00bb de la oposici\u00f3n en la Argentina","author":"AF","date":"05\/09\/2013","format":false,"excerpt":"El candidato a diputado nacional por el FPV en Buenos Aires, Mart\u00edn Insaurralde, dijo que \"la oposici\u00f3n siempre hace gataflorismo en la Argentina\", en referencia al voto en contra que los principales candidatos de la oposici\u00f3n tuvieron ayer hacia la ley que grava dividendos de acciones de empresas que no\u2026","rel":"","context":"En \u00abPol\u00edtica\u00bb","block_context":{"text":"Pol\u00edtica","link":"http:\/\/www.24baires.com\/?cat=51"},"img":{"alt_text":"insaurralde microfono","src":"https:\/\/i0.wp.com\/www.24baires.com\/wp-content\/uploads\/2013\/08\/insaurralde-microfono-300x180.jpg?resize=350%2C200","width":350,"height":200},"classes":[]},{"id":59092,"url":"http:\/\/www.24baires.com\/?p=59092","url_meta":{"origin":64047,"position":3},"title":"En la reuni\u00f3n del PJ, le pegaron a los \u00abtibios\u00bb","author":"Grupo Sierra","date":"23\/12\/2014","format":false,"excerpt":"En el \u00faltimo encuentro del a\u00f1o del justicialismo bonaerense, el nombre de Insaurralde se hizo sentir con fuerza. Estaban todos, los que todav\u00eda lo quieren adentro y los que ya lo cuentan en el FR. A diferencia de lo ocurrido en la ciudad de La Plata, donde hubo quejas al\u2026","rel":"","context":"En \u00abPol\u00edtica\u00bb","block_context":{"text":"Pol\u00edtica","link":"http:\/\/www.24baires.com\/?cat=51"},"img":{"alt_text":"PJ sta teresita","src":"https:\/\/i0.wp.com\/www.24baires.com\/wp-content\/uploads\/2014\/02\/PJ-sta-teresita.jpg?resize=350%2C200","width":350,"height":200,"srcset":"https:\/\/i0.wp.com\/www.24baires.com\/wp-content\/uploads\/2014\/02\/PJ-sta-teresita.jpg?resize=350%2C200 1x, https:\/\/i0.wp.com\/www.24baires.com\/wp-content\/uploads\/2014\/02\/PJ-sta-teresita.jpg?resize=525%2C300 1.5x"},"classes":[]},{"id":103754,"url":"http:\/\/www.24baires.com\/?p=103754","url_meta":{"origin":64047,"position":4},"title":"El Subsecretario de Educaci\u00f3n brind\u00f3 informes por tragedia de Moreno","author":"GB","date":"08\/08\/2018","format":false,"excerpt":"El cuestionado director de Educaci\u00f3n, Gabriel S\u00e1nchez Zinny, esquiv\u00f3 la confrontaci\u00f3n y envi\u00f3 a su segundo. Pero s\u00f3lo logr\u00f3 caldear m\u00e1s los \u00e1nimos de la oposici\u00f3n. La comisi\u00f3n de Educaci\u00f3n de la C\u00e1mara de Diputados recibi\u00f3 hoy al subsecretario de Educaci\u00f3n de la Direcci\u00f3n General de Cultura y Educaci\u00f3n Sergio\u2026","rel":"","context":"En \u00abProvincia\u00bb","block_context":{"text":"Provincia","link":"http:\/\/www.24baires.com\/?cat=40"},"img":{"alt_text":"","src":"https:\/\/i0.wp.com\/www.24baires.com\/wp-content\/uploads\/2018\/08\/educacion.jpg?resize=350%2C200","width":350,"height":200,"srcset":"https:\/\/i0.wp.com\/www.24baires.com\/wp-content\/uploads\/2018\/08\/educacion.jpg?resize=350%2C200 1x, https:\/\/i0.wp.com\/www.24baires.com\/wp-content\/uploads\/2018\/08\/educacion.jpg?resize=525%2C300 1.5x"},"classes":[]},{"id":102620,"url":"http:\/\/www.24baires.com\/?p=102620","url_meta":{"origin":64047,"position":5},"title":"Agust\u00edn Rossi critic\u00f3 el acuerdo con el FMI y dijo que fue \u00abun error de Macri\u00bb","author":"AF","date":"08\/06\/2018","format":false,"excerpt":"El diputado explic\u00f3 antes de ingresar Congreso Peron\u00edsta en Ferro : \"nos va a generar much\u00edsimo dolor al conjunto de los argentinos, ning\u00fan pa\u00eds del mundo celebra un acuerdo con el FMI\". El diputado Agust\u00edn Rossi critic\u00f3 el acuerdo con el FMI y dijo que fue \"un error\" de Macri:\u2026","rel":"","context":"En \u00abPol\u00edtica\u00bb","block_context":{"text":"Pol\u00edtica","link":"http:\/\/www.24baires.com\/?cat=51"},"img":{"alt_text":"","src":"https:\/\/i0.wp.com\/www.24baires.com\/wp-content\/uploads\/2015\/02\/rossi1.jpg?resize=350%2C200","width":350,"height":200,"srcset":"https:\/\/i0.wp.com\/www.24baires.com\/wp-content\/uploads\/2015\/02\/rossi1.jpg?resize=350%2C200 1x, https:\/\/i0.wp.com\/www.24baires.com\/wp-content\/uploads\/2015\/02\/rossi1.jpg?resize=525%2C300 1.5x"},"classes":[]}],"jetpack_sharing_enabled":true,"jetpack_likes_enabled":true,"jetpack_featured_media_url":"","_links":{"self":[{"href":"http:\/\/www.24baires.com\/index.php?rest_route=\/wp\/v2\/posts\/64047","targetHints":{"allow":["GET"]}}],"collection":[{"href":"http:\/\/www.24baires.com\/index.php?rest_route=\/wp\/v2\/posts"}],"about":[{"href":"http:\/\/www.24baires.com\/index.php?rest_route=\/wp\/v2\/types\/post"}],"author":[{"embeddable":true,"href":"http:\/\/www.24baires.com\/index.php?rest_route=\/wp\/v2\/users\/8"}],"replies":[{"embeddable":true,"href":"http:\/\/www.24baires.com\/index.php?rest_route=%2Fwp%2Fv2%2Fcomments&post=64047"}],"version-history":[{"count":1,"href":"http:\/\/www.24baires.com\/index.php?rest_route=\/wp\/v2\/posts\/64047\/revisions"}],"predecessor-version":[{"id":64049,"href":"http:\/\/www.24baires.com\/index.php?rest_route=\/wp\/v2\/posts\/64047\/revisions\/64049"}],"wp:attachment":[{"href":"http:\/\/www.24baires.com\/index.php?rest_route=%2Fwp%2Fv2%2Fmedia&parent=64047"}],"wp:term":[{"taxonomy":"category","embeddable":true,"href":"http:\/\/www.24baires.com\/index.php?rest_route=%2Fwp%2Fv2%2Fcategories&post=64047"},{"taxonomy":"post_tag","embeddable":true,"href":"http:\/\/www.24baires.com\/index.php?rest_route=%2Fwp%2Fv2%2Ftags&post=64047"}],"curies":[{"name":"wp","href":"https:\/\/api.w.org\/{rel}","templated":true}]}}