{"id":64041,"date":"2015-04-09T13:08:39","date_gmt":"2015-04-09T16:08:39","guid":{"rendered":"http:\/\/www.24baires.com\/?p=64041"},"modified":"2015-04-09T13:08:39","modified_gmt":"2015-04-09T16:08:39","slug":"las-momias-de-la-derecha-hacen-promesas-que-no-van-a-cumplir-dijo-kicillof","status":"publish","type":"post","link":"http:\/\/www.24baires.com\/?p=64041","title":{"rendered":"\u00abLas momias de la derecha hacen promesas que no van a cumplir\u00bb, dijo Kicillof"},"content":{"rendered":"<p><img data-recalc-dims=\"1\" loading=\"lazy\" decoding=\"async\" class=\"alignleft size-medium wp-image-43942\" src=\"https:\/\/i0.wp.com\/www.24baires.com\/wp-content\/uploads\/2014\/04\/kicillof3.jpg?resize=300%2C224\" alt=\"kicillof3\" width=\"300\" height=\"224\" srcset=\"https:\/\/i0.wp.com\/www.24baires.com\/wp-content\/uploads\/2014\/04\/kicillof3.jpg?resize=300%2C224 300w, https:\/\/i0.wp.com\/www.24baires.com\/wp-content\/uploads\/2014\/04\/kicillof3.jpg?w=510 510w\" sizes=\"auto, (max-width: 300px) 100vw, 300px\" \/>En el marco de la inauguraci\u00f3n de una nueva sede de la Anses, el ministro agreg\u00f3 que la oposici\u00f3n \u00abviene a sacar derechos\u00bb, y resalt\u00f3 que en la Ciudad \u00abfalta tanto por hacer, se hizo tan poco, tanto maquillaje\u00bb.<!--more--><\/p>\n<p>El ministro de Econom\u00eda, Axel Kicillof, dijo hoy que \u00ablas momias de la derecha se maquillan\u00bb y \u00abreparten besos, globos e ideas que no son suyas\u00bb, al compartir un acto con los precandidatos kirchneristas a la jefatura de Gobierno de la ciudad de Buenos Aires y a la Gobernaci\u00f3n bonaerense Mariano Recalde y Diego Bossio, respectivamente, en el barrio de Parque Patricios.<\/p>\n<p>En el marco de la inauguraci\u00f3n de una nueva sede de la Anses, el ministro dijo que la oposici\u00f3n \u00abviene a sacar derechos\u00bb, y resalt\u00f3 que en la Ciudad \u00abfalta tanto por hacer, se hizo tan poco, tanto maquillaje, que discrimina a los trabajadores, no les dan servicios\u00bb.<\/p>\n<p>Sobre Recalde, Kicillof manifest\u00f3: \u00abSi Mariano tiene la oportunidad de llegar a jefe de Gobierno, cr\u00e9anme que eso mismo que ocurri\u00f3 en Aerol\u00edneas, que tiene hasta pol\u00edticas sociales dentro de una l\u00ednea a\u00e9rea, se va a hacer en la Ciudad de Buenos Aires\u00bb.<\/p>\n<p>&nbsp;<\/p>\n<p>&nbsp;<\/p>\n<p>&nbsp;<\/p>\n<p>&nbsp;<\/p>\n<p>&nbsp;<\/p>\n<p>&nbsp;<\/p>\n<p>&nbsp;<\/p>\n<p>&nbsp;<\/p>\n<p>&nbsp;<\/p>\n<p>&nbsp;<\/p>\n","protected":false},"excerpt":{"rendered":"<p>En el marco de la inauguraci\u00f3n de una nueva sede de la Anses, el ministro agreg\u00f3 que la oposici\u00f3n \u00abviene a sacar derechos\u00bb, y resalt\u00f3 que en la Ciudad \u00abfalta tanto por hacer, se hizo tan poco, tanto maquillaje\u00bb.<\/p>\n","protected":false},"author":8,"featured_media":0,"comment_status":"open","ping_status":"open","sticky":false,"template":"","format":"standard","meta":{"_jetpack_newsletter_access":"","_jetpack_dont_email_post_to_subs":false,"_jetpack_newsletter_tier_id":0,"_jetpack_memberships_contains_paywalled_content":false,"_jetpack_memberships_contains_paid_content":false,"footnotes":""},"categories":[51],"tags":[],"class_list":["post-64041","post","type-post","status-publish","format-standard","hentry","category-politica"],"jetpack_shortlink":"https:\/\/wp.me\/p2JWE0-gEV","jetpack-related-posts":[{"id":116594,"url":"http:\/\/www.24baires.com\/?p=116594","url_meta":{"origin":64041,"position":0},"title":"Que ignorantes que son, no es cuesti\u00f3n de que vuelvan las clases, porque nunca dejaron de funcionar\u201d","author":"GB","date":"03\/11\/2020","format":false,"excerpt":"El gobernador encabez\u00f3 desde Moreno la inauguraci\u00f3n de nuevos edificios educativos y obras de ampliaci\u00f3n en el marco del programa \u201cEscuelas a la Obra\u201d. El gobernador de la provincia de Buenos Aires, Axel Kicillof, encabez\u00f3 esta tarde desde Moreno la inauguraci\u00f3n de nuevos edificios educativos y obras de ampliaci\u00f3n en\u2026","rel":"","context":"En \u00abProvincia\u00bb","block_context":{"text":"Provincia","link":"http:\/\/www.24baires.com\/?cat=40"},"img":{"alt_text":"","src":"https:\/\/i0.wp.com\/www.24baires.com\/wp-content\/uploads\/2020\/07\/kicillof-arroyo.jpeg?resize=350%2C200","width":350,"height":200,"srcset":"https:\/\/i0.wp.com\/www.24baires.com\/wp-content\/uploads\/2020\/07\/kicillof-arroyo.jpeg?resize=350%2C200 1x, https:\/\/i0.wp.com\/www.24baires.com\/wp-content\/uploads\/2020\/07\/kicillof-arroyo.jpeg?resize=525%2C300 1.5x"},"classes":[]},{"id":120023,"url":"http:\/\/www.24baires.com\/?p=120023","url_meta":{"origin":64041,"position":1},"title":"Kicillof cerr\u00f3 el Congreso Nacional de la UOM","author":"GB","date":"20\/04\/2023","format":false,"excerpt":"El gobernador bonaerense, Axel Kicillof, particip\u00f3 del cierre del Congreso Nacional de Delegados Metal\u00fargicos y recibi\u00f3 el apoyo de la UOM. \u201cNos espera un a\u00f1o de debate\u201d, dijo. El gobernador bonaerense, Axel Kicillof, particip\u00f3 esta tarde del acto de cierre del Congreso Nacional de Delegadas y Delegados Metal\u00fargicos, junto al\u2026","rel":"","context":"En \u00abProvincia\u00bb","block_context":{"text":"Provincia","link":"http:\/\/www.24baires.com\/?cat=40"},"img":{"alt_text":"","src":"https:\/\/i0.wp.com\/www.24baires.com\/wp-content\/uploads\/2023\/04\/kici-uom.webp?resize=350%2C200","width":350,"height":200,"srcset":"https:\/\/i0.wp.com\/www.24baires.com\/wp-content\/uploads\/2023\/04\/kici-uom.webp?resize=350%2C200 1x, https:\/\/i0.wp.com\/www.24baires.com\/wp-content\/uploads\/2023\/04\/kici-uom.webp?resize=525%2C300 1.5x, https:\/\/i0.wp.com\/www.24baires.com\/wp-content\/uploads\/2023\/04\/kici-uom.webp?resize=700%2C400 2x, https:\/\/i0.wp.com\/www.24baires.com\/wp-content\/uploads\/2023\/04\/kici-uom.webp?resize=1050%2C600 3x, https:\/\/i0.wp.com\/www.24baires.com\/wp-content\/uploads\/2023\/04\/kici-uom.webp?resize=1400%2C800 4x"},"classes":[]},{"id":113971,"url":"http:\/\/www.24baires.com\/?p=113971","url_meta":{"origin":64041,"position":2},"title":"Brandsen: Kicillof inaugur\u00f3 un centro de salud y se volvi\u00f3 a referir a la deuda","author":"AF","date":"30\/01\/2020","format":false,"excerpt":"\u201cTenemos una enorme deuda como Gobierno, pero la principal es con los y las bonaerenses\u201d, dijo el Gobernador en Brandsen. El mandatario bonaerense Axel Kicillof encabez\u00f3 la inauguraci\u00f3n del Centro de Atenci\u00f3n Primaria de la Salud (CAPS) del Barrio las Mandarinas, en Brandsen, distrito gobernado por el boina blanca, Daniel\u2026","rel":"","context":"En \u00abProvincia\u00bb","block_context":{"text":"Provincia","link":"http:\/\/www.24baires.com\/?cat=40"},"img":{"alt_text":"","src":"https:\/\/i0.wp.com\/www.24baires.com\/wp-content\/uploads\/2020\/01\/kicillof-brandsen.jpg?resize=350%2C200","width":350,"height":200,"srcset":"https:\/\/i0.wp.com\/www.24baires.com\/wp-content\/uploads\/2020\/01\/kicillof-brandsen.jpg?resize=350%2C200 1x, https:\/\/i0.wp.com\/www.24baires.com\/wp-content\/uploads\/2020\/01\/kicillof-brandsen.jpg?resize=525%2C300 1.5x"},"classes":[]},{"id":119469,"url":"http:\/\/www.24baires.com\/?p=119469","url_meta":{"origin":64041,"position":3},"title":"Kicillof: el Gobierno debe \u00abpasar urgente a la etapa redistributiva\u00bb","author":"AF","date":"25\/10\/2022","format":false,"excerpt":"El mandatario provincial admiti\u00f3 que \u201ces prematuro hablar de candidaturas\u201d pero dej\u00f3 claro que \u201cno hay que dar por perdida la elecci\u00f3n\u201d del pr\u00f3ximo a\u00f1o. \"La derecha viene por todos los derechos\u201d, advirti\u00f3. El gobernador bonaerense, Axel Kicillof, sostuvo que \u201cde ninguna manera\u201d el Frente de Todos tiene que perder\u2026","rel":"","context":"En \u00abPol\u00edtica\u00bb","block_context":{"text":"Pol\u00edtica","link":"http:\/\/www.24baires.com\/?cat=51"},"img":{"alt_text":"","src":"https:\/\/i0.wp.com\/www.24baires.com\/wp-content\/uploads\/2022\/10\/kicillof2.jpg?resize=350%2C200","width":350,"height":200,"srcset":"https:\/\/i0.wp.com\/www.24baires.com\/wp-content\/uploads\/2022\/10\/kicillof2.jpg?resize=350%2C200 1x, https:\/\/i0.wp.com\/www.24baires.com\/wp-content\/uploads\/2022\/10\/kicillof2.jpg?resize=525%2C300 1.5x, https:\/\/i0.wp.com\/www.24baires.com\/wp-content\/uploads\/2022\/10\/kicillof2.jpg?resize=700%2C400 2x"},"classes":[]},{"id":120450,"url":"http:\/\/www.24baires.com\/?p=120450","url_meta":{"origin":64041,"position":4},"title":"Kicillof afirma que Argentina tiene \u00abaltas chances\u00bb de evitar una sentencia firme en su contra","author":"AF","date":"09\/09\/2023","format":false,"excerpt":"Asimismo, el gobernador indic\u00f3 que \"ante los nuevos milagros\" que proponen los candidatos de la oposici\u00f3n, UxP tiene \"la obligaci\u00f3n de explicarlos para la vida cotidiana\". \"Han encontrado un nuevo lenguaje para camuflar viejas y fracasadas recetas\", sostuvo. El gobernador bonaerense, Axel Kicillof, afirm\u00f3 que la Argentina \"tiene altas chances\"\u2026","rel":"","context":"En \u00abPol\u00edtica\u00bb","block_context":{"text":"Pol\u00edtica","link":"http:\/\/www.24baires.com\/?cat=51"},"img":{"alt_text":"","src":"https:\/\/i0.wp.com\/www.24baires.com\/wp-content\/uploads\/2023\/08\/kici.webp?resize=350%2C200","width":350,"height":200,"srcset":"https:\/\/i0.wp.com\/www.24baires.com\/wp-content\/uploads\/2023\/08\/kici.webp?resize=350%2C200 1x, https:\/\/i0.wp.com\/www.24baires.com\/wp-content\/uploads\/2023\/08\/kici.webp?resize=525%2C300 1.5x, https:\/\/i0.wp.com\/www.24baires.com\/wp-content\/uploads\/2023\/08\/kici.webp?resize=700%2C400 2x"},"classes":[]},{"id":65058,"url":"http:\/\/www.24baires.com\/?p=65058","url_meta":{"origin":64041,"position":5},"title":"Kicillof exigi\u00f3 que se respete la participaci\u00f3n del Estado en una asamblea de Clar\u00edn","author":"GB","date":"28\/04\/2015","format":false,"excerpt":"El ministro de Econom\u00eda afirm\u00f3 que su presencia en la asamblea de accionistas del Grupo Clar\u00edn tuvo como objetivo defender la participaci\u00f3n accionaria que tiene el Estado dentro de la compa\u00f1\u00eda a trav\u00e9s de la ANSES. \"Clar\u00edn, adem\u00e1s de sus due\u00f1os conocidos, tiene fideicomisos en el exterior como accionistas, que\u2026","rel":"","context":"En \u00abEconom\u00eda\u00bb","block_context":{"text":"Econom\u00eda","link":"http:\/\/www.24baires.com\/?cat=45"},"img":{"alt_text":"kicillof2","src":"https:\/\/i0.wp.com\/www.24baires.com\/wp-content\/uploads\/2014\/01\/kicillof2.jpg?resize=350%2C200","width":350,"height":200,"srcset":"https:\/\/i0.wp.com\/www.24baires.com\/wp-content\/uploads\/2014\/01\/kicillof2.jpg?resize=350%2C200 1x, https:\/\/i0.wp.com\/www.24baires.com\/wp-content\/uploads\/2014\/01\/kicillof2.jpg?resize=525%2C300 1.5x"},"classes":[]}],"jetpack_sharing_enabled":true,"jetpack_likes_enabled":true,"jetpack_featured_media_url":"","_links":{"self":[{"href":"http:\/\/www.24baires.com\/index.php?rest_route=\/wp\/v2\/posts\/64041","targetHints":{"allow":["GET"]}}],"collection":[{"href":"http:\/\/www.24baires.com\/index.php?rest_route=\/wp\/v2\/posts"}],"about":[{"href":"http:\/\/www.24baires.com\/index.php?rest_route=\/wp\/v2\/types\/post"}],"author":[{"embeddable":true,"href":"http:\/\/www.24baires.com\/index.php?rest_route=\/wp\/v2\/users\/8"}],"replies":[{"embeddable":true,"href":"http:\/\/www.24baires.com\/index.php?rest_route=%2Fwp%2Fv2%2Fcomments&post=64041"}],"version-history":[{"count":1,"href":"http:\/\/www.24baires.com\/index.php?rest_route=\/wp\/v2\/posts\/64041\/revisions"}],"predecessor-version":[{"id":64042,"href":"http:\/\/www.24baires.com\/index.php?rest_route=\/wp\/v2\/posts\/64041\/revisions\/64042"}],"wp:attachment":[{"href":"http:\/\/www.24baires.com\/index.php?rest_route=%2Fwp%2Fv2%2Fmedia&parent=64041"}],"wp:term":[{"taxonomy":"category","embeddable":true,"href":"http:\/\/www.24baires.com\/index.php?rest_route=%2Fwp%2Fv2%2Fcategories&post=64041"},{"taxonomy":"post_tag","embeddable":true,"href":"http:\/\/www.24baires.com\/index.php?rest_route=%2Fwp%2Fv2%2Ftags&post=64041"}],"curies":[{"name":"wp","href":"https:\/\/api.w.org\/{rel}","templated":true}]}}