{"id":64037,"date":"2015-04-09T12:04:18","date_gmt":"2015-04-09T15:04:18","guid":{"rendered":"http:\/\/www.24baires.com\/?p=64037"},"modified":"2015-04-09T12:04:18","modified_gmt":"2015-04-09T15:04:18","slug":"todos-contra-insaurralde-para-mussi-se-burlo-de-quienes-lo-llevaron-en-la-boleta","status":"publish","type":"post","link":"http:\/\/www.24baires.com\/?p=64037","title":{"rendered":"Todos contra Insaurralde: Para Mussi, \u00abse burl\u00f3\u00bb de quienes lo llevaron en la boleta"},"content":{"rendered":"<p><img data-recalc-dims=\"1\" loading=\"lazy\" decoding=\"async\" class=\"aligncenter size-full wp-image-14055\" src=\"https:\/\/i0.wp.com\/www.24baires.com\/wp-content\/uploads\/2013\/01\/mussi-berazategui.jpg?resize=560%2C377\" alt=\"mussi berazategui\" width=\"560\" height=\"377\" srcset=\"https:\/\/i0.wp.com\/www.24baires.com\/wp-content\/uploads\/2013\/01\/mussi-berazategui.jpg?w=560 560w, https:\/\/i0.wp.com\/www.24baires.com\/wp-content\/uploads\/2013\/01\/mussi-berazategui.jpg?resize=300%2C201 300w\" sizes=\"auto, (max-width: 560px) 100vw, 560px\" \/>\u00abNo puede dar todo lo mismo, ir con uno o ir con otro\u00bb, enfatiz\u00f3 el intendente de <strong>Berazategui<\/strong>, y agreg\u00f3: \u00abNo es el mensaje que tenemos que darles a los j\u00f3venes; yo pertenezco a un proyecto pol\u00edtico, defiendo determinadas ideas y abrazo una ideolog\u00eda\u00bb.<!--more--><\/p>\n<p>El intendente de Berazategui y precandidato a gobernador de Buenos Aires por el FpV, Juan Patricio Mussi, dijo que su par de Lomas de Zamora y recientemente anotado para la carrera a la Gobernaci\u00f3n por su mismo espacio, Mart\u00edn Insaurralde, \u00abse burl\u00f3\u00bb de quienes lo llevaron en la boleta en las \u00faltimas elecciones como primer candidato a diputado nacional.<\/p>\n<p>\u00abNo puede dar todo lo mismo, ir con uno o ir con otro\u00bb, enfatiz\u00f3 Mussi en di\u00e1logo con radio Am\u00e9rica, y agreg\u00f3: \u00abNo es el mensaje que tenemos que darles a los j\u00f3venes; yo pertenezco a un proyecto pol\u00edtico, defiendo determinadas ideas y abrazo una ideolog\u00eda pol\u00edtica\u00bb<\/p>\n<p>En ese marco, calific\u00f3 la actitud del lomense como \u00abun coqueteo\u00bb y reconoci\u00f3 que fue \u00abuna sorpresa saber que de repente es candidato del espacio alguien que no dialoga con este espacio\u00bb, a la vez que critic\u00f3 el silencio pol\u00edtico de Insaurralde durante este tiempo \u00aben el que pasaron tantas cosas\u00bb.<\/p>\n<p>Sobre las supuestas encuestas que lo ubican bien posicionado a Insaurralde, Mussi aclar\u00f3 que \u00ablas encuestas est\u00e1n hechas con muchos vicios\u00bb y agreg\u00f3 \u00abte plantean escenarios tendenciosos y a eso hay que agregarle la operaci\u00f3n que los medios realizan sobre ellas\u00bb.<\/p>\n<p>No obstante, admiti\u00f3 que \u00abseguramente es muy conocido Insaurralde, aunque eso tampoco es garant\u00eda de nada, tenemos el ejemplo de Francisco De Narv\u00e1ez, al que no le alcanz\u00f3 con eso\u00bb.<\/p>\n<p>&nbsp;<\/p>\n<p>&nbsp;<\/p>\n<p>&nbsp;<\/p>\n<p>&nbsp;<\/p>\n<p>&nbsp;<\/p>\n<p>&nbsp;<\/p>\n","protected":false},"excerpt":{"rendered":"<p>\u00abNo puede dar todo lo mismo, ir con uno o ir con otro\u00bb, enfatiz\u00f3 el intendente de Berazategui, y agreg\u00f3: \u00abNo es el mensaje que tenemos que darles a los j\u00f3venes; yo pertenezco a un proyecto pol\u00edtico, defiendo determinadas ideas y abrazo una ideolog\u00eda\u00bb.<\/p>\n","protected":false},"author":8,"featured_media":0,"comment_status":"open","ping_status":"open","sticky":false,"template":"","format":"standard","meta":{"_jetpack_newsletter_access":"","_jetpack_dont_email_post_to_subs":false,"_jetpack_newsletter_tier_id":0,"_jetpack_memberships_contains_paywalled_content":false,"_jetpack_memberships_contains_paid_content":false,"footnotes":""},"categories":[51],"tags":[],"class_list":["post-64037","post","type-post","status-publish","format-standard","hentry","category-politica"],"jetpack_shortlink":"https:\/\/wp.me\/p2JWE0-gER","jetpack-related-posts":[{"id":114935,"url":"http:\/\/www.24baires.com\/?p=114935","url_meta":{"origin":64037,"position":0},"title":"Kicillof recibi\u00f3 a intendentes oficialistas de la Tercera Secci\u00f3n","author":"AF","date":"06\/05\/2020","format":false,"excerpt":"El gobernador estuvo con Fernando Espinoza, Jorge Ferraresi, Juan Jos\u00e9 Mussi, Mario Secco, Mart\u00edn Insaurralde y Mariano Cascallares. El gobernador bonaerense, Axel Kicillof, viene manteniendo una serie de encuentros con intendentes para evaluar la continuidad de la ayuda financiera de la Provincia a los municipios frente a la crisis que\u2026","rel":"","context":"En \u00abProvincia\u00bb","block_context":{"text":"Provincia","link":"http:\/\/www.24baires.com\/?cat=40"},"img":{"alt_text":"","src":"https:\/\/i0.wp.com\/www.24baires.com\/wp-content\/uploads\/2020\/05\/kicillof-intendentes.jpg?resize=350%2C200","width":350,"height":200,"srcset":"https:\/\/i0.wp.com\/www.24baires.com\/wp-content\/uploads\/2020\/05\/kicillof-intendentes.jpg?resize=350%2C200 1x, https:\/\/i0.wp.com\/www.24baires.com\/wp-content\/uploads\/2020\/05\/kicillof-intendentes.jpg?resize=525%2C300 1.5x"},"classes":[]},{"id":114242,"url":"http:\/\/www.24baires.com\/?p=114242","url_meta":{"origin":64037,"position":1},"title":"Kicillof se reuni\u00f3 con intendentes del Frente de Todos","author":"AF","date":"28\/02\/2020","format":false,"excerpt":"El Gobernador bonaerense mantuvo un encuentro con jefes comunales de la Tercera Secci\u00f3n Electoral. Para avanzar en la construcci\u00f3n de una agenda en com\u00fan y conformar equipos de trabajo, Axel Kicillof recibi\u00f3 este viernes en La Plata a intendentes e intendentas del Frente de Todos. \u201cComo venimos haciendo desde el\u2026","rel":"","context":"En \u00abProvincia\u00bb","block_context":{"text":"Provincia","link":"http:\/\/www.24baires.com\/?cat=40"},"img":{"alt_text":"","src":"https:\/\/i0.wp.com\/www.24baires.com\/wp-content\/uploads\/2020\/02\/4e70b823aa9969498199c0d0698b57b6.jpg?resize=350%2C200","width":350,"height":200,"srcset":"https:\/\/i0.wp.com\/www.24baires.com\/wp-content\/uploads\/2020\/02\/4e70b823aa9969498199c0d0698b57b6.jpg?resize=350%2C200 1x, https:\/\/i0.wp.com\/www.24baires.com\/wp-content\/uploads\/2020\/02\/4e70b823aa9969498199c0d0698b57b6.jpg?resize=525%2C300 1.5x"},"classes":[]},{"id":64000,"url":"http:\/\/www.24baires.com\/?p=64000","url_meta":{"origin":64037,"position":2},"title":"Para Mussi \u00abInsaurralde no representa al modelo\u00bb","author":"Grupo Sierra","date":"08\/04\/2015","format":false,"excerpt":"El intendente de Berazategui y precandidato a gobernador de la provincia de Buenos Aires, Juan Patricio Mussi, expres\u00f3 que le llama la atenci\u00f3n que \"despu\u00e9s de tanto silencio\", Mart\u00edn Insaurralde se postule como gobernador bonaerense. En referencia a las intenciones del actual intendente de Lomas de Zamora, manifestadas en las\u2026","rel":"","context":"En \u00abPol\u00edtica\u00bb","block_context":{"text":"Pol\u00edtica","link":"http:\/\/www.24baires.com\/?cat=51"},"img":{"alt_text":"mussi berazategui","src":"https:\/\/i0.wp.com\/www.24baires.com\/wp-content\/uploads\/2013\/01\/mussi-berazategui.jpg?resize=350%2C200","width":350,"height":200,"srcset":"https:\/\/i0.wp.com\/www.24baires.com\/wp-content\/uploads\/2013\/01\/mussi-berazategui.jpg?resize=350%2C200 1x, https:\/\/i0.wp.com\/www.24baires.com\/wp-content\/uploads\/2013\/01\/mussi-berazategui.jpg?resize=525%2C300 1.5x"},"classes":[]},{"id":102097,"url":"http:\/\/www.24baires.com\/?p=102097","url_meta":{"origin":64037,"position":3},"title":"Berazategui: piden investigar a Mussi por la muerte de dos ni\u00f1os tras ingerir agua contaminada","author":"AF","date":"11\/05\/2018","format":false,"excerpt":"Una fiscal federal pidi\u00f3 la declaraci\u00f3n indagatoria al intendente de Berazategui, Patricio Mussi, en la causa que investiga la muerte de dos ni\u00f1os a causa de la ingesta de agua con altos grados de contaminaci\u00f3n. La fiscal federal de Quilmes, Silvia Cavallo, le pidi\u00f3 al juez Luis Armella que cite\u2026","rel":"","context":"En \u00abLocales\u00bb","block_context":{"text":"Locales","link":"http:\/\/www.24baires.com\/?cat=38"},"img":{"alt_text":"","src":"https:\/\/i0.wp.com\/www.24baires.com\/wp-content\/uploads\/2018\/05\/mussi.jpg?resize=350%2C200","width":350,"height":200,"srcset":"https:\/\/i0.wp.com\/www.24baires.com\/wp-content\/uploads\/2018\/05\/mussi.jpg?resize=350%2C200 1x, https:\/\/i0.wp.com\/www.24baires.com\/wp-content\/uploads\/2018\/05\/mussi.jpg?resize=525%2C300 1.5x"},"classes":[]},{"id":115686,"url":"http:\/\/www.24baires.com\/?p=115686","url_meta":{"origin":64037,"position":4},"title":"Intendentes del Conurbano piden que se le quite la concesi\u00f3n a Edesur","author":"AF","date":"20\/07\/2020","format":false,"excerpt":"Tras reiterados cortes de luz en diversos municipios, los jefes comunales expresaron duras cr\u00edticas hacia la empresa. Las protestas en contra de la empresa Edesur ya no son exclusivas de los vecinos, en los \u00faltimos d\u00edas, varios intendentes criticaron el accionar de la empresa prestadora de energ\u00eda el\u00e9ctrica, ante los\u2026","rel":"","context":"En \u00abProvincia\u00bb","block_context":{"text":"Provincia","link":"http:\/\/www.24baires.com\/?cat=40"},"img":{"alt_text":"","src":"https:\/\/i0.wp.com\/www.24baires.com\/wp-content\/uploads\/2020\/07\/edesur.jpg?resize=350%2C200","width":350,"height":200,"srcset":"https:\/\/i0.wp.com\/www.24baires.com\/wp-content\/uploads\/2020\/07\/edesur.jpg?resize=350%2C200 1x, https:\/\/i0.wp.com\/www.24baires.com\/wp-content\/uploads\/2020\/07\/edesur.jpg?resize=525%2C300 1.5x"},"classes":[]},{"id":116527,"url":"http:\/\/www.24baires.com\/?p=116527","url_meta":{"origin":64037,"position":5},"title":"Intendentes del PJ se reunieron para respaldar al Gobierno y evaluar aperturas","author":"AF","date":"22\/10\/2020","format":false,"excerpt":"Se reunieron en Berazategui para efectuar un respaldo al presidente Alberto Fern\u00e1ndez y al gobernador bonaerense Axel Kicillof. Adem\u00e1s evaluaron la implementaci\u00f3n en los distritos de las distintas aperturas tras la flexibilizaci\u00f3n de las restricciones sociales. Una treintena de intendentes peronistas del Conurbano se reunieron en Berazategui para respaldar al\u2026","rel":"","context":"En \u00abProvincia\u00bb","block_context":{"text":"Provincia","link":"http:\/\/www.24baires.com\/?cat=40"},"img":{"alt_text":"","src":"https:\/\/i0.wp.com\/www.24baires.com\/wp-content\/uploads\/2020\/10\/5f9236f601237_1004x565.jpg?resize=350%2C200","width":350,"height":200,"srcset":"https:\/\/i0.wp.com\/www.24baires.com\/wp-content\/uploads\/2020\/10\/5f9236f601237_1004x565.jpg?resize=350%2C200 1x, https:\/\/i0.wp.com\/www.24baires.com\/wp-content\/uploads\/2020\/10\/5f9236f601237_1004x565.jpg?resize=525%2C300 1.5x"},"classes":[]}],"jetpack_sharing_enabled":true,"jetpack_likes_enabled":true,"jetpack_featured_media_url":"","_links":{"self":[{"href":"http:\/\/www.24baires.com\/index.php?rest_route=\/wp\/v2\/posts\/64037","targetHints":{"allow":["GET"]}}],"collection":[{"href":"http:\/\/www.24baires.com\/index.php?rest_route=\/wp\/v2\/posts"}],"about":[{"href":"http:\/\/www.24baires.com\/index.php?rest_route=\/wp\/v2\/types\/post"}],"author":[{"embeddable":true,"href":"http:\/\/www.24baires.com\/index.php?rest_route=\/wp\/v2\/users\/8"}],"replies":[{"embeddable":true,"href":"http:\/\/www.24baires.com\/index.php?rest_route=%2Fwp%2Fv2%2Fcomments&post=64037"}],"version-history":[{"count":1,"href":"http:\/\/www.24baires.com\/index.php?rest_route=\/wp\/v2\/posts\/64037\/revisions"}],"predecessor-version":[{"id":64038,"href":"http:\/\/www.24baires.com\/index.php?rest_route=\/wp\/v2\/posts\/64037\/revisions\/64038"}],"wp:attachment":[{"href":"http:\/\/www.24baires.com\/index.php?rest_route=%2Fwp%2Fv2%2Fmedia&parent=64037"}],"wp:term":[{"taxonomy":"category","embeddable":true,"href":"http:\/\/www.24baires.com\/index.php?rest_route=%2Fwp%2Fv2%2Fcategories&post=64037"},{"taxonomy":"post_tag","embeddable":true,"href":"http:\/\/www.24baires.com\/index.php?rest_route=%2Fwp%2Fv2%2Ftags&post=64037"}],"curies":[{"name":"wp","href":"https:\/\/api.w.org\/{rel}","templated":true}]}}