{"id":64011,"date":"2015-04-08T19:30:49","date_gmt":"2015-04-08T22:30:49","guid":{"rendered":"http:\/\/www.24baires.com\/?p=64011"},"modified":"2015-04-08T19:10:04","modified_gmt":"2015-04-08T22:10:04","slug":"liberen-a-lilita-la-nueva-campana-ironica-de-nito-artaza","status":"publish","type":"post","link":"http:\/\/www.24baires.com\/?p=64011","title":{"rendered":"\u00abLiberen a Lilita\u00bb, la nueva campa\u00f1a ir\u00f3nica de Nito Artaza"},"content":{"rendered":"<p>&nbsp;<\/p>\n<p><img data-recalc-dims=\"1\" loading=\"lazy\" decoding=\"async\" class=\"aligncenter size-full wp-image-64014\" src=\"https:\/\/i0.wp.com\/www.24baires.com\/wp-content\/uploads\/2015\/04\/nito-artaza.jpg?resize=560%2C248\" alt=\"nito-artaza\" width=\"560\" height=\"248\" srcset=\"https:\/\/i0.wp.com\/www.24baires.com\/wp-content\/uploads\/2015\/04\/nito-artaza.jpg?w=560 560w, https:\/\/i0.wp.com\/www.24baires.com\/wp-content\/uploads\/2015\/04\/nito-artaza.jpg?resize=300%2C133 300w\" sizes=\"auto, (max-width: 560px) 100vw, 560px\" \/><\/p>\n<p>El senador nacional de la UCR, Nito Artaza, consider\u00f3 \u00abdesafortunado\u00bb que el precandidato presidencial de su partido Ernesto Sanz compartiera la idea de ponerle un \u00abbozal\u00bb para callarlo. Artaza pidi\u00f3 que Jaime Dur\u00e1n Barba permita que la dirigente de la Coalici\u00f3n C\u00edvica, Elisa Carri\u00f3, vuelva a hablar de los negociados de la ciudad.<!--more--><\/p>\n<p>\u00abMe parece desafortunado. Me quiere poner un bozal por decir que en el radicalismo es un error hist\u00f3rico el acuerdo con Macri\u00bb, asegur\u00f3 a El Destape. Artaza record\u00f3 que, tras el fallido gobierno de Fernando De la R\u00faa, \u00abestuvimos diez a\u00f1os dando explicaciones por tener a Cavallo como ministro de Econom\u00eda\u00bb.<\/p>\n<p>Esta ma\u00f1ana, durante una entrevista con Nancy Pazos, Sanz \u00abcoincidi\u00f3\u00bb con la conductora en que hab\u00eda que \u00abponer un bozal a Artaza\u00bb aunque consider\u00f3 su participaci\u00f3n en la UCR como \u00abuna individualidad que no afecta al conjunto\u00bb.<\/p>\n<p>Consultado por El Destape, el senador correntino indic\u00f3 que \u00abahora me quieren poner bozal porque digo que Macri nos quiere copular y despu\u00e9s nos dice t\u00f3mense un taxi que yo lo pago\u00bb. Las cr\u00edticas de Artaza alcanzaron, adem\u00e1s, a Elisa Carri\u00f3: \u00abVoy a hacer una campa\u00f1a que se llame Liberen a Lilita\u00bb al explicar que la dirigente de la Coalici\u00f3n C\u00edvica prefiere guardar silencio sobre los negociados de Macri que antes denunciaba.<\/p>\n<p>\u00abYo estoy pidiendo libertad para Carri\u00f3. La tiene Dur\u00e1n Barba con un bozal en alg\u00fan lugar del mundo para que no hable de los negocios de la obra p\u00fablica\u00bb, ironiz\u00f3 Artaza. \u00abNo voy a decir que se tiene que poner Ernesto si yo me pongo un bozal. No puedo decirlo porque no quiero esmerilar a un correligionario. Yo perdono todo, pero lo que no perdono es que la tengan maniatada a Carri\u00f3 en Medio Oriente por decisi\u00f3n de Dur\u00e1n Barba\u00bb, brome\u00f3.<\/p>\n","protected":false},"excerpt":{"rendered":"<p>&nbsp; El senador nacional de la UCR, Nito Artaza, consider\u00f3 \u00abdesafortunado\u00bb que el precandidato presidencial de su partido Ernesto Sanz compartiera la idea de ponerle un \u00abbozal\u00bb para callarlo. Artaza pidi\u00f3 que Jaime Dur\u00e1n Barba permita que la dirigente de la Coalici\u00f3n C\u00edvica, Elisa Carri\u00f3, vuelva a hablar de los negociados de la ciudad.<\/p>\n","protected":false},"author":11,"featured_media":0,"comment_status":"open","ping_status":"open","sticky":false,"template":"","format":"standard","meta":{"_jetpack_newsletter_access":"","_jetpack_dont_email_post_to_subs":false,"_jetpack_newsletter_tier_id":0,"_jetpack_memberships_contains_paywalled_content":false,"_jetpack_memberships_contains_paid_content":false,"footnotes":""},"categories":[51],"tags":[],"class_list":["post-64011","post","type-post","status-publish","format-standard","hentry","category-politica"],"jetpack_shortlink":"https:\/\/wp.me\/p2JWE0-gEr","jetpack-related-posts":[{"id":57084,"url":"http:\/\/www.24baires.com\/?p=57084","url_meta":{"origin":64011,"position":0},"title":"Artaza: \u00abDeb\u00ed haber pensado antes de unirme a Carri\u00f3\u00bb","author":"Grupo Sierra","date":"13\/11\/2014","format":false,"excerpt":"El senador nacional por la Uni\u00f3n C\u00edvica Radical admiti\u00f3 que el espacio se \"equivoc\u00f3\" en el acuerdo con \"Lilita\". El senador nacional por la UCR Eugenio 'Nito' Artaza admiti\u00f3 hoy que su partido se equivoc\u00f3 al conformar un frente con Elisa Carri\u00f3 de cara a las elecciones presidenciales de 2015.\u2026","rel":"","context":"En \u00abPol\u00edtica\u00bb","block_context":{"text":"Pol\u00edtica","link":"http:\/\/www.24baires.com\/?cat=51"},"img":{"alt_text":"artaza nito","src":"https:\/\/i0.wp.com\/www.24baires.com\/wp-content\/uploads\/2014\/10\/artaza-nito.jpg?resize=350%2C200","width":350,"height":200,"srcset":"https:\/\/i0.wp.com\/www.24baires.com\/wp-content\/uploads\/2014\/10\/artaza-nito.jpg?resize=350%2C200 1x, https:\/\/i0.wp.com\/www.24baires.com\/wp-content\/uploads\/2014\/10\/artaza-nito.jpg?resize=525%2C300 1.5x"},"classes":[]},{"id":55589,"url":"http:\/\/www.24baires.com\/?p=55589","url_meta":{"origin":64011,"position":1},"title":"Nito Artaza: \u00abEl FAUNEN ya no es competitivo\u00bb","author":"Grupo Sierra","date":"17\/10\/2014","format":false,"excerpt":"El senador radical Eugenio \"Nito\" Artaza, dijo en Corrientes que \"el exceso de individualismo y la falta de un proyecto claro\", hacen que Frente Amplio Unen (FAU) \"no sea competitivo\", de cara a las presidenciales del 2015. \"El exceso de individualismo en UNEN ha hecho que hoy sean tres franjas\u2026","rel":"","context":"En \u00abPol\u00edtica\u00bb","block_context":{"text":"Pol\u00edtica","link":"http:\/\/www.24baires.com\/?cat=51"},"img":{"alt_text":"","src":"https:\/\/i0.wp.com\/www.24baires.com\/wp-content\/uploads\/2014\/10\/artaza-nito.jpg?resize=350%2C200","width":350,"height":200,"srcset":"https:\/\/i0.wp.com\/www.24baires.com\/wp-content\/uploads\/2014\/10\/artaza-nito.jpg?resize=350%2C200 1x, https:\/\/i0.wp.com\/www.24baires.com\/wp-content\/uploads\/2014\/10\/artaza-nito.jpg?resize=525%2C300 1.5x"},"classes":[]},{"id":55978,"url":"http:\/\/www.24baires.com\/?p=55978","url_meta":{"origin":64011,"position":2},"title":"Nito Artaza quiere echar a Carri\u00f3 y \u00abllev\u00e1rsela a Macri\u00bb","author":"Grupo Sierra","date":"24\/10\/2014","format":false,"excerpt":"El senador se refiri\u00f3 al presente de UNEN y al rol que juega una de sus m\u00e1s pol\u00e9micas declarantes. \"Si queremos recuperar a UNEN que Lilita se una al PRO\", lanz\u00f3. El senador de la Uni\u00f3n C\u00edvica radical, Eugenio 'Nito' Artaza, se refiri\u00f3 hoy a la alianza UNEN y al\u2026","rel":"","context":"En \u00abPol\u00edtica\u00bb","block_context":{"text":"Pol\u00edtica","link":"http:\/\/www.24baires.com\/?cat=51"},"img":{"alt_text":"macri carri\u00f3","src":"https:\/\/i0.wp.com\/www.24baires.com\/wp-content\/uploads\/2014\/08\/macri-carri%C3%B3.jpg?resize=350%2C200","width":350,"height":200,"srcset":"https:\/\/i0.wp.com\/www.24baires.com\/wp-content\/uploads\/2014\/08\/macri-carri%C3%B3.jpg?resize=350%2C200 1x, https:\/\/i0.wp.com\/www.24baires.com\/wp-content\/uploads\/2014\/08\/macri-carri%C3%B3.jpg?resize=525%2C300 1.5x"},"classes":[]},{"id":37132,"url":"http:\/\/www.24baires.com\/?p=37132","url_meta":{"origin":64011,"position":3},"title":"Reci\u00e9n arranc\u00f3 pero ya se sacan los dientes","author":"Grupo Sierra","date":"19\/12\/2013","format":false,"excerpt":"Hace poco empez\u00f3 la temporada, pero la guerra de las boleter\u00edas ya se vive a pleno: \u00bflos primeros n\u00fameros en ventas ser\u00e1n los definitivos?. La temporada teatral en Mar del Plata ya comenz\u00f3 y con ella, la guerra de las boleter\u00edas para ver cu\u00e1l es la compa\u00f1\u00eda m\u00e1s taquillera. Terminada\u2026","rel":"","context":"En \u00abEspectaculos\u00bb","block_context":{"text":"Espectaculos","link":"http:\/\/www.24baires.com\/?cat=41"},"img":{"alt_text":"","src":"https:\/\/i0.wp.com\/www.24baires.com\/wp-content\/uploads\/2013\/12\/MORIA-CASAN_CLAIMA20111222_0211_25.jpg?resize=350%2C200","width":350,"height":200,"srcset":"https:\/\/i0.wp.com\/www.24baires.com\/wp-content\/uploads\/2013\/12\/MORIA-CASAN_CLAIMA20111222_0211_25.jpg?resize=350%2C200 1x, https:\/\/i0.wp.com\/www.24baires.com\/wp-content\/uploads\/2013\/12\/MORIA-CASAN_CLAIMA20111222_0211_25.jpg?resize=525%2C300 1.5x"},"classes":[]},{"id":59531,"url":"http:\/\/www.24baires.com\/?p=59531","url_meta":{"origin":64011,"position":4},"title":"Scioli: \u00abVoy siempre a todos los eventos a los que me invitan\u00bb","author":"AF","date":"04\/01\/2015","format":false,"excerpt":"El gobernador de Buenos Aires, Daniel Scioli, asegur\u00f3 que va \"siempre a todos los eventos\", al responder a las cr\u00edticas que cosech\u00f3 por parte de varios dirigentes kirchneristas tras asistir a la inauguraci\u00f3n del Espacio Clar\u00edn, un centro promocional montado en Mar del Plata por el multimedios. \u201cNo tengo que\u2026","rel":"","context":"En \u00abPol\u00edtica\u00bb","block_context":{"text":"Pol\u00edtica","link":"http:\/\/www.24baires.com\/?cat=51"},"img":{"alt_text":"scioli caballo+","src":"https:\/\/i0.wp.com\/www.24baires.com\/wp-content\/uploads\/2014\/10\/scioli-caballo%2B.jpg?resize=350%2C200","width":350,"height":200,"srcset":"https:\/\/i0.wp.com\/www.24baires.com\/wp-content\/uploads\/2014\/10\/scioli-caballo%2B.jpg?resize=350%2C200 1x, https:\/\/i0.wp.com\/www.24baires.com\/wp-content\/uploads\/2014\/10\/scioli-caballo%2B.jpg?resize=525%2C300 1.5x"},"classes":[]},{"id":43059,"url":"http:\/\/www.24baires.com\/?p=43059","url_meta":{"origin":64011,"position":5},"title":"Homenajes en todo el pa\u00eds a 5 a\u00f1os del fallecimiento de Alfons\u00edn","author":"Grupo Sierra","date":"31\/03\/2014","format":false,"excerpt":"Una serie de homenajes al ex presidente Ra\u00fal Alfons\u00edn, s\u00edmbolo de la restituci\u00f3n democr\u00e1tica argentina, se iniciar\u00e1 hoy en todo el pa\u00eds, al cumplirse cinco a\u00f1os de su fallecimiento. El acto oficial en su memoria se realizar\u00e1 a las 19 en la sede del comit\u00e9 de la UCR de capital\u2026","rel":"","context":"En \u00abMemoria\u00bb","block_context":{"text":"Memoria","link":"http:\/\/www.24baires.com\/?cat=50"},"img":{"alt_text":"s\u00e1bato alfonsin entrega Nunca m\u00e1s","src":"https:\/\/i0.wp.com\/www.24baires.com\/wp-content\/uploads\/2012\/12\/s%C3%A1bato-alfonsin-entrega-Nunca-m%C3%A1s.jpg?resize=350%2C200","width":350,"height":200,"srcset":"https:\/\/i0.wp.com\/www.24baires.com\/wp-content\/uploads\/2012\/12\/s%C3%A1bato-alfonsin-entrega-Nunca-m%C3%A1s.jpg?resize=350%2C200 1x, https:\/\/i0.wp.com\/www.24baires.com\/wp-content\/uploads\/2012\/12\/s%C3%A1bato-alfonsin-entrega-Nunca-m%C3%A1s.jpg?resize=525%2C300 1.5x"},"classes":[]}],"jetpack_sharing_enabled":true,"jetpack_likes_enabled":true,"jetpack_featured_media_url":"","_links":{"self":[{"href":"http:\/\/www.24baires.com\/index.php?rest_route=\/wp\/v2\/posts\/64011","targetHints":{"allow":["GET"]}}],"collection":[{"href":"http:\/\/www.24baires.com\/index.php?rest_route=\/wp\/v2\/posts"}],"about":[{"href":"http:\/\/www.24baires.com\/index.php?rest_route=\/wp\/v2\/types\/post"}],"author":[{"embeddable":true,"href":"http:\/\/www.24baires.com\/index.php?rest_route=\/wp\/v2\/users\/11"}],"replies":[{"embeddable":true,"href":"http:\/\/www.24baires.com\/index.php?rest_route=%2Fwp%2Fv2%2Fcomments&post=64011"}],"version-history":[{"count":3,"href":"http:\/\/www.24baires.com\/index.php?rest_route=\/wp\/v2\/posts\/64011\/revisions"}],"predecessor-version":[{"id":64016,"href":"http:\/\/www.24baires.com\/index.php?rest_route=\/wp\/v2\/posts\/64011\/revisions\/64016"}],"wp:attachment":[{"href":"http:\/\/www.24baires.com\/index.php?rest_route=%2Fwp%2Fv2%2Fmedia&parent=64011"}],"wp:term":[{"taxonomy":"category","embeddable":true,"href":"http:\/\/www.24baires.com\/index.php?rest_route=%2Fwp%2Fv2%2Fcategories&post=64011"},{"taxonomy":"post_tag","embeddable":true,"href":"http:\/\/www.24baires.com\/index.php?rest_route=%2Fwp%2Fv2%2Ftags&post=64011"}],"curies":[{"name":"wp","href":"https:\/\/api.w.org\/{rel}","templated":true}]}}