{"id":64005,"date":"2015-04-08T18:30:30","date_gmt":"2015-04-08T21:30:30","guid":{"rendered":"http:\/\/www.24baires.com\/?p=64005"},"modified":"2015-04-08T17:45:22","modified_gmt":"2015-04-08T20:45:22","slug":"la-foto-casual-de-rabolini-y-berni","status":"publish","type":"post","link":"http:\/\/www.24baires.com\/?p=64005","title":{"rendered":"La foto \u00abcasual\u00bb de Rabolini y Berni"},"content":{"rendered":"<p><img data-recalc-dims=\"1\" loading=\"lazy\" decoding=\"async\" class=\"aligncenter  wp-image-64006\" src=\"https:\/\/i0.wp.com\/www.24baires.com\/wp-content\/uploads\/2015\/04\/berni-rabolini.jpg?resize=594%2C332\" alt=\"berni-rabolini\" width=\"594\" height=\"332\" srcset=\"https:\/\/i0.wp.com\/www.24baires.com\/wp-content\/uploads\/2015\/04\/berni-rabolini.jpg?w=560 560w, https:\/\/i0.wp.com\/www.24baires.com\/wp-content\/uploads\/2015\/04\/berni-rabolini.jpg?resize=300%2C168 300w\" sizes=\"auto, (max-width: 594px) 100vw, 594px\" \/><\/p>\n<p>La presidenta de la Fundaci\u00f3n Banco Provincia y esposa del gobernador bonaerense y precandidato presidencial, Daniel Scioli, se reuni\u00f3 en el barrio porte\u00f1o de Palermo con el secretario de Seguridad, Sergio Berni. El encuentro se da en medio de la campa\u00f1a electoral tanto de la Provincia de Buenos Aires como las presidenciales.<!--more--><\/p>\n<p>Rabolini se mostr\u00f3 con uno de los ocho precandidatos a gobernador por el Frente para la Victoria con quien coincidi\u00f3 en querer que Daniel Scioli sea electo presidente en octubre.<\/p>\n<p>Berni ya anunci\u00f3 su deseo de ser gobernador; mientras que hace d\u00edas Mart\u00edn Insaurralde se defini\u00f3 por la postulaci\u00f3n de Scioli.<\/p>\n<p>Ahora, el sciolismo difundi\u00f3 un encuentro casual, con fot\u00f3grafo a mano, entre Rabolini y Berni.<\/p>\n<p>&nbsp;<\/p>\n<p>&nbsp;<\/p>\n","protected":false},"excerpt":{"rendered":"<p>La presidenta de la Fundaci\u00f3n Banco Provincia y esposa del gobernador bonaerense y precandidato presidencial, Daniel Scioli, se reuni\u00f3 en el barrio porte\u00f1o de Palermo con el secretario de Seguridad, Sergio Berni. El encuentro se da en medio de la campa\u00f1a electoral tanto de la Provincia de Buenos Aires como las presidenciales.<\/p>\n","protected":false},"author":11,"featured_media":0,"comment_status":"open","ping_status":"open","sticky":false,"template":"","format":"standard","meta":{"_jetpack_newsletter_access":"","_jetpack_dont_email_post_to_subs":false,"_jetpack_newsletter_tier_id":0,"_jetpack_memberships_contains_paywalled_content":false,"_jetpack_memberships_contains_paid_content":false,"footnotes":""},"categories":[51],"tags":[],"class_list":["post-64005","post","type-post","status-publish","format-standard","hentry","category-politica"],"jetpack_shortlink":"https:\/\/wp.me\/p2JWE0-gEl","jetpack-related-posts":[{"id":65071,"url":"http:\/\/www.24baires.com\/?p=65071","url_meta":{"origin":64005,"position":0},"title":"Berni confirm\u00f3 que ir\u00e1 por la Provincia como vice de Bossio","author":"GB","date":"29\/04\/2015","format":false,"excerpt":"As\u00ed lo ratific\u00f3 este mi\u00e9rcoles, tras las especulaciones que hab\u00edan suscitado los carteles con los que empapel\u00f3 el Conurbano. \"Puede poner la boleta tranquilo\", brome\u00f3 el secretario de Seguridad, Sergio Berni, al ser consultado sobre su participaci\u00f3n como candidato en las PASO bonaerenses de este a\u00f1o. Los rumores hab\u00edan cobrado\u2026","rel":"","context":"En \u00abElecciones 2015\u00bb","block_context":{"text":"Elecciones 2015","link":"http:\/\/www.24baires.com\/?cat=74"},"img":{"alt_text":"","src":"https:\/\/i0.wp.com\/www.24baires.com\/wp-content\/uploads\/2015\/04\/afiche-berni.jpg?resize=350%2C200","width":350,"height":200,"srcset":"https:\/\/i0.wp.com\/www.24baires.com\/wp-content\/uploads\/2015\/04\/afiche-berni.jpg?resize=350%2C200 1x, https:\/\/i0.wp.com\/www.24baires.com\/wp-content\/uploads\/2015\/04\/afiche-berni.jpg?resize=525%2C300 1.5x"},"classes":[]},{"id":65289,"url":"http:\/\/www.24baires.com\/?p=65289","url_meta":{"origin":64005,"position":1},"title":"\u00abNo tengo dudas de que Scioli va a ser el presidente\u00bb","author":"AF","date":"04\/05\/2015","format":false,"excerpt":"El secretario de Seguridad de la Naci\u00f3n, Sergio Berni, confi\u00f3 hoy en el triunfo de Daniel Scioli en las elecciones presidenciales de octubre, como el candidato del Frente para la Victoria (FpV), y consider\u00f3 a Sergio Massa, del Frente Renovador, un \"kirchnerista despechado\" y a Macri el reeditor \"de la\u2026","rel":"","context":"En \u00abElecciones 2015\u00bb","block_context":{"text":"Elecciones 2015","link":"http:\/\/www.24baires.com\/?cat=74"},"img":{"alt_text":"","src":"https:\/\/i0.wp.com\/www.24baires.com\/wp-content\/uploads\/2015\/05\/berni-scioli.jpg?resize=350%2C200","width":350,"height":200,"srcset":"https:\/\/i0.wp.com\/www.24baires.com\/wp-content\/uploads\/2015\/05\/berni-scioli.jpg?resize=350%2C200 1x, https:\/\/i0.wp.com\/www.24baires.com\/wp-content\/uploads\/2015\/05\/berni-scioli.jpg?resize=525%2C300 1.5x"},"classes":[]},{"id":66370,"url":"http:\/\/www.24baires.com\/?p=66370","url_meta":{"origin":64005,"position":2},"title":"Sergio Berni ratific\u00f3 su precandidatura a Gobernador","author":"AF","date":"22\/05\/2015","format":false,"excerpt":"El secretario de Seguridad de la Naci\u00f3n, Sergio Berni, ratific\u00f3 su precandidatura a gobernador bonaerense y lament\u00f3 las peleas entre postulantes del kirchnerismo. \"S\u00ed, soy precandidato\", respondi\u00f3 el funcionario cuando le consultaron si segu\u00eda en carrera por la Provincia. \"Sigo trabajando, estaba con Diego Bossio, pero sigo optimista y espero\u2026","rel":"","context":"En \u00abElecciones 2015\u00bb","block_context":{"text":"Elecciones 2015","link":"http:\/\/www.24baires.com\/?cat=74"},"img":{"alt_text":"berni","src":"https:\/\/i0.wp.com\/www.24baires.com\/wp-content\/uploads\/2015\/02\/berni.jpg?resize=350%2C200","width":350,"height":200,"srcset":"https:\/\/i0.wp.com\/www.24baires.com\/wp-content\/uploads\/2015\/02\/berni.jpg?resize=350%2C200 1x, https:\/\/i0.wp.com\/www.24baires.com\/wp-content\/uploads\/2015\/02\/berni.jpg?resize=525%2C300 1.5x"},"classes":[]},{"id":66368,"url":"http:\/\/www.24baires.com\/?p=66368","url_meta":{"origin":64005,"position":3},"title":"\u00ab\u00bfRabolini llor\u00f3 tanto cuando un imitador le toc\u00f3 la cola con una mano ortop\u00e9dica?\u00bb","author":"AF","date":"22\/05\/2015","format":false,"excerpt":"Tras la pol\u00e9mica que gener\u00f3 su frase ante los intelectuales de Carta Abierta, el ministro del Interior y Transporte y precandidato a Presidente por el kirchnerismo, Florencio Randazzo, estuvo en el programa \"Animales sueltos\" donde dio su explicaci\u00f3n del caso, pero dispar\u00f3 duro ahora contra Karina Rabolini. En medio de\u2026","rel":"","context":"En \u00abElecciones 2015\u00bb","block_context":{"text":"Elecciones 2015","link":"http:\/\/www.24baires.com\/?cat=74"},"img":{"alt_text":"randazzo 11.5.15","src":"https:\/\/i0.wp.com\/www.24baires.com\/wp-content\/uploads\/2015\/05\/randazzo-11.5.15.jpg?resize=350%2C200","width":350,"height":200,"srcset":"https:\/\/i0.wp.com\/www.24baires.com\/wp-content\/uploads\/2015\/05\/randazzo-11.5.15.jpg?resize=350%2C200 1x, https:\/\/i0.wp.com\/www.24baires.com\/wp-content\/uploads\/2015\/05\/randazzo-11.5.15.jpg?resize=525%2C300 1.5x"},"classes":[]},{"id":68183,"url":"http:\/\/www.24baires.com\/?p=68183","url_meta":{"origin":64005,"position":4},"title":"Karina Rabolini firm\u00f3 un acuerdo de cooperaci\u00f3n en Reino Unido","author":"AF","date":"26\/06\/2015","format":false,"excerpt":"La presidenta de la Fundaci\u00f3n Banco Provincia firm\u00f3 en Londres un acuerdo con Alicia Castro, la representante argentina en Gran Breta\u00f1a. La presidenta de la Fundaci\u00f3n Banco Provincia, Karina Rabolini, pas\u00f3 por Londres y firm\u00f3 hoy en la Residencia Oficial de la Embajada Argentina ante el Reino Unido un acuerdo\u2026","rel":"","context":"En \u00abInternacionales\u00bb","block_context":{"text":"Internacionales","link":"http:\/\/www.24baires.com\/?cat=73"},"img":{"alt_text":"","src":"https:\/\/i0.wp.com\/www.24baires.com\/wp-content\/uploads\/2015\/06\/Rabolini-alicia-castro.jpg?resize=350%2C200","width":350,"height":200,"srcset":"https:\/\/i0.wp.com\/www.24baires.com\/wp-content\/uploads\/2015\/06\/Rabolini-alicia-castro.jpg?resize=350%2C200 1x, https:\/\/i0.wp.com\/www.24baires.com\/wp-content\/uploads\/2015\/06\/Rabolini-alicia-castro.jpg?resize=525%2C300 1.5x"},"classes":[]},{"id":13465,"url":"http:\/\/www.24baires.com\/?p=13465","url_meta":{"origin":64005,"position":5},"title":"Karina Rabolini dice que Scioli \u00abser\u00eda un buen presidente\u00bb","author":"Grupo Sierra","date":"24\/01\/2013","format":false,"excerpt":"Karina Rabolini, esposa de Daniel Scioli, habl\u00f3 del futuro pol\u00edtico de su marido y sostuvo que el actual gobernador bonaerense \u201cser\u00eda un buen presidente\u201d. \"Daniel est\u00e1 acostumbrado a manejarse mejor en las adversidades\", dijo Rabolini en declaraciones a radio La Red y -ante la consulta de Jorge Rial- agreg\u00f3: \"Daniel\u2026","rel":"","context":"En \u00abPol\u00edtica\u00bb","block_context":{"text":"Pol\u00edtica","link":"http:\/\/www.24baires.com\/?cat=51"},"img":{"alt_text":"","src":"","width":0,"height":0},"classes":[]}],"jetpack_sharing_enabled":true,"jetpack_likes_enabled":true,"jetpack_featured_media_url":"","_links":{"self":[{"href":"http:\/\/www.24baires.com\/index.php?rest_route=\/wp\/v2\/posts\/64005","targetHints":{"allow":["GET"]}}],"collection":[{"href":"http:\/\/www.24baires.com\/index.php?rest_route=\/wp\/v2\/posts"}],"about":[{"href":"http:\/\/www.24baires.com\/index.php?rest_route=\/wp\/v2\/types\/post"}],"author":[{"embeddable":true,"href":"http:\/\/www.24baires.com\/index.php?rest_route=\/wp\/v2\/users\/11"}],"replies":[{"embeddable":true,"href":"http:\/\/www.24baires.com\/index.php?rest_route=%2Fwp%2Fv2%2Fcomments&post=64005"}],"version-history":[{"count":1,"href":"http:\/\/www.24baires.com\/index.php?rest_route=\/wp\/v2\/posts\/64005\/revisions"}],"predecessor-version":[{"id":64007,"href":"http:\/\/www.24baires.com\/index.php?rest_route=\/wp\/v2\/posts\/64005\/revisions\/64007"}],"wp:attachment":[{"href":"http:\/\/www.24baires.com\/index.php?rest_route=%2Fwp%2Fv2%2Fmedia&parent=64005"}],"wp:term":[{"taxonomy":"category","embeddable":true,"href":"http:\/\/www.24baires.com\/index.php?rest_route=%2Fwp%2Fv2%2Fcategories&post=64005"},{"taxonomy":"post_tag","embeddable":true,"href":"http:\/\/www.24baires.com\/index.php?rest_route=%2Fwp%2Fv2%2Ftags&post=64005"}],"curies":[{"name":"wp","href":"https:\/\/api.w.org\/{rel}","templated":true}]}}