{"id":64000,"date":"2015-04-08T16:29:31","date_gmt":"2015-04-08T19:29:31","guid":{"rendered":"http:\/\/www.24baires.com\/?p=64000"},"modified":"2015-04-08T16:29:31","modified_gmt":"2015-04-08T19:29:31","slug":"para-mussi-insaurralde-no-representa-al-modelo","status":"publish","type":"post","link":"http:\/\/www.24baires.com\/?p=64000","title":{"rendered":"Para Mussi \u00abInsaurralde no representa al modelo\u00bb"},"content":{"rendered":"<p><img data-recalc-dims=\"1\" loading=\"lazy\" decoding=\"async\" class=\"aligncenter size-full wp-image-14055\" src=\"https:\/\/i0.wp.com\/www.24baires.com\/wp-content\/uploads\/2013\/01\/mussi-berazategui.jpg?resize=560%2C377\" alt=\"mussi berazategui\" width=\"560\" height=\"377\" srcset=\"https:\/\/i0.wp.com\/www.24baires.com\/wp-content\/uploads\/2013\/01\/mussi-berazategui.jpg?w=560 560w, https:\/\/i0.wp.com\/www.24baires.com\/wp-content\/uploads\/2013\/01\/mussi-berazategui.jpg?resize=300%2C201 300w\" sizes=\"auto, (max-width: 560px) 100vw, 560px\" \/><\/p>\n<p>El intendente de <strong>Berazategui<\/strong> y precandidato a gobernador de la provincia de Buenos Aires, Juan Patricio Mussi, expres\u00f3 que le llama la atenci\u00f3n que \u00abdespu\u00e9s de tanto silencio\u00bb, Mart\u00edn Insaurralde se postule como gobernador bonaerense.<!--more--><\/p>\n<p>En referencia a las intenciones del actual intendente de Lomas de Zamora, manifestadas en las \u00faltimas horas de competir en las elecciones de este a\u00f1o, Mussi manifest\u00f3 que \u00abaprecia\u00bb a Insaurralde, pero destac\u00f3 que \u00abestuvo desaparecido y no se expres\u00f3 sobre el modelo\u201d.<\/p>\n<p>Asimismo el jefe comunal de Berazategui e integrante de Los Oktubres destac\u00f3 que \u00abInsaurralde estuvo con (Daniel) Scioli en un acto pero no tengo entendido que Daniel haya dicho que Mart\u00edn es su candidato\u00bb y agreg\u00f3 que \u00abno es el candidato del Frente para la Victoria en la provincia de Buenos Aires. No se puede estar de un lado y otro seg\u00fan te convenga\u201d.<\/p>\n<p>Durante una entrevista con Radio Am\u00e9rica, Mussi afirm\u00f3 que \u201chace mucho que a Mart\u00edn no lo escucho expresarse sobre este modelo. No s\u00e9 con qui\u00e9n habl\u00f3, no habl\u00f3 con los intendentes y vecinos\u00bb.<\/p>\n","protected":false},"excerpt":{"rendered":"<p>El intendente de Berazategui y precandidato a gobernador de la provincia de Buenos Aires, Juan Patricio Mussi, expres\u00f3 que le llama la atenci\u00f3n que \u00abdespu\u00e9s de tanto silencio\u00bb, Mart\u00edn Insaurralde se postule como gobernador bonaerense.<\/p>\n","protected":false},"author":11,"featured_media":0,"comment_status":"open","ping_status":"open","sticky":false,"template":"","format":"standard","meta":{"_jetpack_newsletter_access":"","_jetpack_dont_email_post_to_subs":false,"_jetpack_newsletter_tier_id":0,"_jetpack_memberships_contains_paywalled_content":false,"_jetpack_memberships_contains_paid_content":false,"footnotes":""},"categories":[51],"tags":[],"class_list":["post-64000","post","type-post","status-publish","format-standard","hentry","category-politica"],"jetpack_shortlink":"https:\/\/wp.me\/p2JWE0-gEg","jetpack-related-posts":[{"id":114935,"url":"http:\/\/www.24baires.com\/?p=114935","url_meta":{"origin":64000,"position":0},"title":"Kicillof recibi\u00f3 a intendentes oficialistas de la Tercera Secci\u00f3n","author":"AF","date":"06\/05\/2020","format":false,"excerpt":"El gobernador estuvo con Fernando Espinoza, Jorge Ferraresi, Juan Jos\u00e9 Mussi, Mario Secco, Mart\u00edn Insaurralde y Mariano Cascallares. El gobernador bonaerense, Axel Kicillof, viene manteniendo una serie de encuentros con intendentes para evaluar la continuidad de la ayuda financiera de la Provincia a los municipios frente a la crisis que\u2026","rel":"","context":"En \u00abProvincia\u00bb","block_context":{"text":"Provincia","link":"http:\/\/www.24baires.com\/?cat=40"},"img":{"alt_text":"","src":"https:\/\/i0.wp.com\/www.24baires.com\/wp-content\/uploads\/2020\/05\/kicillof-intendentes.jpg?resize=350%2C200","width":350,"height":200,"srcset":"https:\/\/i0.wp.com\/www.24baires.com\/wp-content\/uploads\/2020\/05\/kicillof-intendentes.jpg?resize=350%2C200 1x, https:\/\/i0.wp.com\/www.24baires.com\/wp-content\/uploads\/2020\/05\/kicillof-intendentes.jpg?resize=525%2C300 1.5x"},"classes":[]},{"id":114242,"url":"http:\/\/www.24baires.com\/?p=114242","url_meta":{"origin":64000,"position":1},"title":"Kicillof se reuni\u00f3 con intendentes del Frente de Todos","author":"AF","date":"28\/02\/2020","format":false,"excerpt":"El Gobernador bonaerense mantuvo un encuentro con jefes comunales de la Tercera Secci\u00f3n Electoral. Para avanzar en la construcci\u00f3n de una agenda en com\u00fan y conformar equipos de trabajo, Axel Kicillof recibi\u00f3 este viernes en La Plata a intendentes e intendentas del Frente de Todos. \u201cComo venimos haciendo desde el\u2026","rel":"","context":"En \u00abProvincia\u00bb","block_context":{"text":"Provincia","link":"http:\/\/www.24baires.com\/?cat=40"},"img":{"alt_text":"","src":"https:\/\/i0.wp.com\/www.24baires.com\/wp-content\/uploads\/2020\/02\/4e70b823aa9969498199c0d0698b57b6.jpg?resize=350%2C200","width":350,"height":200,"srcset":"https:\/\/i0.wp.com\/www.24baires.com\/wp-content\/uploads\/2020\/02\/4e70b823aa9969498199c0d0698b57b6.jpg?resize=350%2C200 1x, https:\/\/i0.wp.com\/www.24baires.com\/wp-content\/uploads\/2020\/02\/4e70b823aa9969498199c0d0698b57b6.jpg?resize=525%2C300 1.5x"},"classes":[]},{"id":64037,"url":"http:\/\/www.24baires.com\/?p=64037","url_meta":{"origin":64000,"position":2},"title":"Todos contra Insaurralde: Para Mussi, \u00abse burl\u00f3\u00bb de quienes lo llevaron en la boleta","author":"GB","date":"09\/04\/2015","format":false,"excerpt":"\"No puede dar todo lo mismo, ir con uno o ir con otro\", enfatiz\u00f3 el intendente de Berazategui, y agreg\u00f3: \"No es el mensaje que tenemos que darles a los j\u00f3venes; yo pertenezco a un proyecto pol\u00edtico, defiendo determinadas ideas y abrazo una ideolog\u00eda\". El intendente de Berazategui y precandidato\u2026","rel":"","context":"En \u00abPol\u00edtica\u00bb","block_context":{"text":"Pol\u00edtica","link":"http:\/\/www.24baires.com\/?cat=51"},"img":{"alt_text":"mussi berazategui","src":"https:\/\/i0.wp.com\/www.24baires.com\/wp-content\/uploads\/2013\/01\/mussi-berazategui.jpg?resize=350%2C200","width":350,"height":200,"srcset":"https:\/\/i0.wp.com\/www.24baires.com\/wp-content\/uploads\/2013\/01\/mussi-berazategui.jpg?resize=350%2C200 1x, https:\/\/i0.wp.com\/www.24baires.com\/wp-content\/uploads\/2013\/01\/mussi-berazategui.jpg?resize=525%2C300 1.5x"},"classes":[]},{"id":102994,"url":"http:\/\/www.24baires.com\/?p=102994","url_meta":{"origin":64000,"position":3},"title":"Insaurralde lanz\u00f3 su carrera por la Gobernaci\u00f3n bonaerense","author":"GB","date":"26\/06\/2018","format":false,"excerpt":"El intendente de Lomas de Zamora, Mart\u00edn Insaurralde, se anot\u00f3 hoy oficialmente en la carrera por la Gobernaci\u00f3n bonaerense, al difundir el apoyo de una docena de intendentes para que empiece a \"caminar la provincia\". El intendente, uno de los principales referentes del peronismo \"dialoguista\" en la provincia, reuni\u00f3 hoy\u2026","rel":"","context":"En \u00abProvincia\u00bb","block_context":{"text":"Provincia","link":"http:\/\/www.24baires.com\/?cat=40"},"img":{"alt_text":"","src":"https:\/\/i0.wp.com\/www.24baires.com\/wp-content\/uploads\/2018\/06\/insaurralde-300x200.jpg?resize=350%2C200","width":350,"height":200},"classes":[]},{"id":63455,"url":"http:\/\/www.24baires.com\/?p=63455","url_meta":{"origin":64000,"position":4},"title":"Insaurralde dio a conocer su apoyo a la candidatura de Scioli","author":"AF","date":"21\/03\/2015","format":false,"excerpt":"El intendente de Lomas de Zamora, Mart\u00edn Insaurralde, dio a conocer su apoyo a la candidatura presidencial del gobernador Daniel Scioli y, aunque reconoci\u00f3 haber tenido \"algunas diferencias por temas de gesti\u00f3n, afirm\u00f3 que el mandatario bonaerense \"est\u00e1 preparado\" para la Primera Magistratura. El ex diputado puso fin a los\u2026","rel":"","context":"En \u00abElecciones 2015\u00bb","block_context":{"text":"Elecciones 2015","link":"http:\/\/www.24baires.com\/?cat=74"},"img":{"alt_text":"","src":"","width":0,"height":0},"classes":[]},{"id":116527,"url":"http:\/\/www.24baires.com\/?p=116527","url_meta":{"origin":64000,"position":5},"title":"Intendentes del PJ se reunieron para respaldar al Gobierno y evaluar aperturas","author":"AF","date":"22\/10\/2020","format":false,"excerpt":"Se reunieron en Berazategui para efectuar un respaldo al presidente Alberto Fern\u00e1ndez y al gobernador bonaerense Axel Kicillof. Adem\u00e1s evaluaron la implementaci\u00f3n en los distritos de las distintas aperturas tras la flexibilizaci\u00f3n de las restricciones sociales. Una treintena de intendentes peronistas del Conurbano se reunieron en Berazategui para respaldar al\u2026","rel":"","context":"En \u00abProvincia\u00bb","block_context":{"text":"Provincia","link":"http:\/\/www.24baires.com\/?cat=40"},"img":{"alt_text":"","src":"https:\/\/i0.wp.com\/www.24baires.com\/wp-content\/uploads\/2020\/10\/5f9236f601237_1004x565.jpg?resize=350%2C200","width":350,"height":200,"srcset":"https:\/\/i0.wp.com\/www.24baires.com\/wp-content\/uploads\/2020\/10\/5f9236f601237_1004x565.jpg?resize=350%2C200 1x, https:\/\/i0.wp.com\/www.24baires.com\/wp-content\/uploads\/2020\/10\/5f9236f601237_1004x565.jpg?resize=525%2C300 1.5x"},"classes":[]}],"jetpack_sharing_enabled":true,"jetpack_likes_enabled":true,"jetpack_featured_media_url":"","_links":{"self":[{"href":"http:\/\/www.24baires.com\/index.php?rest_route=\/wp\/v2\/posts\/64000","targetHints":{"allow":["GET"]}}],"collection":[{"href":"http:\/\/www.24baires.com\/index.php?rest_route=\/wp\/v2\/posts"}],"about":[{"href":"http:\/\/www.24baires.com\/index.php?rest_route=\/wp\/v2\/types\/post"}],"author":[{"embeddable":true,"href":"http:\/\/www.24baires.com\/index.php?rest_route=\/wp\/v2\/users\/11"}],"replies":[{"embeddable":true,"href":"http:\/\/www.24baires.com\/index.php?rest_route=%2Fwp%2Fv2%2Fcomments&post=64000"}],"version-history":[{"count":1,"href":"http:\/\/www.24baires.com\/index.php?rest_route=\/wp\/v2\/posts\/64000\/revisions"}],"predecessor-version":[{"id":64001,"href":"http:\/\/www.24baires.com\/index.php?rest_route=\/wp\/v2\/posts\/64000\/revisions\/64001"}],"wp:attachment":[{"href":"http:\/\/www.24baires.com\/index.php?rest_route=%2Fwp%2Fv2%2Fmedia&parent=64000"}],"wp:term":[{"taxonomy":"category","embeddable":true,"href":"http:\/\/www.24baires.com\/index.php?rest_route=%2Fwp%2Fv2%2Fcategories&post=64000"},{"taxonomy":"post_tag","embeddable":true,"href":"http:\/\/www.24baires.com\/index.php?rest_route=%2Fwp%2Fv2%2Ftags&post=64000"}],"curies":[{"name":"wp","href":"https:\/\/api.w.org\/{rel}","templated":true}]}}