{"id":63995,"date":"2015-04-08T14:00:02","date_gmt":"2015-04-08T17:00:02","guid":{"rendered":"http:\/\/www.24baires.com\/?p=63995"},"modified":"2015-04-08T13:26:34","modified_gmt":"2015-04-08T16:26:34","slug":"diputados-trata-el-proyecto-para-reestatizar-el-servicio-de-trenes","status":"publish","type":"post","link":"http:\/\/www.24baires.com\/?p=63995","title":{"rendered":"Diputados trata el proyecto para reestatizar el servicio de trenes"},"content":{"rendered":"<p><img data-recalc-dims=\"1\" loading=\"lazy\" decoding=\"async\" class=\"aligncenter size-full wp-image-52131\" src=\"https:\/\/i0.wp.com\/www.24baires.com\/wp-content\/uploads\/2014\/08\/trenes.jpg?resize=560%2C334\" alt=\"trenes\" width=\"560\" height=\"334\" srcset=\"https:\/\/i0.wp.com\/www.24baires.com\/wp-content\/uploads\/2014\/08\/trenes.jpg?w=560 560w, https:\/\/i0.wp.com\/www.24baires.com\/wp-content\/uploads\/2014\/08\/trenes.jpg?resize=300%2C178 300w\" sizes=\"auto, (max-width: 560px) 100vw, 560px\" \/>La C\u00e1mara baja comenz\u00f3 a sesionar pasadas las 12.15 para tratar la iniciativa del Ejecutivo, que cuenta con amplio respaldo parlamentario. El debate se da en el marco de una sesi\u00f3n especial.<!--more--><\/p>\n<p>La propuesta del Poder Ejecutivo recibir\u00eda media sanci\u00f3n con el apoyo de la UCR, el PRO y el Frente Renovador, mientras que el interbloque Frente Amplio Progresista (FAP) y el Frente de Izquierda (FIT), defender\u00e1n proyectos alternativos.<\/p>\n<p>Se trata de un proyecto, anunciado por la presidenta Cristina Kirchner el 1 de marzo ante la Asamblea Legislativa, que busca declarar de inter\u00e9s p\u00fablico nacional y como objetivo prioritario del pa\u00eds la pol\u00edtica de reactivaci\u00f3n de los ferrocarriles de pasajeros y de cargas.<\/p>\n<p>El proyecto establece la creaci\u00f3n de Ferrocarriles Argentinos Sociedad del Estado, que seg\u00fan el ministro del Interior y Transporte, Florencio Randazzo, ser\u00e1 la \u201csociedad madre de todo el sistema\u201d, absorbiendo la Administradora de Infraestructura Ferroviaria (AIF), la Operadora Ferroviaria Sociedad del Estado (SOFSE) y Belgrano Cargas y Log\u00edstica.<\/p>\n<p>La medida apunta a \u00abprofundizar el proceso de reordenamiento ferroviario y estrat\u00e9gico establecido por este gobierno nacional y en atenci\u00f3n a la especificidad y profesionalidad que el sistema ferroviario requiere\u00bb.<\/p>\n<p>De acuerdo a los fundamentos, la iniciativa \u00abtiene por objeto la recuperaci\u00f3n definitiva de la administraci\u00f3n de los ferrocarriles por parte del Estado, partiendo de la idea central de que el mismo puede gestionar, incluso de una manera m\u00e1s eficiente que los privados\u00bb, remarca la propuesta enviada por el Poder Ejecutivo.<\/p>\n<p>&nbsp;<\/p>\n<p>&nbsp;<\/p>\n<p>&nbsp;<\/p>\n<p>&nbsp;<\/p>\n<p>&nbsp;<\/p>\n<p>&nbsp;<\/p>\n<p>&nbsp;<\/p>\n<p>&nbsp;<\/p>\n<p>&nbsp;<\/p>\n<p>&nbsp;<\/p>\n<p>&nbsp;<\/p>\n<p>&nbsp;<\/p>\n<p>&nbsp;<\/p>\n<p>&nbsp;<\/p>\n<p>&nbsp;<\/p>\n<p>&nbsp;<\/p>\n<p>&nbsp;<\/p>\n<p>&nbsp;<\/p>\n","protected":false},"excerpt":{"rendered":"<p>La C\u00e1mara baja comenz\u00f3 a sesionar pasadas las 12.15 para tratar la iniciativa del Ejecutivo, que cuenta con amplio respaldo parlamentario. El debate se da en el marco de una sesi\u00f3n especial.<\/p>\n","protected":false},"author":8,"featured_media":0,"comment_status":"open","ping_status":"open","sticky":false,"template":"","format":"standard","meta":{"_jetpack_newsletter_access":"","_jetpack_dont_email_post_to_subs":false,"_jetpack_newsletter_tier_id":0,"_jetpack_memberships_contains_paywalled_content":false,"_jetpack_memberships_contains_paid_content":false,"footnotes":""},"categories":[51],"tags":[],"class_list":["post-63995","post","type-post","status-publish","format-standard","hentry","category-politica"],"jetpack_shortlink":"https:\/\/wp.me\/p2JWE0-gEb","jetpack-related-posts":[{"id":63890,"url":"http:\/\/www.24baires.com\/?p=63890","url_meta":{"origin":63995,"position":0},"title":"Diputados tratar\u00e1n este mi\u00e9rcoles la estatizaci\u00f3n de los Ferrocarriles","author":"Grupo Sierra","date":"05\/04\/2015","format":false,"excerpt":"La C\u00e1mara de Diputados debatir\u00e1 el mi\u00e9rcoles pr\u00f3ximo el proyecto de ley que estatiza el servicio ferroviario y otorga al Estado la \"plena administraci\u00f3n de la infraestructura ferroviaria en todo el territorio nacional\", en el marco \"del proceso de transformaci\u00f3n in\u00e9dita\" que viene implementando el gobierno nacional para \"fortalecer y\u2026","rel":"","context":"En \u00abPol\u00edtica\u00bb","block_context":{"text":"Pol\u00edtica","link":"http:\/\/www.24baires.com\/?cat=51"},"img":{"alt_text":"Trenes san martin","src":"https:\/\/i0.wp.com\/www.24baires.com\/wp-content\/uploads\/2013\/09\/Trenes-san-martin.jpg?resize=350%2C200","width":350,"height":200,"srcset":"https:\/\/i0.wp.com\/www.24baires.com\/wp-content\/uploads\/2013\/09\/Trenes-san-martin.jpg?resize=350%2C200 1x, https:\/\/i0.wp.com\/www.24baires.com\/wp-content\/uploads\/2013\/09\/Trenes-san-martin.jpg?resize=525%2C300 1.5x"},"classes":[]},{"id":112034,"url":"http:\/\/www.24baires.com\/?p=112034","url_meta":{"origin":63995,"position":1},"title":"\u00abSi la oposici\u00f3n quiere ampliar el proyecto de emergencia alimentaria estaremos disponibles\u00bb","author":"GB","date":"11\/09\/2019","format":false,"excerpt":"El Presidente se mostr\u00f3 dispuesto a declarar el reclamo de las organizaciones sociales, que adem\u00e1s se debatir\u00e1 este jueves en Diputados. El presidente Mauricio Macri asegur\u00f3 este mi\u00e9rcoles que si la oposici\u00f3n \"quiere ampliar el proyecto (de emergencia alimentaria) estaremos disponibles\". Lo hizo en Santa Fe, en donde inaugur\u00f3 la\u2026","rel":"","context":"En \u00abPol\u00edtica\u00bb","block_context":{"text":"Pol\u00edtica","link":"http:\/\/www.24baires.com\/?cat=51"},"img":{"alt_text":"","src":"https:\/\/i0.wp.com\/www.24baires.com\/wp-content\/uploads\/2019\/08\/macri-voto.jpg?resize=350%2C200","width":350,"height":200,"srcset":"https:\/\/i0.wp.com\/www.24baires.com\/wp-content\/uploads\/2019\/08\/macri-voto.jpg?resize=350%2C200 1x, https:\/\/i0.wp.com\/www.24baires.com\/wp-content\/uploads\/2019\/08\/macri-voto.jpg?resize=525%2C300 1.5x"},"classes":[]},{"id":63307,"url":"http:\/\/www.24baires.com\/?p=63307","url_meta":{"origin":63995,"position":2},"title":"Randazzo: \u00abEl Estado es m\u00e1s eficiente que los privados\u00bb","author":"GB","date":"18\/03\/2015","format":false,"excerpt":"El ministro present\u00f3 el proyecto de ley que el Poder Ejecutivo envi\u00f3 al Congreso, a partir del cual se crea la Sociedad del Estado Ferrocarriles Argentinos y contempla la recuperaci\u00f3n estatal del sistema ferroviario nacional. El ministro del Interior y Transporte, Florencio Randazzo, anunci\u00f3 hoy en Casa de Gobierno que\u2026","rel":"","context":"En \u00abPol\u00edtica\u00bb","block_context":{"text":"Pol\u00edtica","link":"http:\/\/www.24baires.com\/?cat=51"},"img":{"alt_text":"","src":"https:\/\/i0.wp.com\/www.24baires.com\/wp-content\/uploads\/2015\/03\/randazzo.jpg?resize=350%2C200","width":350,"height":200,"srcset":"https:\/\/i0.wp.com\/www.24baires.com\/wp-content\/uploads\/2015\/03\/randazzo.jpg?resize=350%2C200 1x, https:\/\/i0.wp.com\/www.24baires.com\/wp-content\/uploads\/2015\/03\/randazzo.jpg?resize=525%2C300 1.5x"},"classes":[]},{"id":64331,"url":"http:\/\/www.24baires.com\/?p=64331","url_meta":{"origin":63995,"position":3},"title":"La reestatizaci\u00f3n de los Ferrocarriles ya es Ley","author":"Grupo Sierra","date":"15\/04\/2015","format":false,"excerpt":"El Senado de la Naci\u00f3n convirti\u00f3 hoy en ley el proyecto enviado por el Poder Ejecutivo para estatizar los trenes y crear la empresa p\u00fablica Ferrocarriles Argentinos, con el objeto de reactivar el servicio de cargas y de pasajeros. La iniciativa fue aprobada en general por 53 votos a favor\u2026","rel":"","context":"En \u00abPol\u00edtica\u00bb","block_context":{"text":"Pol\u00edtica","link":"http:\/\/www.24baires.com\/?cat=51"},"img":{"alt_text":"","src":"https:\/\/i0.wp.com\/www.24baires.com\/wp-content\/uploads\/2015\/04\/trenes.jpg?resize=350%2C200","width":350,"height":200,"srcset":"https:\/\/i0.wp.com\/www.24baires.com\/wp-content\/uploads\/2015\/04\/trenes.jpg?resize=350%2C200 1x, https:\/\/i0.wp.com\/www.24baires.com\/wp-content\/uploads\/2015\/04\/trenes.jpg?resize=525%2C300 1.5x"},"classes":[]},{"id":45560,"url":"http:\/\/www.24baires.com\/?p=45560","url_meta":{"origin":63995,"position":4},"title":"Sin qu\u00f3rum, la oposici\u00f3n insiste con debatir Ganancias","author":"GB","date":"08\/05\/2014","format":false,"excerpt":"Los titulares de los diferentes bloques legislativos no kirchneristas de Diputados quieren volver a tratar en una sesi\u00f3n oficial los proyectos para modificar el impuesto. Diputados del Frente Amplio Unen (FAUnen), el PRO, el massismo y la izquierda volvieron a pedir este jueves una sesi\u00f3n especial para el mi\u00e9rcoles pr\u00f3ximo\u2026","rel":"","context":"En \u00abPol\u00edtica\u00bb","block_context":{"text":"Pol\u00edtica","link":"http:\/\/www.24baires.com\/?cat=51"},"img":{"alt_text":"diputados5","src":"https:\/\/i0.wp.com\/www.24baires.com\/wp-content\/uploads\/2012\/11\/diputados5.jpg?resize=350%2C200","width":350,"height":200,"srcset":"https:\/\/i0.wp.com\/www.24baires.com\/wp-content\/uploads\/2012\/11\/diputados5.jpg?resize=350%2C200 1x, https:\/\/i0.wp.com\/www.24baires.com\/wp-content\/uploads\/2012\/11\/diputados5.jpg?resize=525%2C300 1.5x"},"classes":[]},{"id":113519,"url":"http:\/\/www.24baires.com\/?p=113519","url_meta":{"origin":63995,"position":5},"title":"Tras la media sanci\u00f3n, el senado debate este viernes la Ley de Solidaridad Social","author":"GB","date":"20\/12\/2019","format":false,"excerpt":"Tras la media sanci\u00f3n de Diputados y con Cristina al frente del cuerpo, la C\u00e1mara alta trata hoy la emergencia econ\u00f3mica impulsada por el Gobierno. El Senado, en su primera sesi\u00f3n con Cristina Kirchner al frente del cuerpo, debatir\u00e1 a partir de las 14 el proyecto de Ley de Solidaridad\u2026","rel":"","context":"En \u00abPol\u00edtica\u00bb","block_context":{"text":"Pol\u00edtica","link":"http:\/\/www.24baires.com\/?cat=51"},"img":{"alt_text":"","src":"https:\/\/i0.wp.com\/www.24baires.com\/wp-content\/uploads\/2018\/08\/senado.jpg?resize=350%2C200","width":350,"height":200,"srcset":"https:\/\/i0.wp.com\/www.24baires.com\/wp-content\/uploads\/2018\/08\/senado.jpg?resize=350%2C200 1x, https:\/\/i0.wp.com\/www.24baires.com\/wp-content\/uploads\/2018\/08\/senado.jpg?resize=525%2C300 1.5x"},"classes":[]}],"jetpack_sharing_enabled":true,"jetpack_likes_enabled":true,"jetpack_featured_media_url":"","_links":{"self":[{"href":"http:\/\/www.24baires.com\/index.php?rest_route=\/wp\/v2\/posts\/63995","targetHints":{"allow":["GET"]}}],"collection":[{"href":"http:\/\/www.24baires.com\/index.php?rest_route=\/wp\/v2\/posts"}],"about":[{"href":"http:\/\/www.24baires.com\/index.php?rest_route=\/wp\/v2\/types\/post"}],"author":[{"embeddable":true,"href":"http:\/\/www.24baires.com\/index.php?rest_route=\/wp\/v2\/users\/8"}],"replies":[{"embeddable":true,"href":"http:\/\/www.24baires.com\/index.php?rest_route=%2Fwp%2Fv2%2Fcomments&post=63995"}],"version-history":[{"count":1,"href":"http:\/\/www.24baires.com\/index.php?rest_route=\/wp\/v2\/posts\/63995\/revisions"}],"predecessor-version":[{"id":63996,"href":"http:\/\/www.24baires.com\/index.php?rest_route=\/wp\/v2\/posts\/63995\/revisions\/63996"}],"wp:attachment":[{"href":"http:\/\/www.24baires.com\/index.php?rest_route=%2Fwp%2Fv2%2Fmedia&parent=63995"}],"wp:term":[{"taxonomy":"category","embeddable":true,"href":"http:\/\/www.24baires.com\/index.php?rest_route=%2Fwp%2Fv2%2Fcategories&post=63995"},{"taxonomy":"post_tag","embeddable":true,"href":"http:\/\/www.24baires.com\/index.php?rest_route=%2Fwp%2Fv2%2Ftags&post=63995"}],"curies":[{"name":"wp","href":"https:\/\/api.w.org\/{rel}","templated":true}]}}