{"id":63989,"date":"2015-04-08T12:00:51","date_gmt":"2015-04-08T15:00:51","guid":{"rendered":"http:\/\/www.24baires.com\/?p=63989"},"modified":"2015-04-08T11:40:29","modified_gmt":"2015-04-08T14:40:29","slug":"scioli-considero-que-tiene-un-gran-respaldo-para-su-candidatura-dentro-del-fpv","status":"publish","type":"post","link":"http:\/\/www.24baires.com\/?p=63989","title":{"rendered":"Scioli consider\u00f3 que tiene un \u00abgran respaldo\u00bb para su candidatura dentro del FpV"},"content":{"rendered":"<p><img data-recalc-dims=\"1\" loading=\"lazy\" decoding=\"async\" class=\"aligncenter size-full wp-image-60813\" src=\"https:\/\/i0.wp.com\/www.24baires.com\/wp-content\/uploads\/2015\/01\/scioli-1.jpg?resize=560%2C306\" alt=\"scioli 1\" width=\"560\" height=\"306\" srcset=\"https:\/\/i0.wp.com\/www.24baires.com\/wp-content\/uploads\/2015\/01\/scioli-1.jpg?w=560 560w, https:\/\/i0.wp.com\/www.24baires.com\/wp-content\/uploads\/2015\/01\/scioli-1.jpg?resize=300%2C164 300w\" sizes=\"auto, (max-width: 560px) 100vw, 560px\" \/>El gobernador bonaerense y precandidato presidencial por el Frente para la Victoria, Daniel Scioli, asegur\u00f3 hoy que ve \u00abun gran respaldo\u00bb para su postulaci\u00f3n dentro de ese espacio y resalt\u00f3 la figura del ministro de Econom\u00eda, Axel Kicillof, al advertir que \u00abes un hombre al que se lo ha subestimado\u00bb.<!--more--><\/p>\n<p>\u00abLo m\u00edo es lo m\u00e1s coherente y previsible, la gente sabe con qu\u00e9 se va a encontrar, no va a tener sorpresas. Y lo que se va dando a medida que se va clarificando el panorama electoral es un gran respaldo a mi candidatura dentro de este espacio. Hay una convicci\u00f3n de que la gente nos va a dar su confianza\u00bb, asegur\u00f3.<\/p>\n<p>Con respecto a su compa\u00f1ero de f\u00f3rmula presidencial, Scioli evit\u00f3 dar nombres propios, pero resalt\u00f3 la figura de Kicillof.<\/p>\n<p>\u00abEs un hombre al que se lo ha subestimado, que viene demostrando condiciones para haber soportado embestidas internas y externas muy poderosas, y viene mostrando la experiencia que ha acumulado, m\u00e1s all\u00e1 de su aspiraci\u00f3n pol\u00edtica y profesional\u00bb, expres\u00f3.<\/p>\n<p>\u00abTiene una gran tenacidad, con un respaldo pol\u00edtico extraordinario, y ha logrado estabilizar un tipo de cambio, preservar las divisas, el trabajo argentino, siempre con la mirada puesta en la econom\u00eda real, es algo que siempre hablo con \u00e9l\u00bb, a\u00f1adi\u00f3.<\/p>\n<p>En declaraciones a radio La Red, el gobernador bonaerense cuestion\u00f3 \u00abtodas las especulaciones que hac\u00edan algunos\u00bb con respecto a su candidatura dentro del kirchnerismo, y dijo que \u00aben estos 12 a\u00f1os\u00bb escuch\u00f3 \u00abdemasiados disparates\u00bb.<\/p>\n<p>\u00abCuando usted ve lo concreto, qui\u00e9nes ocuparon las m\u00e1ximas responsabilidades en este proyecto pol\u00edtico, es muy claro, y eso es fruto de la confianza y respaldo que me ha dado la gente y particularmente mi relaci\u00f3n con N\u00e9stor en su momento, y ahora con la Presidenta\u00bb, asever\u00f3.<\/p>\n<p>Adem\u00e1s, defendi\u00f3 los \u00faltimos afiches que aparecieron con su candidatura, en los que el eslogan es \u00abScioli para la Victoria\u00bb, al afirmar que \u00abes la victoria de la gente que piensa que ese es el camino\u00bb.<\/p>\n<p>&nbsp;<\/p>\n<p>&nbsp;<\/p>\n<p>&nbsp;<\/p>\n<p>&nbsp;<\/p>\n<p>&nbsp;<\/p>\n<p>&nbsp;<\/p>\n<p>&nbsp;<\/p>\n<p>&nbsp;<\/p>\n<p>&nbsp;<\/p>\n<p>&nbsp;<\/p>\n<p>&nbsp;<\/p>\n<p>&nbsp;<\/p>\n<p>&nbsp;<\/p>\n<p>&nbsp;<\/p>\n<p>&nbsp;<\/p>\n","protected":false},"excerpt":{"rendered":"<p>El gobernador bonaerense y precandidato presidencial por el Frente para la Victoria, Daniel Scioli, asegur\u00f3 hoy que ve \u00abun gran respaldo\u00bb para su postulaci\u00f3n dentro de ese espacio y resalt\u00f3 la figura del ministro de Econom\u00eda, Axel Kicillof, al advertir que \u00abes un hombre al que se lo ha subestimado\u00bb.<\/p>\n","protected":false},"author":8,"featured_media":0,"comment_status":"open","ping_status":"open","sticky":false,"template":"","format":"standard","meta":{"_jetpack_newsletter_access":"","_jetpack_dont_email_post_to_subs":false,"_jetpack_newsletter_tier_id":0,"_jetpack_memberships_contains_paywalled_content":false,"_jetpack_memberships_contains_paid_content":false,"footnotes":""},"categories":[51],"tags":[],"class_list":["post-63989","post","type-post","status-publish","format-standard","hentry","category-politica"],"jetpack_shortlink":"https:\/\/wp.me\/p2JWE0-gE5","jetpack-related-posts":[{"id":108387,"url":"http:\/\/www.24baires.com\/?p=108387","url_meta":{"origin":63989,"position":0},"title":"Scioli ratific\u00f3 su candidatura presidencial","author":"GB","date":"25\/05\/2019","format":false,"excerpt":"El exgobernador de la Provincia de Buenos Aires particip\u00f3 del Congreso Educativo de Ajedrez que se realiz\u00f3 en la ciudad balnearia y manifest\u00f3 sus deseos de ser el primer mandatario del pa\u00eds despu\u00e9s del 10 de diciembre, sin embargo aclar\u00f3: \u201cVer\u00e9 como peronista en qu\u00e9 lugar puedo hacer mi mayor\u2026","rel":"","context":"En \u00abPol\u00edtica\u00bb","block_context":{"text":"Pol\u00edtica","link":"http:\/\/www.24baires.com\/?cat=51"},"img":{"alt_text":"","src":"https:\/\/i0.wp.com\/www.24baires.com\/wp-content\/uploads\/2019\/05\/scioli-mar-del.jpg?resize=350%2C200","width":350,"height":200,"srcset":"https:\/\/i0.wp.com\/www.24baires.com\/wp-content\/uploads\/2019\/05\/scioli-mar-del.jpg?resize=350%2C200 1x, https:\/\/i0.wp.com\/www.24baires.com\/wp-content\/uploads\/2019\/05\/scioli-mar-del.jpg?resize=525%2C300 1.5x"},"classes":[]},{"id":120226,"url":"http:\/\/www.24baires.com\/?p=120226","url_meta":{"origin":63989,"position":1},"title":"Cristina recibi\u00f3 a Scioli: \u201cA seguir trabajando, que es lo que hay que hacer\u201d","author":"AF","date":"28\/06\/2023","format":false,"excerpt":"\"Hablamos mucho, con sinceridad y con el respeto de siempre. Me transmiti\u00f3 que su vocaci\u00f3n es ayudar y colaborar como un compa\u00f1ero m\u00e1s\", asegur\u00f3 a trav\u00e9s de las redes sociales la Vicepresidenta sobre el encuentro. La Vicepresidenta Cristina Fern\u00e1ndez de Kirchner public\u00f3 en redes sociales una foto con el embajador\u2026","rel":"","context":"En \u00abPol\u00edtica\u00bb","block_context":{"text":"Pol\u00edtica","link":"http:\/\/www.24baires.com\/?cat=51"},"img":{"alt_text":"","src":"https:\/\/i0.wp.com\/www.24baires.com\/wp-content\/uploads\/2023\/06\/WhatsApp-Image-2023-06-28-at-23.30.42.jpeg?resize=350%2C200","width":350,"height":200,"srcset":"https:\/\/i0.wp.com\/www.24baires.com\/wp-content\/uploads\/2023\/06\/WhatsApp-Image-2023-06-28-at-23.30.42.jpeg?resize=350%2C200 1x, https:\/\/i0.wp.com\/www.24baires.com\/wp-content\/uploads\/2023\/06\/WhatsApp-Image-2023-06-28-at-23.30.42.jpeg?resize=525%2C300 1.5x, https:\/\/i0.wp.com\/www.24baires.com\/wp-content\/uploads\/2023\/06\/WhatsApp-Image-2023-06-28-at-23.30.42.jpeg?resize=700%2C400 2x"},"classes":[]},{"id":120181,"url":"http:\/\/www.24baires.com\/?p=120181","url_meta":{"origin":63989,"position":2},"title":"El Frente de Todos pasa a llamarse \u00abUni\u00f3n por la Patria\u00bb","author":"AF","date":"14\/06\/2023","format":false,"excerpt":"Los distintos sectores que componen el frente oficialista mantienen reuniones para definir, entre otras cosas, la constituci\u00f3n de su junta partidaria y el reglamento electoral que fijar\u00e1 pisos y porcentajes para la integraci\u00f3n de listas. El Frente de Todos (FdT) se llamar\u00e1 Uni\u00f3n por la Patria (UxP) en las pr\u00f3ximas\u2026","rel":"","context":"En \u00abPol\u00edtica\u00bb","block_context":{"text":"Pol\u00edtica","link":"http:\/\/www.24baires.com\/?cat=51"},"img":{"alt_text":"","src":"https:\/\/i0.wp.com\/www.24baires.com\/wp-content\/uploads\/2023\/06\/cfk-25-5.png?resize=350%2C200","width":350,"height":200,"srcset":"https:\/\/i0.wp.com\/www.24baires.com\/wp-content\/uploads\/2023\/06\/cfk-25-5.png?resize=350%2C200 1x, https:\/\/i0.wp.com\/www.24baires.com\/wp-content\/uploads\/2023\/06\/cfk-25-5.png?resize=525%2C300 1.5x, https:\/\/i0.wp.com\/www.24baires.com\/wp-content\/uploads\/2023\/06\/cfk-25-5.png?resize=700%2C400 2x, https:\/\/i0.wp.com\/www.24baires.com\/wp-content\/uploads\/2023\/06\/cfk-25-5.png?resize=1050%2C600 3x"},"classes":[]},{"id":111289,"url":"http:\/\/www.24baires.com\/?p=111289","url_meta":{"origin":63989,"position":3},"title":"Alberto Fern\u00e1ndez propone medicamentos gratis para todos los jubilados","author":"AF","date":"22\/07\/2019","format":false,"excerpt":"El candidato a presidente del Frente de Todos hizo el anuncio en un acto en Temperley. All\u00ed dijo tambi\u00e9n que plantear\u00e1 la recomposici\u00f3n de los haberes jubilatorios. El candidato presidencial del Frente de Todos, Alberto Fern\u00e1ndez, asegur\u00f3 que en caso de ganar los comicios de octubre propondr\u00e1 que el Estado\u2026","rel":"","context":"En \u00abPol\u00edtica\u00bb","block_context":{"text":"Pol\u00edtica","link":"http:\/\/www.24baires.com\/?cat=51"},"img":{"alt_text":"","src":"https:\/\/i0.wp.com\/www.24baires.com\/wp-content\/uploads\/2019\/06\/alberto-fernandez.jpg?resize=350%2C200","width":350,"height":200,"srcset":"https:\/\/i0.wp.com\/www.24baires.com\/wp-content\/uploads\/2019\/06\/alberto-fernandez.jpg?resize=350%2C200 1x, https:\/\/i0.wp.com\/www.24baires.com\/wp-content\/uploads\/2019\/06\/alberto-fernandez.jpg?resize=525%2C300 1.5x"},"classes":[]},{"id":92257,"url":"http:\/\/www.24baires.com\/?p=92257","url_meta":{"origin":63989,"position":4},"title":"Vidal: los intendentes peronistas \u00abya no me dicen Heidi\u00bb","author":"AF","date":"09\/02\/2017","format":false,"excerpt":"La gobernadora bonaerense consider\u00f3 que en las elecciones \"la gente va a votar a Cambiemos porque va a reafirmar su necesidad de cambiar y de no volver atr\u00e1s\". Vidal sostuvo que las pr\u00f3ximas elecciones legislativas \"son muy importantes\" y al respecto remarc\u00f3: \"Le vamos a pedir el voto a la\u2026","rel":"","context":"En \u00abProvincia\u00bb","block_context":{"text":"Provincia","link":"http:\/\/www.24baires.com\/?cat=40"},"img":{"alt_text":"","src":"https:\/\/i0.wp.com\/www.24baires.com\/wp-content\/uploads\/2016\/12\/vidall.jpg?resize=350%2C200","width":350,"height":200,"srcset":"https:\/\/i0.wp.com\/www.24baires.com\/wp-content\/uploads\/2016\/12\/vidall.jpg?resize=350%2C200 1x, https:\/\/i0.wp.com\/www.24baires.com\/wp-content\/uploads\/2016\/12\/vidall.jpg?resize=525%2C300 1.5x"},"classes":[]},{"id":61188,"url":"http:\/\/www.24baires.com\/?p=61188","url_meta":{"origin":63989,"position":5},"title":"\u00abLa gente sacar\u00e1 sus conclusiones\u00bb, dijo Scioli sobre el acuerdo Macri-Carri\u00f3","author":"GB","date":"03\/02\/2015","format":false,"excerpt":"El gobernador bonaerense se refiri\u00f3 as\u00ed al acuerdo electoral entre el titular del PRO, Mauricio Macri, y la diputada Elisa Carri\u00f3. El s\u00e1bado pasado, el jefe de Gobierno porte\u00f1o confirm\u00f3 en Facebook que la diputada de la Coalici\u00f3n C\u00edvica, ex UNEN, competir\u00e1 en las primarias. El gobernador bonaerense, Daniel Scioli,\u2026","rel":"","context":"En \u00abPol\u00edtica\u00bb","block_context":{"text":"Pol\u00edtica","link":"http:\/\/www.24baires.com\/?cat=51"},"img":{"alt_text":"scioli 1","src":"https:\/\/i0.wp.com\/www.24baires.com\/wp-content\/uploads\/2015\/01\/scioli-1.jpg?resize=350%2C200","width":350,"height":200,"srcset":"https:\/\/i0.wp.com\/www.24baires.com\/wp-content\/uploads\/2015\/01\/scioli-1.jpg?resize=350%2C200 1x, https:\/\/i0.wp.com\/www.24baires.com\/wp-content\/uploads\/2015\/01\/scioli-1.jpg?resize=525%2C300 1.5x"},"classes":[]}],"jetpack_sharing_enabled":true,"jetpack_likes_enabled":true,"jetpack_featured_media_url":"","_links":{"self":[{"href":"http:\/\/www.24baires.com\/index.php?rest_route=\/wp\/v2\/posts\/63989","targetHints":{"allow":["GET"]}}],"collection":[{"href":"http:\/\/www.24baires.com\/index.php?rest_route=\/wp\/v2\/posts"}],"about":[{"href":"http:\/\/www.24baires.com\/index.php?rest_route=\/wp\/v2\/types\/post"}],"author":[{"embeddable":true,"href":"http:\/\/www.24baires.com\/index.php?rest_route=\/wp\/v2\/users\/8"}],"replies":[{"embeddable":true,"href":"http:\/\/www.24baires.com\/index.php?rest_route=%2Fwp%2Fv2%2Fcomments&post=63989"}],"version-history":[{"count":1,"href":"http:\/\/www.24baires.com\/index.php?rest_route=\/wp\/v2\/posts\/63989\/revisions"}],"predecessor-version":[{"id":63990,"href":"http:\/\/www.24baires.com\/index.php?rest_route=\/wp\/v2\/posts\/63989\/revisions\/63990"}],"wp:attachment":[{"href":"http:\/\/www.24baires.com\/index.php?rest_route=%2Fwp%2Fv2%2Fmedia&parent=63989"}],"wp:term":[{"taxonomy":"category","embeddable":true,"href":"http:\/\/www.24baires.com\/index.php?rest_route=%2Fwp%2Fv2%2Fcategories&post=63989"},{"taxonomy":"post_tag","embeddable":true,"href":"http:\/\/www.24baires.com\/index.php?rest_route=%2Fwp%2Fv2%2Ftags&post=63989"}],"curies":[{"name":"wp","href":"https:\/\/api.w.org\/{rel}","templated":true}]}}