{"id":63985,"date":"2015-04-08T12:55:17","date_gmt":"2015-04-08T15:55:17","guid":{"rendered":"http:\/\/www.24baires.com\/?p=63985"},"modified":"2015-04-09T10:07:20","modified_gmt":"2015-04-09T13:07:20","slug":"la-presidenta-visitara-rusia-el-22-y-23-de-abril","status":"publish","type":"post","link":"http:\/\/www.24baires.com\/?p=63985","title":{"rendered":"La Presidenta visitar\u00e1 Rusia el 22 y 23 de abril"},"content":{"rendered":"<p><img data-recalc-dims=\"1\" loading=\"lazy\" decoding=\"async\" class=\"aligncenter size-full wp-image-63421\" src=\"https:\/\/i0.wp.com\/www.24baires.com\/wp-content\/uploads\/2015\/03\/cristina4.jpg?resize=560%2C373\" alt=\"cristina4\" width=\"560\" height=\"373\" srcset=\"https:\/\/i0.wp.com\/www.24baires.com\/wp-content\/uploads\/2015\/03\/cristina4.jpg?w=560 560w, https:\/\/i0.wp.com\/www.24baires.com\/wp-content\/uploads\/2015\/03\/cristina4.jpg?resize=300%2C200 300w\" sizes=\"auto, (max-width: 560px) 100vw, 560px\" \/>La Presidenta visitar\u00e1 Mosc\u00fa el 22 y 23 de abril, invitada por Vladimir Putin. La gira oficial se da tras el viaje hecho por el mandatario a la Argentina en julio del a\u00f1o pasado y refleja \u00ablas excelentes relaciones bilaterales\u00bb, indic\u00f3 la Canciller\u00eda. <!--more--><\/p>\n<p>El objeto de la visita es continuar profundizando las relaciones bilaterales en el marco de una asociaci\u00f3n estrat\u00e9gica abarcativa de todas las esferas de cooperaci\u00f3n argentino-rusas.<\/p>\n<p>En este sentido, los mandatarios revisar\u00e1n el estado de los acuerdos firmados en ocasi\u00f3n de la visita del Presidente Putin as\u00ed como se prev\u00e9 la firma de nuevos acuerdos, inform\u00f3 la Canciller\u00eda.<\/p>\n<p>&nbsp;<\/p>\n<p>&nbsp;<\/p>\n<p>&nbsp;<\/p>\n<p>&nbsp;<\/p>\n<p>&nbsp;<\/p>\n<p>&nbsp;<\/p>\n<p>&nbsp;<\/p>\n","protected":false},"excerpt":{"rendered":"<p>La Presidenta visitar\u00e1 Mosc\u00fa el 22 y 23 de abril, invitada por Vladimir Putin. La gira oficial se da tras el viaje hecho por el mandatario a la Argentina en julio del a\u00f1o pasado y refleja \u00ablas excelentes relaciones bilaterales\u00bb, indic\u00f3 la Canciller\u00eda.<\/p>\n","protected":false},"author":8,"featured_media":0,"comment_status":"open","ping_status":"open","sticky":false,"template":"","format":"standard","meta":{"_jetpack_newsletter_access":"","_jetpack_dont_email_post_to_subs":false,"_jetpack_newsletter_tier_id":0,"_jetpack_memberships_contains_paywalled_content":false,"_jetpack_memberships_contains_paid_content":false,"footnotes":""},"categories":[51],"tags":[],"class_list":["post-63985","post","type-post","status-publish","format-standard","hentry","category-politica"],"jetpack_shortlink":"https:\/\/wp.me\/p2JWE0-gE1","jetpack-related-posts":[{"id":118457,"url":"http:\/\/www.24baires.com\/?p=118457","url_meta":{"origin":63985,"position":0},"title":"Alberto Fern\u00e1ndez viajar\u00e1 a Rusia y a China en febrero","author":"AF","date":"14\/01\/2022","format":false,"excerpt":"El Presidente realizar\u00e1 la gira el 3 y 4 de febrero pr\u00f3ximos. Primero visitar\u00e1 al l\u00edder ruso, tras lo cual se trasladar\u00e1 a China para asistir a la inauguraci\u00f3n de los Juegos Ol\u00edmpicos de Invierno en ese pa\u00eds. El presidente Alberto Fern\u00e1ndez mantendr\u00e1 una reuni\u00f3n con su par de Rusia,\u2026","rel":"","context":"En \u00abPol\u00edtica\u00bb","block_context":{"text":"Pol\u00edtica","link":"http:\/\/www.24baires.com\/?cat=51"},"img":{"alt_text":"","src":"https:\/\/i0.wp.com\/www.24baires.com\/wp-content\/uploads\/2022\/01\/61b3e113f3a2e_900.jpg?resize=350%2C200","width":350,"height":200,"srcset":"https:\/\/i0.wp.com\/www.24baires.com\/wp-content\/uploads\/2022\/01\/61b3e113f3a2e_900.jpg?resize=350%2C200 1x, https:\/\/i0.wp.com\/www.24baires.com\/wp-content\/uploads\/2022\/01\/61b3e113f3a2e_900.jpg?resize=525%2C300 1.5x"},"classes":[]},{"id":73849,"url":"http:\/\/www.24baires.com\/?p=73849","url_meta":{"origin":63985,"position":1},"title":"Cristina hablar\u00e1 el mi\u00e9rcoles por una videoconferencia con el presidente Putin","author":"GB","date":"20\/10\/2015","format":false,"excerpt":"Ser\u00e1 en ocasi\u00f3n de un nuevo aniversario del establecimiento de las relaciones diplom\u00e1ticas entre ambos pa\u00edses. Putin y Cristina se vieron por \u00faltima vez en abril de esta a\u00f1o cuando la mandataria visit\u00f3 Mosc\u00fa para firmar importantes acuerdos bilaterales. El vocero del gobierno ruso, Dmitri Peskov, adelant\u00f3 este martes que\u2026","rel":"","context":"En \u00abPol\u00edtica\u00bb","block_context":{"text":"Pol\u00edtica","link":"http:\/\/www.24baires.com\/?cat=51"},"img":{"alt_text":"putin cristina","src":"https:\/\/i0.wp.com\/www.24baires.com\/wp-content\/uploads\/2014\/07\/putin-cristina.jpg?resize=350%2C200","width":350,"height":200,"srcset":"https:\/\/i0.wp.com\/www.24baires.com\/wp-content\/uploads\/2014\/07\/putin-cristina.jpg?resize=350%2C200 1x, https:\/\/i0.wp.com\/www.24baires.com\/wp-content\/uploads\/2014\/07\/putin-cristina.jpg?resize=525%2C300 1.5x"},"classes":[]},{"id":106364,"url":"http:\/\/www.24baires.com\/?p=106364","url_meta":{"origin":63985,"position":2},"title":"Macri finaliz\u00f3 sus vacaciones y viaj\u00f3 a Brasil para reunirse con Bolsonaro","author":"AF","date":"15\/01\/2019","format":false,"excerpt":"El c\u00f3nclave ser\u00e1 en Brasilia. Desde el Gobierno afirman que se trata de una visita oficial que servir\u00e1 para analizar objetivos de inter\u00e9s com\u00fan y afianzar la relaci\u00f3n bilateral entre ambos pa\u00edses. Fin de las vacaciones para Mauricio Macri quien ya viaj\u00f3 para reunirse en Brasilia con el presidente de\u2026","rel":"","context":"En \u00abLocales\u00bb","block_context":{"text":"Locales","link":"http:\/\/www.24baires.com\/?cat=38"},"img":{"alt_text":"","src":"https:\/\/i0.wp.com\/www.24baires.com\/wp-content\/uploads\/2018\/10\/bolsonaro-brasil.jpg?resize=350%2C200","width":350,"height":200,"srcset":"https:\/\/i0.wp.com\/www.24baires.com\/wp-content\/uploads\/2018\/10\/bolsonaro-brasil.jpg?resize=350%2C200 1x, https:\/\/i0.wp.com\/www.24baires.com\/wp-content\/uploads\/2018\/10\/bolsonaro-brasil.jpg?resize=525%2C300 1.5x"},"classes":[]},{"id":103555,"url":"http:\/\/www.24baires.com\/?p=103555","url_meta":{"origin":63985,"position":3},"title":"Macri se manifest\u00f3 en contra de las marchas contra la militarizaci\u00f3n del pa\u00eds","author":"AF","date":"26\/07\/2018","format":false,"excerpt":"El presidente ratific\u00f3 esta tarde el decreto para modificar las funciones de las Fuerzas Armadas.\"Queda claro que las Fuerzas Armadas no van a participar en la seguridad interior\", reiter\u00f3. El presidente Mauricio Macri ratific\u00f3 esta tarde el decreto para modificar las funciones de las Fuerzas Armadas y dijo que lo\u2026","rel":"","context":"En \u00abPol\u00edtica\u00bb","block_context":{"text":"Pol\u00edtica","link":"http:\/\/www.24baires.com\/?cat=51"},"img":{"alt_text":"","src":"https:\/\/i0.wp.com\/www.24baires.com\/wp-content\/uploads\/2018\/05\/macri-olivos.jpg?resize=350%2C200","width":350,"height":200,"srcset":"https:\/\/i0.wp.com\/www.24baires.com\/wp-content\/uploads\/2018\/05\/macri-olivos.jpg?resize=350%2C200 1x, https:\/\/i0.wp.com\/www.24baires.com\/wp-content\/uploads\/2018\/05\/macri-olivos.jpg?resize=525%2C300 1.5x"},"classes":[]},{"id":104225,"url":"http:\/\/www.24baires.com\/?p=104225","url_meta":{"origin":63985,"position":4},"title":"Trump vendr\u00e1 al pa\u00eds para participar de la cumbre del G20","author":"AF","date":"31\/08\/2018","format":false,"excerpt":"La vocera de la Casa Blanca confirm\u00f3 hoy que Donald Trump ser\u00e1 parte de la cumbre del G20 en Buenos Aires. \"Ser\u00e1 una oportunidad para que el presidente destaque sus pol\u00edticas econ\u00f3micas a favor del crecimiento en un escenario internacional y se re\u00fana bilateralmente con otros l\u00edderes mundiales clave\", afirm\u00f3\u2026","rel":"","context":"En \u00abPol\u00edtica\u00bb","block_context":{"text":"Pol\u00edtica","link":"http:\/\/www.24baires.com\/?cat=51"},"img":{"alt_text":"","src":"https:\/\/i0.wp.com\/www.24baires.com\/wp-content\/uploads\/2017\/04\/trump-macri.jpg?resize=350%2C200","width":350,"height":200,"srcset":"https:\/\/i0.wp.com\/www.24baires.com\/wp-content\/uploads\/2017\/04\/trump-macri.jpg?resize=350%2C200 1x, https:\/\/i0.wp.com\/www.24baires.com\/wp-content\/uploads\/2017\/04\/trump-macri.jpg?resize=525%2C300 1.5x"},"classes":[]},{"id":105667,"url":"http:\/\/www.24baires.com\/?p=105667","url_meta":{"origin":63985,"position":5},"title":"\u00abAgradecemos a Francia por el apoyo que nos dio para tener un acuerdo con el FMI\u00bb","author":"GB","date":"29\/11\/2018","format":false,"excerpt":"Mauricio Macri y Emmanuel Macron brindaron una conferencia conjunta luego de la reuni\u00f3n que mantuvieron en Casa Rosada. Ambos mandatarios coincidieron en una agenda bilateral para fomentar la producci\u00f3n y el desarrollo. El Presidente argentino destac\u00f3 \"el apoyo y la confianza\" del pa\u00eds europeo para lograr el acuerdo con el\u2026","rel":"","context":"En \u00abPol\u00edtica\u00bb","block_context":{"text":"Pol\u00edtica","link":"http:\/\/www.24baires.com\/?cat=51"},"img":{"alt_text":"","src":"https:\/\/i0.wp.com\/www.24baires.com\/wp-content\/uploads\/2018\/11\/macri-macron.jpg?resize=350%2C200","width":350,"height":200,"srcset":"https:\/\/i0.wp.com\/www.24baires.com\/wp-content\/uploads\/2018\/11\/macri-macron.jpg?resize=350%2C200 1x, https:\/\/i0.wp.com\/www.24baires.com\/wp-content\/uploads\/2018\/11\/macri-macron.jpg?resize=525%2C300 1.5x"},"classes":[]}],"jetpack_sharing_enabled":true,"jetpack_likes_enabled":true,"jetpack_featured_media_url":"","_links":{"self":[{"href":"http:\/\/www.24baires.com\/index.php?rest_route=\/wp\/v2\/posts\/63985","targetHints":{"allow":["GET"]}}],"collection":[{"href":"http:\/\/www.24baires.com\/index.php?rest_route=\/wp\/v2\/posts"}],"about":[{"href":"http:\/\/www.24baires.com\/index.php?rest_route=\/wp\/v2\/types\/post"}],"author":[{"embeddable":true,"href":"http:\/\/www.24baires.com\/index.php?rest_route=\/wp\/v2\/users\/8"}],"replies":[{"embeddable":true,"href":"http:\/\/www.24baires.com\/index.php?rest_route=%2Fwp%2Fv2%2Fcomments&post=63985"}],"version-history":[{"count":1,"href":"http:\/\/www.24baires.com\/index.php?rest_route=\/wp\/v2\/posts\/63985\/revisions"}],"predecessor-version":[{"id":63986,"href":"http:\/\/www.24baires.com\/index.php?rest_route=\/wp\/v2\/posts\/63985\/revisions\/63986"}],"wp:attachment":[{"href":"http:\/\/www.24baires.com\/index.php?rest_route=%2Fwp%2Fv2%2Fmedia&parent=63985"}],"wp:term":[{"taxonomy":"category","embeddable":true,"href":"http:\/\/www.24baires.com\/index.php?rest_route=%2Fwp%2Fv2%2Fcategories&post=63985"},{"taxonomy":"post_tag","embeddable":true,"href":"http:\/\/www.24baires.com\/index.php?rest_route=%2Fwp%2Fv2%2Ftags&post=63985"}],"curies":[{"name":"wp","href":"https:\/\/api.w.org\/{rel}","templated":true}]}}