{"id":63980,"date":"2015-04-08T10:30:39","date_gmt":"2015-04-08T13:30:39","guid":{"rendered":"http:\/\/www.24baires.com\/?p=63980"},"modified":"2015-04-08T12:56:42","modified_gmt":"2015-04-08T15:56:42","slug":"la-oposicion-no-existe-la-oposicion-termina-siendo-los-medios-subrayo-fernandez","status":"publish","type":"post","link":"http:\/\/www.24baires.com\/?p=63980","title":{"rendered":"\u00abLa oposici\u00f3n no existe, la oposici\u00f3n termina siendo los medios\u00bb, subray\u00f3 Fern\u00e1ndez"},"content":{"rendered":"<p><img data-recalc-dims=\"1\" loading=\"lazy\" decoding=\"async\" class=\"aligncenter size-full wp-image-63981\" src=\"https:\/\/i0.wp.com\/www.24baires.com\/wp-content\/uploads\/2015\/04\/anibal-conferencia.jpg?resize=560%2C379\" alt=\"anibal conferencia\" width=\"560\" height=\"379\" srcset=\"https:\/\/i0.wp.com\/www.24baires.com\/wp-content\/uploads\/2015\/04\/anibal-conferencia.jpg?w=560 560w, https:\/\/i0.wp.com\/www.24baires.com\/wp-content\/uploads\/2015\/04\/anibal-conferencia.jpg?resize=300%2C203 300w\" sizes=\"auto, (max-width: 560px) 100vw, 560px\" \/>El jefe de Gabinete, An\u00edbal Fern\u00e1ndez, los catalog\u00f3 como los \u00abmandantes\u00bb de las acciones de algunos precandidatos presidenciables con vistas a las elecciones de octubre.<!--more--><\/p>\n<p>En las declaraciones formuladas al ingresar en la Casa Rosada, Fern\u00e1ndez afirm\u00f3 que \u00abno importa lo que ellos crean sino sus mandantes, porque en la Argentina no existe la oposici\u00f3n, la oposici\u00f3n terminan siendo los medios, que son los que les dan la \u00f3rdenes a estos personajes, no est\u00e1n interesados\u00bb en cuestiones como las paritarias o las mejoras sociales.<\/p>\n<p>\u00abEsto sin hablar de los dirigentes que regalaron al radicalismo y no lo digo por el partido que veo que est\u00e1 tratando de recuperar sus banderas hist\u00f3ricas, sino por algunos de estos personajes que los quieren llevar a depender de los conservadores\u00bb, defini\u00f3 el funcionario nacional.<\/p>\n<p>&nbsp;<\/p>\n<p>&nbsp;<\/p>\n<p>&nbsp;<\/p>\n<p>&nbsp;<\/p>\n<p>&nbsp;<\/p>\n<p>&nbsp;<\/p>\n<p>&nbsp;<\/p>\n<p>&nbsp;<\/p>\n<p>&nbsp;<\/p>\n<p>&nbsp;<\/p>\n","protected":false},"excerpt":{"rendered":"<p>El jefe de Gabinete, An\u00edbal Fern\u00e1ndez, los catalog\u00f3 como los \u00abmandantes\u00bb de las acciones de algunos precandidatos presidenciables con vistas a las elecciones de octubre.<\/p>\n","protected":false},"author":8,"featured_media":0,"comment_status":"open","ping_status":"open","sticky":false,"template":"","format":"standard","meta":{"_jetpack_newsletter_access":"","_jetpack_dont_email_post_to_subs":false,"_jetpack_newsletter_tier_id":0,"_jetpack_memberships_contains_paywalled_content":false,"_jetpack_memberships_contains_paid_content":false,"footnotes":""},"categories":[51],"tags":[],"class_list":["post-63980","post","type-post","status-publish","format-standard","hentry","category-politica"],"jetpack_shortlink":"https:\/\/wp.me\/p2JWE0-gDW","jetpack-related-posts":[{"id":118844,"url":"http:\/\/www.24baires.com\/?p=118844","url_meta":{"origin":63980,"position":0},"title":"\u00abEl da\u00f1o que hizo Macri a la Argentina es incalculable\u00bb","author":"AF","date":"10\/05\/2022","format":false,"excerpt":"En una entrevista con el diario El Pa\u00eds durante su visita a Espa\u00f1a, el Presidente expres\u00f3 su anhelo de que \"alguna vez la justicia investigue con seriedad\" los \"negociados\" realizados por el Gobierno de Cambiemos, asegur\u00f3 que no le \"preocupa\" el debate en el Frente de Todos, opin\u00f3 sobre el\u2026","rel":"","context":"En \u00abPol\u00edtica\u00bb","block_context":{"text":"Pol\u00edtica","link":"http:\/\/www.24baires.com\/?cat=51"},"img":{"alt_text":"","src":"https:\/\/i0.wp.com\/www.24baires.com\/wp-content\/uploads\/2022\/01\/alberto-fernandez.jpg?resize=350%2C200","width":350,"height":200,"srcset":"https:\/\/i0.wp.com\/www.24baires.com\/wp-content\/uploads\/2022\/01\/alberto-fernandez.jpg?resize=350%2C200 1x, https:\/\/i0.wp.com\/www.24baires.com\/wp-content\/uploads\/2022\/01\/alberto-fernandez.jpg?resize=525%2C300 1.5x, https:\/\/i0.wp.com\/www.24baires.com\/wp-content\/uploads\/2022\/01\/alberto-fernandez.jpg?resize=700%2C400 2x"},"classes":[]},{"id":118833,"url":"http:\/\/www.24baires.com\/?p=118833","url_meta":{"origin":63980,"position":1},"title":"\u00abNo hay pelea sino debate de ideas\u00bb","author":"AF","date":"06\/05\/2022","format":false,"excerpt":"La Vicepresidenta recibi\u00f3 la distinci\u00f3n de la casa de altos estudios y brind\u00f3 una ponencia sobre \"Estado, Poder y Sociedad\". Cuestion\u00f3 a la oposici\u00f3n y a la Corte Suprema de Justicia. La vicepresidenta Cristina Fern\u00e1ndez de Kirchner asegur\u00f3 que en el Gobierno \"no hay pelea sino debate de ideas\", durante\u2026","rel":"","context":"En \u00abPol\u00edtica\u00bb","block_context":{"text":"Pol\u00edtica","link":"http:\/\/www.24baires.com\/?cat=51"},"img":{"alt_text":"","src":"https:\/\/i0.wp.com\/www.24baires.com\/wp-content\/uploads\/2022\/05\/62758f94c5a28_900.jpg?resize=350%2C200","width":350,"height":200,"srcset":"https:\/\/i0.wp.com\/www.24baires.com\/wp-content\/uploads\/2022\/05\/62758f94c5a28_900.jpg?resize=350%2C200 1x, https:\/\/i0.wp.com\/www.24baires.com\/wp-content\/uploads\/2022\/05\/62758f94c5a28_900.jpg?resize=525%2C300 1.5x, https:\/\/i0.wp.com\/www.24baires.com\/wp-content\/uploads\/2022\/05\/62758f94c5a28_900.jpg?resize=700%2C400 2x"},"classes":[]},{"id":116037,"url":"http:\/\/www.24baires.com\/?p=116037","url_meta":{"origin":63980,"position":2},"title":"\u00abA la Argentina le fue mejor con el coronavirus que con el gobierno de Macri\u00bb","author":"AF","date":"23\/08\/2020","format":false,"excerpt":"El Presidente se\u00f1al\u00f3 que \"se termin\u00f3 el pa\u00eds en el que los gerentes dejaban a los empresarios hacer lo que quisieran\". El presidente, Alberto Fern\u00e1ndez, defendi\u00f3 el decreto que declara servicios p\u00fablicos a la telefon\u00eda, internet y TV paga, y destac\u00f3 que parte de la oposici\u00f3n apoya la medida. Adem\u00e1s,\u2026","rel":"","context":"En \u00abSociedad\u00bb","block_context":{"text":"Sociedad","link":"http:\/\/www.24baires.com\/?cat=1"},"img":{"alt_text":"","src":"https:\/\/i0.wp.com\/www.24baires.com\/wp-content\/uploads\/2020\/05\/alberto-despacho.jpg?resize=350%2C200","width":350,"height":200,"srcset":"https:\/\/i0.wp.com\/www.24baires.com\/wp-content\/uploads\/2020\/05\/alberto-despacho.jpg?resize=350%2C200 1x, https:\/\/i0.wp.com\/www.24baires.com\/wp-content\/uploads\/2020\/05\/alberto-despacho.jpg?resize=525%2C300 1.5x"},"classes":[]},{"id":108009,"url":"http:\/\/www.24baires.com\/?p=108009","url_meta":{"origin":63980,"position":3},"title":"\u00abEs imposible que Cristina firme este acuerdo\u00bb","author":"GB","date":"07\/05\/2019","format":false,"excerpt":"El ex jefe de Gabinete de CFK y actual aliado cuestion\u00f3 con dureza el acuerdo de Cambiemos. \"El Gobierno quiere corresponsabilizar a toda la oposici\u00f3n por las malas pol\u00edticas de ellos\", alert\u00f3 por C5N. La ex presidenta Cristina Kirchner no se sumar\u00e1 al pedido electoralista de \"consenso\" que plante\u00f3 el\u2026","rel":"","context":"En \u00abPol\u00edtica\u00bb","block_context":{"text":"Pol\u00edtica","link":"http:\/\/www.24baires.com\/?cat=51"},"img":{"alt_text":"","src":"https:\/\/i0.wp.com\/www.24baires.com\/wp-content\/uploads\/2018\/11\/cristina.jpg?resize=350%2C200","width":350,"height":200,"srcset":"https:\/\/i0.wp.com\/www.24baires.com\/wp-content\/uploads\/2018\/11\/cristina.jpg?resize=350%2C200 1x, https:\/\/i0.wp.com\/www.24baires.com\/wp-content\/uploads\/2018\/11\/cristina.jpg?resize=525%2C300 1.5x"},"classes":[]},{"id":119118,"url":"http:\/\/www.24baires.com\/?p=119118","url_meta":{"origin":63980,"position":4},"title":"El oficialismo convoca a la oposici\u00f3n al di\u00e1logo","author":"AF","date":"20\/07\/2022","format":false,"excerpt":"Las palabras del gobernador bonaerense se suman al llamado que realiz\u00f3 la vicepresidenta Cristina Kirchner en sus \u00faltimas apariciones p\u00fablicas y las expresiones de principio de mes del ministro \"Wado\" de Pedro. Desde el massismo tambi\u00e9n piden lograr consenso b\u00e1sicos. En un contexto econ\u00f3mico complejo, mientras avanzan las reuniones de\u2026","rel":"","context":"En \u00abPol\u00edtica\u00bb","block_context":{"text":"Pol\u00edtica","link":"http:\/\/www.24baires.com\/?cat=51"},"img":{"alt_text":"","src":"https:\/\/i0.wp.com\/www.24baires.com\/wp-content\/uploads\/2021\/12\/axel-kicillof-1jpg.jpg?resize=350%2C200","width":350,"height":200,"srcset":"https:\/\/i0.wp.com\/www.24baires.com\/wp-content\/uploads\/2021\/12\/axel-kicillof-1jpg.jpg?resize=350%2C200 1x, https:\/\/i0.wp.com\/www.24baires.com\/wp-content\/uploads\/2021\/12\/axel-kicillof-1jpg.jpg?resize=525%2C300 1.5x, https:\/\/i0.wp.com\/www.24baires.com\/wp-content\/uploads\/2021\/12\/axel-kicillof-1jpg.jpg?resize=700%2C400 2x"},"classes":[]},{"id":108268,"url":"http:\/\/www.24baires.com\/?p=108268","url_meta":{"origin":63980,"position":5},"title":"Hugo Moyano manifest\u00f3 su apoyo a Alberto Fern\u00e1ndez","author":"GB","date":"20\/05\/2019","format":false,"excerpt":"El l\u00edder de Camioneros asegur\u00f3 que la f\u00f3rmula que el ex jefe de Gabinete integra con Cristina Kirchner \"ampl\u00eda la diferencia que la oposici\u00f3n le saca a Macri\". La presentaci\u00f3n de la f\u00f3rmula presidencial de Alberto Fern\u00e1ndez y Cristina Kirchner todav\u00eda retumba hacia el interior del peronismo y parte del\u2026","rel":"","context":"En \u00abPol\u00edtica\u00bb","block_context":{"text":"Pol\u00edtica","link":"http:\/\/www.24baires.com\/?cat=51"},"img":{"alt_text":"","src":"https:\/\/i0.wp.com\/www.24baires.com\/wp-content\/uploads\/2018\/06\/moyano.jpg?resize=350%2C200","width":350,"height":200,"srcset":"https:\/\/i0.wp.com\/www.24baires.com\/wp-content\/uploads\/2018\/06\/moyano.jpg?resize=350%2C200 1x, https:\/\/i0.wp.com\/www.24baires.com\/wp-content\/uploads\/2018\/06\/moyano.jpg?resize=525%2C300 1.5x"},"classes":[]}],"jetpack_sharing_enabled":true,"jetpack_likes_enabled":true,"jetpack_featured_media_url":"","_links":{"self":[{"href":"http:\/\/www.24baires.com\/index.php?rest_route=\/wp\/v2\/posts\/63980","targetHints":{"allow":["GET"]}}],"collection":[{"href":"http:\/\/www.24baires.com\/index.php?rest_route=\/wp\/v2\/posts"}],"about":[{"href":"http:\/\/www.24baires.com\/index.php?rest_route=\/wp\/v2\/types\/post"}],"author":[{"embeddable":true,"href":"http:\/\/www.24baires.com\/index.php?rest_route=\/wp\/v2\/users\/8"}],"replies":[{"embeddable":true,"href":"http:\/\/www.24baires.com\/index.php?rest_route=%2Fwp%2Fv2%2Fcomments&post=63980"}],"version-history":[{"count":1,"href":"http:\/\/www.24baires.com\/index.php?rest_route=\/wp\/v2\/posts\/63980\/revisions"}],"predecessor-version":[{"id":63982,"href":"http:\/\/www.24baires.com\/index.php?rest_route=\/wp\/v2\/posts\/63980\/revisions\/63982"}],"wp:attachment":[{"href":"http:\/\/www.24baires.com\/index.php?rest_route=%2Fwp%2Fv2%2Fmedia&parent=63980"}],"wp:term":[{"taxonomy":"category","embeddable":true,"href":"http:\/\/www.24baires.com\/index.php?rest_route=%2Fwp%2Fv2%2Fcategories&post=63980"},{"taxonomy":"post_tag","embeddable":true,"href":"http:\/\/www.24baires.com\/index.php?rest_route=%2Fwp%2Fv2%2Ftags&post=63980"}],"curies":[{"name":"wp","href":"https:\/\/api.w.org\/{rel}","templated":true}]}}