{"id":63978,"date":"2015-04-08T10:00:05","date_gmt":"2015-04-08T13:00:05","guid":{"rendered":"http:\/\/www.24baires.com\/?p=63978"},"modified":"2015-04-08T09:47:35","modified_gmt":"2015-04-08T12:47:35","slug":"ratifican-a-fein-al-frente-de-la-investigacion-por-la-muerte-de-nisman","status":"publish","type":"post","link":"http:\/\/www.24baires.com\/?p=63978","title":{"rendered":"Ratifican a Fein al frente de la investigaci\u00f3n por la muerte de Nisman"},"content":{"rendered":"<p><img data-recalc-dims=\"1\" loading=\"lazy\" decoding=\"async\" class=\"aligncenter size-full wp-image-60662\" src=\"https:\/\/i0.wp.com\/www.24baires.com\/wp-content\/uploads\/2015\/01\/fein.jpg?resize=560%2C414\" alt=\"fein\" width=\"560\" height=\"414\" srcset=\"https:\/\/i0.wp.com\/www.24baires.com\/wp-content\/uploads\/2015\/01\/fein.jpg?w=560 560w, https:\/\/i0.wp.com\/www.24baires.com\/wp-content\/uploads\/2015\/01\/fein.jpg?resize=300%2C222 300w\" sizes=\"auto, (max-width: 560px) 100vw, 560px\" \/>La magistrada rechaz\u00f3 la recusaci\u00f3n que hab\u00eda planteado la ex esposa del fallecido fiscal Alberto Nisman, la jueza federal de San Isidro Sandra Arroyo Salgado. Ayer, las tres mantuvieron una audiencia.<!--more--><\/p>\n<p>La jueza de instrucci\u00f3n Fabiana Palmaghini rechaz\u00f3 la recusaci\u00f3n de la fiscal Viviana Fein que hab\u00eda planteado la ex esposa del fallecido fiscal Alberto Nisman, la magistrada federal de San Isidro Sandra Arroyo Salgado, informaron esta ma\u00f1ana fuentes judiciales.<\/p>\n<p>Palmaghini ratific\u00f3, de esa manera, a la representante del Ministerio P\u00fablico para que contin\u00fae al frente de la investigaci\u00f3n de la muerte del ex titular de la UFI-AMIA, quien fue hallado con un tiro en la cabeza el 18 de enero pasado en su departamento de la Torre Le Parc, en Puerto Madero.<\/p>\n<p>&nbsp;<\/p>\n<p>&nbsp;<\/p>\n<p>&nbsp;<\/p>\n<p>&nbsp;<\/p>\n<p>&nbsp;<\/p>\n<p>&nbsp;<\/p>\n<p>&nbsp;<\/p>\n<p>&nbsp;<\/p>\n<p>&nbsp;<\/p>\n<p>&nbsp;<\/p>\n<p>&nbsp;<\/p>\n<p>&nbsp;<\/p>\n<p>&nbsp;<\/p>\n<p>&nbsp;<\/p>\n","protected":false},"excerpt":{"rendered":"<p>La magistrada rechaz\u00f3 la recusaci\u00f3n que hab\u00eda planteado la ex esposa del fallecido fiscal Alberto Nisman, la jueza federal de San Isidro Sandra Arroyo Salgado. Ayer, las tres mantuvieron una audiencia.<\/p>\n","protected":false},"author":8,"featured_media":0,"comment_status":"open","ping_status":"open","sticky":false,"template":"","format":"standard","meta":{"_jetpack_newsletter_access":"","_jetpack_dont_email_post_to_subs":false,"_jetpack_newsletter_tier_id":0,"_jetpack_memberships_contains_paywalled_content":false,"_jetpack_memberships_contains_paid_content":false,"footnotes":""},"categories":[51],"tags":[],"class_list":["post-63978","post","type-post","status-publish","format-standard","hentry","category-politica"],"jetpack_shortlink":"https:\/\/wp.me\/p2JWE0-gDU","jetpack-related-posts":[{"id":76679,"url":"http:\/\/www.24baires.com\/?p=76679","url_meta":{"origin":63978,"position":0},"title":"Arroyo Salgado: \u00abPudo haber influido el cambio de gobierno\u00bb en el desplazamiento de Fein","author":"AF","date":"21\/12\/2015","format":false,"excerpt":"La ex mujer de Alberto Nisman consider\u00f3 \"tard\u00eda\" la decisi\u00f3n de la jueza Fabiana Palmaghini de quitarle a la fiscal la direcci\u00f3n de la investigaci\u00f3n por la muerte del ex titular de la UFI AMIA y opin\u00f3 que pudo haber ocurrido por el triunfo de Mauricio Macri. La jueza Sandra\u2026","rel":"","context":"En \u00abJUDICIALES\u00bb","block_context":{"text":"JUDICIALES","link":"http:\/\/www.24baires.com\/?cat=68"},"img":{"alt_text":"","src":"https:\/\/i0.wp.com\/www.24baires.com\/wp-content\/uploads\/2015\/12\/fein-salgado.png?resize=350%2C200","width":350,"height":200,"srcset":"https:\/\/i0.wp.com\/www.24baires.com\/wp-content\/uploads\/2015\/12\/fein-salgado.png?resize=350%2C200 1x, https:\/\/i0.wp.com\/www.24baires.com\/wp-content\/uploads\/2015\/12\/fein-salgado.png?resize=525%2C300 1.5x"},"classes":[]},{"id":63970,"url":"http:\/\/www.24baires.com\/?p=63970","url_meta":{"origin":63978,"position":1},"title":"La jueza Palmaghini define si aparta a Fein de la causa","author":"GB","date":"07\/04\/2015","format":false,"excerpt":"La jueza de instrucci\u00f3n resolver\u00e1 entre la \u00faltima hora de hoy y ma\u00f1ana si aparta a la fiscal de la investigaci\u00f3n de la muerte de Nisman, a pedido de Sandra Arroyo Salgado, en la audiencia de recusaci\u00f3n en la que, como querellante, reiter\u00f3 su disgusto con la forma en la\u2026","rel":"","context":"En \u00abPol\u00edtica\u00bb","block_context":{"text":"Pol\u00edtica","link":"http:\/\/www.24baires.com\/?cat=51"},"img":{"alt_text":"","src":"","width":0,"height":0},"classes":[]},{"id":81583,"url":"http:\/\/www.24baires.com\/?p=81583","url_meta":{"origin":63978,"position":2},"title":"La fiscal Fein present\u00f3 su renuncia","author":"GB","date":"18\/04\/2016","format":false,"excerpt":"La fiscal Viviana Fein, que estaba a cargo de la causa Nisman hasta que la jueza Palmaghini la desplaz\u00f3, present\u00f3 su renuncia tras el pase del caso al fuero federal. Viviana Fein, la fiscal que estuvo a cargo de la causa Nisman hasta que hace unos meses fue desplazada por\u2026","rel":"","context":"En \u00abPol\u00edtica\u00bb","block_context":{"text":"Pol\u00edtica","link":"http:\/\/www.24baires.com\/?cat=51"},"img":{"alt_text":"fein","src":"https:\/\/i0.wp.com\/www.24baires.com\/wp-content\/uploads\/2015\/01\/fein.jpg?resize=350%2C200","width":350,"height":200,"srcset":"https:\/\/i0.wp.com\/www.24baires.com\/wp-content\/uploads\/2015\/01\/fein.jpg?resize=350%2C200 1x, https:\/\/i0.wp.com\/www.24baires.com\/wp-content\/uploads\/2015\/01\/fein.jpg?resize=525%2C300 1.5x"},"classes":[]},{"id":66277,"url":"http:\/\/www.24baires.com\/?p=66277","url_meta":{"origin":63978,"position":3},"title":"Volvieron a rechazar el pedido de Arroyo Salgado para apartar a Fein","author":"AF","date":"20\/05\/2015","format":false,"excerpt":"La C\u00e1mara de Crimen desestim\u00f3 un recurso extraordinario presentado por la jueza federal de San Isidro y madre de las dos hijas del fiscal. La decisi\u00f3n de la sala Sexta de ese tribunal se sum\u00f3 a los anteriores rechazos al pedido de sacar a Fein de la causa que antes\u2026","rel":"","context":"En \u00abJUDICIALES\u00bb","block_context":{"text":"JUDICIALES","link":"http:\/\/www.24baires.com\/?cat=68"},"img":{"alt_text":"fein","src":"https:\/\/i0.wp.com\/www.24baires.com\/wp-content\/uploads\/2015\/01\/fein.jpg?resize=350%2C200","width":350,"height":200,"srcset":"https:\/\/i0.wp.com\/www.24baires.com\/wp-content\/uploads\/2015\/01\/fein.jpg?resize=350%2C200 1x, https:\/\/i0.wp.com\/www.24baires.com\/wp-content\/uploads\/2015\/01\/fein.jpg?resize=525%2C300 1.5x"},"classes":[]},{"id":64229,"url":"http:\/\/www.24baires.com\/?p=64229","url_meta":{"origin":63978,"position":4},"title":"Fein denunci\u00f3 que la querella impide avanzar en la causa","author":"GB","date":"13\/04\/2015","format":false,"excerpt":"Fein respondi\u00f3 a la apelaci\u00f3n de la ex mujer de Nisman ante la C\u00e1mara del Crimen con un comunicado en el que afirm\u00f3 que \"las reiteradas presentaciones de la querella\" impiden \"el avance de la investigaci\u00f3n en procura de la verdad\". La fiscal Viviana Fein acus\u00f3 a la jueza Sandra\u2026","rel":"","context":"En \u00abPol\u00edtica\u00bb","block_context":{"text":"Pol\u00edtica","link":"http:\/\/www.24baires.com\/?cat=51"},"img":{"alt_text":"fein","src":"https:\/\/i0.wp.com\/www.24baires.com\/wp-content\/uploads\/2015\/01\/fein.jpg?resize=350%2C200","width":350,"height":200,"srcset":"https:\/\/i0.wp.com\/www.24baires.com\/wp-content\/uploads\/2015\/01\/fein.jpg?resize=350%2C200 1x, https:\/\/i0.wp.com\/www.24baires.com\/wp-content\/uploads\/2015\/01\/fein.jpg?resize=525%2C300 1.5x"},"classes":[]},{"id":60590,"url":"http:\/\/www.24baires.com\/?p=60590","url_meta":{"origin":63978,"position":5},"title":"La ex esposa de Nisman ya declara ante la fiscal Fein","author":"GB","date":"23\/01\/2015","format":false,"excerpt":"La jueza Sandra Arroyo Salgado, ingres\u00f3 esta ma\u00f1ana a la Fiscal\u00eda a cargo de Viviana Fein para brindar su testimonio en el marco de la investigaci\u00f3n por la muerte del fiscal especial de la causa AMIA. La ex esposa de Alberto Nisman, la jueza Sandra Arroyo Salgado, ingres\u00f3 esta ma\u00f1ana\u2026","rel":"","context":"En \u00abPol\u00edtica\u00bb","block_context":{"text":"Pol\u00edtica","link":"http:\/\/www.24baires.com\/?cat=51"},"img":{"alt_text":"","src":"https:\/\/i0.wp.com\/www.24baires.com\/wp-content\/uploads\/2015\/01\/esposa-nisman.jpg?resize=350%2C200","width":350,"height":200},"classes":[]}],"jetpack_sharing_enabled":true,"jetpack_likes_enabled":true,"jetpack_featured_media_url":"","_links":{"self":[{"href":"http:\/\/www.24baires.com\/index.php?rest_route=\/wp\/v2\/posts\/63978","targetHints":{"allow":["GET"]}}],"collection":[{"href":"http:\/\/www.24baires.com\/index.php?rest_route=\/wp\/v2\/posts"}],"about":[{"href":"http:\/\/www.24baires.com\/index.php?rest_route=\/wp\/v2\/types\/post"}],"author":[{"embeddable":true,"href":"http:\/\/www.24baires.com\/index.php?rest_route=\/wp\/v2\/users\/8"}],"replies":[{"embeddable":true,"href":"http:\/\/www.24baires.com\/index.php?rest_route=%2Fwp%2Fv2%2Fcomments&post=63978"}],"version-history":[{"count":1,"href":"http:\/\/www.24baires.com\/index.php?rest_route=\/wp\/v2\/posts\/63978\/revisions"}],"predecessor-version":[{"id":63979,"href":"http:\/\/www.24baires.com\/index.php?rest_route=\/wp\/v2\/posts\/63978\/revisions\/63979"}],"wp:attachment":[{"href":"http:\/\/www.24baires.com\/index.php?rest_route=%2Fwp%2Fv2%2Fmedia&parent=63978"}],"wp:term":[{"taxonomy":"category","embeddable":true,"href":"http:\/\/www.24baires.com\/index.php?rest_route=%2Fwp%2Fv2%2Fcategories&post=63978"},{"taxonomy":"post_tag","embeddable":true,"href":"http:\/\/www.24baires.com\/index.php?rest_route=%2Fwp%2Fv2%2Ftags&post=63978"}],"curies":[{"name":"wp","href":"https:\/\/api.w.org\/{rel}","templated":true}]}}