{"id":63976,"date":"2015-04-07T21:45:20","date_gmt":"2015-04-08T00:45:20","guid":{"rendered":"http:\/\/www.24baires.com\/?p=63976"},"modified":"2015-04-07T21:31:50","modified_gmt":"2015-04-08T00:31:50","slug":"massa-insiste-en-el-rechazo-al-pliego-de-carles","status":"publish","type":"post","link":"http:\/\/www.24baires.com\/?p=63976","title":{"rendered":"Massa insiste en el rechazo al pliego de Carl\u00e9s"},"content":{"rendered":"<p><img data-recalc-dims=\"1\" loading=\"lazy\" decoding=\"async\" class=\"aligncenter size-full wp-image-63748\" src=\"https:\/\/i0.wp.com\/www.24baires.com\/wp-content\/uploads\/2015\/03\/massa-1.jpg?resize=560%2C313\" alt=\"massa 1\" width=\"560\" height=\"313\" srcset=\"https:\/\/i0.wp.com\/www.24baires.com\/wp-content\/uploads\/2015\/03\/massa-1.jpg?w=560 560w, https:\/\/i0.wp.com\/www.24baires.com\/wp-content\/uploads\/2015\/03\/massa-1.jpg?resize=300%2C168 300w\" sizes=\"auto, (max-width: 560px) 100vw, 560px\" \/>El diputado y candidato del Frente Renovador present\u00f3 en el Colegio P\u00fablico de Abogados de la Ciudad una nueva campa\u00f1a de junta de firmas, en este caso en contra de la aprobaci\u00f3n del pliego del jurista para la Corte Suprema.<!--more--><\/p>\n<p>\u00abProponemos con esta campa\u00f1a que se cumpla con la ley, vemos todos los d\u00edas a jueces que liberan con 2\/3 o hasta la mitad de la condena, vemos que el verso de la buena conducta y trampas procesales generan excarcelaciones sistem\u00e1ticas y lo que termina pasando es que esa l\u00f3gica de que no haya castigo ni pena termina generando da\u00f1o en la sociedad\u201d, afirm\u00f3 Massa en su discurso.<\/p>\n<p>En el auditorio del Colegio P\u00fablico de Abogados de la Ciudad, Massa dijo ver \u201cal Estado protegiendo al delincuente y no al ciudadano com\u00fan\u201d, y pidi\u00f3 la creaci\u00f3n de \u201cun cuerpo de abogados que defienda a la v\u00edctima m\u00e1s all\u00e1 del rol del fiscal, con una mirada econ\u00f3mica vinculada a lo que tambi\u00e9n pierde la v\u00edctima\u201d, y llam\u00f3 a decirle \u201cbasta al club de los jueces &#8216;sacapresos&#8217;\u201d.<\/p>\n<p>El FR anunci\u00f3 \u201cel inicio de una campa\u00f1a de un mill\u00f3n de firmas durante una semana para frenar la designaci\u00f3n de Carl\u00e9s\u201d, que se tratar\u00e1 en el Senado el 15 de abril pr\u00f3ximo.<\/p>\n<p>Artaza durante su discurso ante los presentes aprovech\u00f3 la oportunidad para criticar el acuerdo de su partido (la UCR) con el PRO: \u201cEstamos los radicales que no creemos en que los problemas los puede resolver un empresario, sino alguien con experiencia en pol\u00edticas p\u00fablicas como Massa\u201d.<\/p>\n<p>Del acto participaron familiares de v\u00edctimas de inseguridad, diputados nacionales y legisladores bonaerenses del FR y cont\u00f3 con la presencia del presidente del Colegio P\u00fablico de Abogados de la ciudad, Jorge Rizzo.<\/p>\n<p>&nbsp;<\/p>\n<p>&nbsp;<\/p>\n<p>&nbsp;<\/p>\n<p>&nbsp;<\/p>\n<p>&nbsp;<\/p>\n<p>&nbsp;<\/p>\n<p>&nbsp;<\/p>\n<p>&nbsp;<\/p>\n<p>&nbsp;<\/p>\n<p>&nbsp;<\/p>\n<p>&nbsp;<\/p>\n","protected":false},"excerpt":{"rendered":"<p>El diputado y candidato del Frente Renovador present\u00f3 en el Colegio P\u00fablico de Abogados de la Ciudad una nueva campa\u00f1a de junta de firmas, en este caso en contra de la aprobaci\u00f3n del pliego del jurista para la Corte Suprema.<\/p>\n","protected":false},"author":8,"featured_media":0,"comment_status":"open","ping_status":"open","sticky":false,"template":"","format":"standard","meta":{"_jetpack_newsletter_access":"","_jetpack_dont_email_post_to_subs":false,"_jetpack_newsletter_tier_id":0,"_jetpack_memberships_contains_paywalled_content":false,"_jetpack_memberships_contains_paid_content":false,"footnotes":""},"categories":[51],"tags":[],"class_list":["post-63976","post","type-post","status-publish","format-standard","hentry","category-politica"],"jetpack_shortlink":"https:\/\/wp.me\/p2JWE0-gDS","jetpack-related-posts":[{"id":55502,"url":"http:\/\/www.24baires.com\/?p=55502","url_meta":{"origin":63976,"position":0},"title":"Para Massa, el pr\u00f3ximo presidente tambi\u00e9n \u201ctendr\u00e1 que ser ministro de Seguridad\u201d","author":"GB","date":"16\/10\/2014","format":false,"excerpt":"MOR\u00d3N-Durante una conferencia en la Universidad de Mor\u00f3n, el diputado nacional y precandidato presidencial del Frente Renovador advirti\u00f3 que \u201cmientras vemos gran parte de la dirigencia pol\u00edtica que entretiene discutiendo pavadas, pretendiendo distraer la atenci\u00f3n sobre la realidad, lo cierto es que siguen matando gente todos los d\u00edas por la\u2026","rel":"","context":"En \u00abPol\u00edtica\u00bb","block_context":{"text":"Pol\u00edtica","link":"http:\/\/www.24baires.com\/?cat=51"},"img":{"alt_text":"massa candidaturas","src":"https:\/\/i0.wp.com\/www.24baires.com\/wp-content\/uploads\/2013\/01\/massa-candidaturas.jpg?resize=350%2C200","width":350,"height":200,"srcset":"https:\/\/i0.wp.com\/www.24baires.com\/wp-content\/uploads\/2013\/01\/massa-candidaturas.jpg?resize=350%2C200 1x, https:\/\/i0.wp.com\/www.24baires.com\/wp-content\/uploads\/2013\/01\/massa-candidaturas.jpg?resize=525%2C300 1.5x"},"classes":[]},{"id":32234,"url":"http:\/\/www.24baires.com\/?p=32234","url_meta":{"origin":63976,"position":1},"title":"Desde el massismo aseguran que intentaran derogar la \u00abreforma judicial\u00bb","author":"AF","date":"21\/09\/2013","format":false,"excerpt":"El candidato a diputado del Frente Renovador bonaerense Adri\u00e1n P\u00e9rez, asegur\u00f3 que desde el espacio que lidera el intendente de Tigre, Sergio Massa, firmaron un compromiso para avanzar con la \"derogaci\u00f3n de la \u00faltima modificaci\u00f3n del Consejo de la Magistratura, de la ley de medidas cautelares y de la creaci\u00f3n\u2026","rel":"","context":"En \u00abPol\u00edtica\u00bb","block_context":{"text":"Pol\u00edtica","link":"http:\/\/www.24baires.com\/?cat=51"},"img":{"alt_text":"","src":"","width":0,"height":0},"classes":[]},{"id":120667,"url":"http:\/\/www.24baires.com\/?p=120667","url_meta":{"origin":63976,"position":2},"title":"Massa cerr\u00f3 su campa\u00f1a con estudiantes secundarios","author":"AF","date":"16\/11\/2023","format":false,"excerpt":"En su \u00faltimo acto previo al balotaje, el candidato de Uni\u00f3n por la Patria eligi\u00f3 rodearse de j\u00f3venes y prometi\u00f3 defender la educaci\u00f3n p\u00fablica. Clima festivo y optimismo de cara al domingo. Rodeado de j\u00f3venes que saltaban con \u00e9l en un pogo improvisado, al ritmo del jingle que dice: \"preparame\u2026","rel":"","context":"En \u00abPol\u00edtica\u00bb","block_context":{"text":"Pol\u00edtica","link":"http:\/\/www.24baires.com\/?cat=51"},"img":{"alt_text":"","src":"https:\/\/i0.wp.com\/www.24baires.com\/wp-content\/uploads\/2023\/11\/massa.jpg?resize=350%2C200","width":350,"height":200,"srcset":"https:\/\/i0.wp.com\/www.24baires.com\/wp-content\/uploads\/2023\/11\/massa.jpg?resize=350%2C200 1x, https:\/\/i0.wp.com\/www.24baires.com\/wp-content\/uploads\/2023\/11\/massa.jpg?resize=525%2C300 1.5x, https:\/\/i0.wp.com\/www.24baires.com\/wp-content\/uploads\/2023\/11\/massa.jpg?resize=700%2C400 2x"},"classes":[]},{"id":96112,"url":"http:\/\/www.24baires.com\/?p=96112","url_meta":{"origin":63976,"position":3},"title":"Abogado de Abuelas gan\u00f3 el concurso para fiscal pero Macri retir\u00f3 su pliego","author":"AF","date":"24\/07\/2017","format":false,"excerpt":"La v\u00edctima es un abogado de Abuelas de Plaza de Mayo, La palabra de Estela sobre el hecho. Alan Iud tiene 36 a\u00f1os y es, desde hace once, parte del grupo de abogados que trabajan con Abuelas de Plaza de Mayo. Se postul\u00f3 en 2014 para ocupar un cargo como\u2026","rel":"","context":"En \u00abSociedad\u00bb","block_context":{"text":"Sociedad","link":"http:\/\/www.24baires.com\/?cat=1"},"img":{"alt_text":"","src":"https:\/\/i0.wp.com\/www.24baires.com\/wp-content\/uploads\/2017\/07\/iud.png?resize=350%2C200","width":350,"height":200,"srcset":"https:\/\/i0.wp.com\/www.24baires.com\/wp-content\/uploads\/2017\/07\/iud.png?resize=350%2C200 1x, https:\/\/i0.wp.com\/www.24baires.com\/wp-content\/uploads\/2017\/07\/iud.png?resize=525%2C300 1.5x"},"classes":[]},{"id":90942,"url":"http:\/\/www.24baires.com\/?p=90942","url_meta":{"origin":63976,"position":4},"title":"Pilar: tras el jury, apartan de su cargo al fiscal Palacios","author":"AF","date":"21\/12\/2016","format":false,"excerpt":"El Fiscal de Pilar Washington Palacios fue apartado de su cargo por el jury de enjuiciamiento de la Legislatura Bonaerense tras comprobar su participaci\u00f3n en el armado de una causa ficticia para entorpecer el juicio que se llevaba a cabo contra Alcides D\u00edaz Gorgonio, el agente de inteligencia que entr\u00f3\u2026","rel":"","context":"En \u00abLocales\u00bb","block_context":{"text":"Locales","link":"http:\/\/www.24baires.com\/?cat=38"},"img":{"alt_text":"","src":"https:\/\/i0.wp.com\/www.24baires.com\/wp-content\/uploads\/2016\/12\/palacios.png?resize=350%2C200","width":350,"height":200},"classes":[]},{"id":17480,"url":"http:\/\/www.24baires.com\/?p=17480","url_meta":{"origin":63976,"position":5},"title":"Radican denuncia contra Sergio Massa \u00abpor malversaci\u00f3n de caudales p\u00fablicos\u00bb","author":"Grupo Sierra","date":"04\/03\/2013","format":false,"excerpt":"TIGRE.- El abogado Enrique Piragini dispuso radicar una denuncia por malversaci\u00f3n de caudales p\u00fablicos contra el intendente de Tigre, Sergio Massa, ante la C\u00e1mara\u00a0Nacional Federal en lo Criminal y Correccional de la Capital Federal. La presentaci\u00f3n se basa en datos que surgen de una nota period\u00edstica que da cuenta del\u2026","rel":"","context":"En \u00abMunicipios\u00bb","block_context":{"text":"Municipios","link":"http:\/\/www.24baires.com\/?cat=44"},"img":{"alt_text":"massa candidaturas","src":"https:\/\/i0.wp.com\/www.24baires.com\/wp-content\/uploads\/2012\/12\/massa-candidaturas.jpg?resize=350%2C200","width":350,"height":200,"srcset":"https:\/\/i0.wp.com\/www.24baires.com\/wp-content\/uploads\/2012\/12\/massa-candidaturas.jpg?resize=350%2C200 1x, https:\/\/i0.wp.com\/www.24baires.com\/wp-content\/uploads\/2012\/12\/massa-candidaturas.jpg?resize=525%2C300 1.5x"},"classes":[]}],"jetpack_sharing_enabled":true,"jetpack_likes_enabled":true,"jetpack_featured_media_url":"","_links":{"self":[{"href":"http:\/\/www.24baires.com\/index.php?rest_route=\/wp\/v2\/posts\/63976","targetHints":{"allow":["GET"]}}],"collection":[{"href":"http:\/\/www.24baires.com\/index.php?rest_route=\/wp\/v2\/posts"}],"about":[{"href":"http:\/\/www.24baires.com\/index.php?rest_route=\/wp\/v2\/types\/post"}],"author":[{"embeddable":true,"href":"http:\/\/www.24baires.com\/index.php?rest_route=\/wp\/v2\/users\/8"}],"replies":[{"embeddable":true,"href":"http:\/\/www.24baires.com\/index.php?rest_route=%2Fwp%2Fv2%2Fcomments&post=63976"}],"version-history":[{"count":1,"href":"http:\/\/www.24baires.com\/index.php?rest_route=\/wp\/v2\/posts\/63976\/revisions"}],"predecessor-version":[{"id":63977,"href":"http:\/\/www.24baires.com\/index.php?rest_route=\/wp\/v2\/posts\/63976\/revisions\/63977"}],"wp:attachment":[{"href":"http:\/\/www.24baires.com\/index.php?rest_route=%2Fwp%2Fv2%2Fmedia&parent=63976"}],"wp:term":[{"taxonomy":"category","embeddable":true,"href":"http:\/\/www.24baires.com\/index.php?rest_route=%2Fwp%2Fv2%2Fcategories&post=63976"},{"taxonomy":"post_tag","embeddable":true,"href":"http:\/\/www.24baires.com\/index.php?rest_route=%2Fwp%2Fv2%2Ftags&post=63976"}],"curies":[{"name":"wp","href":"https:\/\/api.w.org\/{rel}","templated":true}]}}