{"id":63970,"date":"2015-04-07T20:02:47","date_gmt":"2015-04-07T23:02:47","guid":{"rendered":"http:\/\/www.24baires.com\/?p=63970"},"modified":"2015-04-07T20:02:47","modified_gmt":"2015-04-07T23:02:47","slug":"la-jueza-palmaghini-define-si-aparta-a-fein-de-la-causa","status":"publish","type":"post","link":"http:\/\/www.24baires.com\/?p=63970","title":{"rendered":"La jueza Palmaghini define si aparta a Fein de la causa"},"content":{"rendered":"<p>La jueza de instrucci\u00f3n resolver\u00e1 entre la \u00faltima hora de hoy y ma\u00f1ana si aparta a la fiscal de la investigaci\u00f3n de la muerte de Nisman, a pedido de Sandra Arroyo Salgado, en la audiencia de recusaci\u00f3n en la que, como querellante, reiter\u00f3 su disgusto con la forma en la que est\u00e1 siendo conducida la pesquisa.<!--more--><\/p>\n<p>La jueza de instrucci\u00f3n, Fabiana Palmaghini, resolver\u00e1 entre ma\u00f1ana y pasado si aparta a la fiscal Viviana Fein de la investigaci\u00f3n de la muerte del fiscal Alberto Nisman, a pedido de la jueza federal de San Isidro, Sandra Arroyo Salgado, quien en una audiencia de recusaci\u00f3n realizada hoy reiter\u00f3, como querellante, su disgusto con la forma en la que est\u00e1 siendo conducida la pesquisa.<\/p>\n<p>Luego de concluida la audiencia, Palmaghini tiene un plazo de 48 horas para resolver si accede o no al pedido de apartamiento de Fein, en quien fue delegada la investigaci\u00f3n el pasado 18 de enero, cuando Nisman fue hallado sin vida y con tiro en la cabeza en su departamento de Puerto Madero.<\/p>\n<p>Las tres magistradas estuvieron reunidas durante casi dos horas en el edificio de la C\u00e1mara del Crimen, a doscientos metros del Palacio de Tribunales donde Palmaghini tiene su despacho y donde en principio se iba a realizar la audiencia, tras la cual se retiraron en un cerrado hermetismo.<\/p>\n<p>Arroyo Salgado lleg\u00f3 a pie poco antes de las 10, acompa\u00f1ada por su abogado, el defensor oficial Germ\u00e1n Carlevaro, pero en cambio no particip\u00f3 el defensor de Diego Lagomarsino, \u00fanico imputado en la causa, Maximiliano Rusconi, quien hab\u00eda pedido estar presente.<\/p>\n<p>Fuentes pr\u00f3ximas a la causa aseguraron que primero la recusante Arroyo Salgado, madre de las hijas de Nisman, y luego la recusada Fein expusieron sus posturas y que tuvieron oportunidad de replicarse sin llegar a una situaci\u00f3n de enfrentamiento personal, tras las criticas que se hab\u00edan hecho p\u00fablicamente.<\/p>\n<p>Para la jueza de San Isidro, Fein condujo la investigaci\u00f3n con \u00abfalta de objetividad, legalidad y neutralidad\u00bb ya que, a su criterio, descart\u00f3 la hip\u00f3tesis de un asesinato que la querellante viene sosteniendo en base a los informes de sus peritos de parte.<\/p>\n<p>Objet\u00f3 la designaci\u00f3n de Enrique Prueger como perito criminalista en una pericia sobre la mec\u00e1nica de la muerte y tambi\u00e9n la misma convocatoria a esa pericia por separado de la de los m\u00e9dicos forenses.<\/p>\n<p>Fein replic\u00f3 acus\u00e1ndola de diferentes obstrucciones a los peritajes, como las demoras en las pericias inform\u00e1ticas aduciendo el resguardo de la la privacidad de Nisman, y puntualmente en la pericia m\u00e9dica, que deb\u00eda reunir a los forenses para debatir las diferentes lecturas de la autopsia.<\/p>\n<p>Record\u00f3 que su condici\u00f3n de fiscal la exceptuaba de su obligaci\u00f3n de neutralidad que si le es exigida a los jueces, pero defendi\u00f3 todas las medidas de prueba adoptadas y en especial las pericias t\u00e9cnicas que deber\u00edan fundar una calificaci\u00f3n penal del hecho.<\/p>\n<p>A criterio de la fiscal no se puede determinar aun si se trat\u00f3 de un suicidio pero tampoco que fue un asesinato, una calificaci\u00f3n que irremediablemente llevar\u00eda la causa al fuero federal donde Arroyo Salgado tendr\u00eda mejores condiciones para incidir en la investigaci\u00f3n.<\/p>\n<p>A diferencia de Fein, en m\u00e1s de una oportunidad, la jueza Arroyo Salgado asegur\u00f3 que la muerte de Nisman fue producto de un homicidio y rechaz\u00f3 que pudiera tratarse de un suicidio o un suicidio inducido.<\/p>\n<p>&nbsp;<\/p>\n<p>&nbsp;<\/p>\n<p>&nbsp;<\/p>\n<p>&nbsp;<\/p>\n<p>&nbsp;<\/p>\n<p>&nbsp;<\/p>\n<p>&nbsp;<\/p>\n<p>&nbsp;<\/p>\n<p>&nbsp;<\/p>\n<p>&nbsp;<\/p>\n<p>&nbsp;<\/p>\n<p>&nbsp;<\/p>\n<p>&nbsp;<\/p>\n","protected":false},"excerpt":{"rendered":"<p>La jueza de instrucci\u00f3n resolver\u00e1 entre la \u00faltima hora de hoy y ma\u00f1ana si aparta a la fiscal de la investigaci\u00f3n de la muerte de Nisman, a pedido de Sandra Arroyo Salgado, en la audiencia de recusaci\u00f3n en la que, como querellante, reiter\u00f3 su disgusto con la forma en la que est\u00e1 siendo conducida la pesquisa.<\/p>\n","protected":false},"author":8,"featured_media":0,"comment_status":"open","ping_status":"open","sticky":false,"template":"","format":"standard","meta":{"_jetpack_newsletter_access":"","_jetpack_dont_email_post_to_subs":false,"_jetpack_newsletter_tier_id":0,"_jetpack_memberships_contains_paywalled_content":false,"_jetpack_memberships_contains_paid_content":false,"footnotes":""},"categories":[51],"tags":[],"class_list":["post-63970","post","type-post","status-publish","format-standard","hentry","category-politica"],"jetpack_shortlink":"https:\/\/wp.me\/p2JWE0-gDM","jetpack-related-posts":[{"id":63978,"url":"http:\/\/www.24baires.com\/?p=63978","url_meta":{"origin":63970,"position":0},"title":"Ratifican a Fein al frente de la investigaci\u00f3n por la muerte de Nisman","author":"GB","date":"08\/04\/2015","format":false,"excerpt":"La magistrada rechaz\u00f3 la recusaci\u00f3n que hab\u00eda planteado la ex esposa del fallecido fiscal Alberto Nisman, la jueza federal de San Isidro Sandra Arroyo Salgado. Ayer, las tres mantuvieron una audiencia. La jueza de instrucci\u00f3n Fabiana Palmaghini rechaz\u00f3 la recusaci\u00f3n de la fiscal Viviana Fein que hab\u00eda planteado la ex\u2026","rel":"","context":"En \u00abPol\u00edtica\u00bb","block_context":{"text":"Pol\u00edtica","link":"http:\/\/www.24baires.com\/?cat=51"},"img":{"alt_text":"fein","src":"https:\/\/i0.wp.com\/www.24baires.com\/wp-content\/uploads\/2015\/01\/fein.jpg?resize=350%2C200","width":350,"height":200,"srcset":"https:\/\/i0.wp.com\/www.24baires.com\/wp-content\/uploads\/2015\/01\/fein.jpg?resize=350%2C200 1x, https:\/\/i0.wp.com\/www.24baires.com\/wp-content\/uploads\/2015\/01\/fein.jpg?resize=525%2C300 1.5x"},"classes":[]},{"id":64229,"url":"http:\/\/www.24baires.com\/?p=64229","url_meta":{"origin":63970,"position":1},"title":"Fein denunci\u00f3 que la querella impide avanzar en la causa","author":"GB","date":"13\/04\/2015","format":false,"excerpt":"Fein respondi\u00f3 a la apelaci\u00f3n de la ex mujer de Nisman ante la C\u00e1mara del Crimen con un comunicado en el que afirm\u00f3 que \"las reiteradas presentaciones de la querella\" impiden \"el avance de la investigaci\u00f3n en procura de la verdad\". La fiscal Viviana Fein acus\u00f3 a la jueza Sandra\u2026","rel":"","context":"En \u00abPol\u00edtica\u00bb","block_context":{"text":"Pol\u00edtica","link":"http:\/\/www.24baires.com\/?cat=51"},"img":{"alt_text":"fein","src":"https:\/\/i0.wp.com\/www.24baires.com\/wp-content\/uploads\/2015\/01\/fein.jpg?resize=350%2C200","width":350,"height":200,"srcset":"https:\/\/i0.wp.com\/www.24baires.com\/wp-content\/uploads\/2015\/01\/fein.jpg?resize=350%2C200 1x, https:\/\/i0.wp.com\/www.24baires.com\/wp-content\/uploads\/2015\/01\/fein.jpg?resize=525%2C300 1.5x"},"classes":[]},{"id":76679,"url":"http:\/\/www.24baires.com\/?p=76679","url_meta":{"origin":63970,"position":2},"title":"Arroyo Salgado: \u00abPudo haber influido el cambio de gobierno\u00bb en el desplazamiento de Fein","author":"AF","date":"21\/12\/2015","format":false,"excerpt":"La ex mujer de Alberto Nisman consider\u00f3 \"tard\u00eda\" la decisi\u00f3n de la jueza Fabiana Palmaghini de quitarle a la fiscal la direcci\u00f3n de la investigaci\u00f3n por la muerte del ex titular de la UFI AMIA y opin\u00f3 que pudo haber ocurrido por el triunfo de Mauricio Macri. La jueza Sandra\u2026","rel":"","context":"En \u00abJUDICIALES\u00bb","block_context":{"text":"JUDICIALES","link":"http:\/\/www.24baires.com\/?cat=68"},"img":{"alt_text":"","src":"https:\/\/i0.wp.com\/www.24baires.com\/wp-content\/uploads\/2015\/12\/fein-salgado.png?resize=350%2C200","width":350,"height":200,"srcset":"https:\/\/i0.wp.com\/www.24baires.com\/wp-content\/uploads\/2015\/12\/fein-salgado.png?resize=350%2C200 1x, https:\/\/i0.wp.com\/www.24baires.com\/wp-content\/uploads\/2015\/12\/fein-salgado.png?resize=525%2C300 1.5x"},"classes":[]},{"id":66277,"url":"http:\/\/www.24baires.com\/?p=66277","url_meta":{"origin":63970,"position":3},"title":"Volvieron a rechazar el pedido de Arroyo Salgado para apartar a Fein","author":"AF","date":"20\/05\/2015","format":false,"excerpt":"La C\u00e1mara de Crimen desestim\u00f3 un recurso extraordinario presentado por la jueza federal de San Isidro y madre de las dos hijas del fiscal. La decisi\u00f3n de la sala Sexta de ese tribunal se sum\u00f3 a los anteriores rechazos al pedido de sacar a Fein de la causa que antes\u2026","rel":"","context":"En \u00abJUDICIALES\u00bb","block_context":{"text":"JUDICIALES","link":"http:\/\/www.24baires.com\/?cat=68"},"img":{"alt_text":"fein","src":"https:\/\/i0.wp.com\/www.24baires.com\/wp-content\/uploads\/2015\/01\/fein.jpg?resize=350%2C200","width":350,"height":200,"srcset":"https:\/\/i0.wp.com\/www.24baires.com\/wp-content\/uploads\/2015\/01\/fein.jpg?resize=350%2C200 1x, https:\/\/i0.wp.com\/www.24baires.com\/wp-content\/uploads\/2015\/01\/fein.jpg?resize=525%2C300 1.5x"},"classes":[]},{"id":81583,"url":"http:\/\/www.24baires.com\/?p=81583","url_meta":{"origin":63970,"position":4},"title":"La fiscal Fein present\u00f3 su renuncia","author":"GB","date":"18\/04\/2016","format":false,"excerpt":"La fiscal Viviana Fein, que estaba a cargo de la causa Nisman hasta que la jueza Palmaghini la desplaz\u00f3, present\u00f3 su renuncia tras el pase del caso al fuero federal. Viviana Fein, la fiscal que estuvo a cargo de la causa Nisman hasta que hace unos meses fue desplazada por\u2026","rel":"","context":"En \u00abPol\u00edtica\u00bb","block_context":{"text":"Pol\u00edtica","link":"http:\/\/www.24baires.com\/?cat=51"},"img":{"alt_text":"fein","src":"https:\/\/i0.wp.com\/www.24baires.com\/wp-content\/uploads\/2015\/01\/fein.jpg?resize=350%2C200","width":350,"height":200,"srcset":"https:\/\/i0.wp.com\/www.24baires.com\/wp-content\/uploads\/2015\/01\/fein.jpg?resize=350%2C200 1x, https:\/\/i0.wp.com\/www.24baires.com\/wp-content\/uploads\/2015\/01\/fein.jpg?resize=525%2C300 1.5x"},"classes":[]},{"id":61731,"url":"http:\/\/www.24baires.com\/?p=61731","url_meta":{"origin":63970,"position":5},"title":"Hallaron manchas de sangre y pelos tras inspecci\u00f3n en el departamento de Nisman","author":"GB","date":"13\/02\/2015","format":false,"excerpt":"Manchas de sangre, detectadas con luminol, y una serie de pelos que no se sabe a qui\u00e9n pertenecen fueron encontrados este viernes en el departamento de Puerto Madero donde fue encontrado muerto el fiscal Alberto Nisman el pasado 18 de enero, en el marco de una nueva inspecci\u00f3n pedida por\u2026","rel":"","context":"En \u00abLocales\u00bb","block_context":{"text":"Locales","link":"http:\/\/www.24baires.com\/?cat=38"},"img":{"alt_text":"autopsia","src":"https:\/\/i0.wp.com\/www.24baires.com\/wp-content\/uploads\/2015\/01\/autopsia.jpg?resize=350%2C200","width":350,"height":200,"srcset":"https:\/\/i0.wp.com\/www.24baires.com\/wp-content\/uploads\/2015\/01\/autopsia.jpg?resize=350%2C200 1x, https:\/\/i0.wp.com\/www.24baires.com\/wp-content\/uploads\/2015\/01\/autopsia.jpg?resize=525%2C300 1.5x"},"classes":[]}],"jetpack_sharing_enabled":true,"jetpack_likes_enabled":true,"jetpack_featured_media_url":"","_links":{"self":[{"href":"http:\/\/www.24baires.com\/index.php?rest_route=\/wp\/v2\/posts\/63970","targetHints":{"allow":["GET"]}}],"collection":[{"href":"http:\/\/www.24baires.com\/index.php?rest_route=\/wp\/v2\/posts"}],"about":[{"href":"http:\/\/www.24baires.com\/index.php?rest_route=\/wp\/v2\/types\/post"}],"author":[{"embeddable":true,"href":"http:\/\/www.24baires.com\/index.php?rest_route=\/wp\/v2\/users\/8"}],"replies":[{"embeddable":true,"href":"http:\/\/www.24baires.com\/index.php?rest_route=%2Fwp%2Fv2%2Fcomments&post=63970"}],"version-history":[{"count":1,"href":"http:\/\/www.24baires.com\/index.php?rest_route=\/wp\/v2\/posts\/63970\/revisions"}],"predecessor-version":[{"id":63971,"href":"http:\/\/www.24baires.com\/index.php?rest_route=\/wp\/v2\/posts\/63970\/revisions\/63971"}],"wp:attachment":[{"href":"http:\/\/www.24baires.com\/index.php?rest_route=%2Fwp%2Fv2%2Fmedia&parent=63970"}],"wp:term":[{"taxonomy":"category","embeddable":true,"href":"http:\/\/www.24baires.com\/index.php?rest_route=%2Fwp%2Fv2%2Fcategories&post=63970"},{"taxonomy":"post_tag","embeddable":true,"href":"http:\/\/www.24baires.com\/index.php?rest_route=%2Fwp%2Fv2%2Ftags&post=63970"}],"curies":[{"name":"wp","href":"https:\/\/api.w.org\/{rel}","templated":true}]}}