{"id":63957,"date":"2015-04-07T17:26:29","date_gmt":"2015-04-07T20:26:29","guid":{"rendered":"http:\/\/www.24baires.com\/?p=63957"},"modified":"2015-04-07T17:26:29","modified_gmt":"2015-04-07T20:26:29","slug":"mar-del-plata-sera-sede-de-la-cumbre-latinoamericana-de-alcaldes","status":"publish","type":"post","link":"http:\/\/www.24baires.com\/?p=63957","title":{"rendered":"Mar del Plata ser\u00e1 sede de la Cumbre Latinoamericana de Alcaldes"},"content":{"rendered":"<p><img data-recalc-dims=\"1\" loading=\"lazy\" decoding=\"async\" class=\"aligncenter size-full wp-image-50482\" src=\"https:\/\/i0.wp.com\/www.24baires.com\/wp-content\/uploads\/2014\/07\/mar-del-plata-turismo.jpg?resize=560%2C365\" alt=\"mar del plata turismo\" width=\"560\" height=\"365\" srcset=\"https:\/\/i0.wp.com\/www.24baires.com\/wp-content\/uploads\/2014\/07\/mar-del-plata-turismo.jpg?w=560 560w, https:\/\/i0.wp.com\/www.24baires.com\/wp-content\/uploads\/2014\/07\/mar-del-plata-turismo.jpg?resize=300%2C195 300w\" sizes=\"auto, (max-width: 560px) 100vw, 560px\" \/>El pr\u00f3ximo 16 y 17 de abril Mar del Plata ser\u00e1 sede de la \u00abCumbre Latinoamericana de Ciudades y Gobiernos Locales\u00bb, de la que participar\u00e1n el gobernador Daniel Scioli e intendentes bonaerenses. <!--more--><\/p>\n<p>La \u00abCumbre Latinoamericana de Ciudades y Gobiernos Locales\u00bb, el mayor encuentro del municipalismo de Am\u00e9rica Latina y el Caribe, es un espacio de reflexi\u00f3n, construcci\u00f3n e intercambio sobre los grandes temas e intereses de las ciudades y los gobiernos locales.<\/p>\n<p>Ser\u00e1n dos d\u00edas donde m\u00e1s de 3000 funcionarios p\u00fablicos de Am\u00e9rica, Europa, \u00c1frica y Asia encontrar\u00e1n un espacio ideal y exclusivo para promover objetivos e intereses, intercambiar experiencias y compartir ideas, visiones y pol\u00edticas.<\/p>\n<p>En el mismo \u00e1mbito se llevar\u00e1 a cabo Expomunicipal 2015, donde m\u00e1s de 150 empresas presentar\u00e1n nuevas tendencias para el manejo de la gesti\u00f3n, tecnolog\u00edas de \u00faltima generaci\u00f3n, maquinarias, insumos y servicios para la gesti\u00f3n diaria de los gobiernos locales.<\/p>\n<p>De la cumbre participar\u00e1n el gobernador de Buenos Aires, Daniel Scioli, ministros nacionales, diputados nacionales y provinciales e intendentes de todo el pa\u00eds convocados por el presidente de la Federaci\u00f3n Argentina de Municipios (FAM) e intendente de Florencio Varela, Julio Pereyra.<\/p>\n<p>&nbsp;<\/p>\n<p>&nbsp;<\/p>\n<p>&nbsp;<\/p>\n<p>&nbsp;<\/p>\n<p>&nbsp;<\/p>\n<p>&nbsp;<\/p>\n<p>&nbsp;<\/p>\n<p>&nbsp;<\/p>\n<p>&nbsp;<\/p>\n<p>&nbsp;<\/p>\n<p>&nbsp;<\/p>\n","protected":false},"excerpt":{"rendered":"<p>El pr\u00f3ximo 16 y 17 de abril Mar del Plata ser\u00e1 sede de la \u00abCumbre Latinoamericana de Ciudades y Gobiernos Locales\u00bb, de la que participar\u00e1n el gobernador Daniel Scioli e intendentes bonaerenses.<\/p>\n","protected":false},"author":8,"featured_media":0,"comment_status":"open","ping_status":"open","sticky":false,"template":"","format":"standard","meta":{"_jetpack_newsletter_access":"","_jetpack_dont_email_post_to_subs":false,"_jetpack_newsletter_tier_id":0,"_jetpack_memberships_contains_paywalled_content":false,"_jetpack_memberships_contains_paid_content":false,"footnotes":""},"categories":[51],"tags":[],"class_list":["post-63957","post","type-post","status-publish","format-standard","hentry","category-politica"],"jetpack_shortlink":"https:\/\/wp.me\/p2JWE0-gDz","jetpack-related-posts":[{"id":64236,"url":"http:\/\/www.24baires.com\/?p=64236","url_meta":{"origin":63957,"position":0},"title":"El municipalismo latinoamericano se da cita en Mar del Plata","author":"Grupo Sierra","date":"14\/04\/2015","format":false,"excerpt":"La ciudad de Mar del Plata ser\u00e1 sede el jueves y viernes pr\u00f3ximos de la \"Cumbre Latinoamericana de Ciudades y Gobiernos Locales\", que reunir\u00e1 a los representantes del municipalismo latinoamericano. El encuentro tendr\u00e1 lugar el 16 y 17 de abril en el NH Gran Hotel provincial con la presencia de\u2026","rel":"","context":"En \u00abLocales\u00bb","block_context":{"text":"Locales","link":"http:\/\/www.24baires.com\/?cat=38"},"img":{"alt_text":"","src":"https:\/\/i0.wp.com\/www.24baires.com\/wp-content\/uploads\/2015\/04\/cumbre-alcaldes.jpg?resize=350%2C200","width":350,"height":200,"srcset":"https:\/\/i0.wp.com\/www.24baires.com\/wp-content\/uploads\/2015\/04\/cumbre-alcaldes.jpg?resize=350%2C200 1x, https:\/\/i0.wp.com\/www.24baires.com\/wp-content\/uploads\/2015\/04\/cumbre-alcaldes.jpg?resize=525%2C300 1.5x"},"classes":[]},{"id":118957,"url":"http:\/\/www.24baires.com\/?p=118957","url_meta":{"origin":63957,"position":1},"title":"Alberto Fern\u00e1ndez pedir\u00e1 en EEUU por una latinoam\u00e9rica \u00abunida y sin exclusiones\u00bb","author":"AF","date":"08\/06\/2022","format":false,"excerpt":"Alberto Fern\u00e1ndez hablar\u00e1 este jueves en la IX Cumbre de las Am\u00e9ricas donde, entre otras cosas, plantear\u00e1 la posici\u00f3n de la Celac sobre las consecuencias de la guerra en Ucrania. El presidente Alberto Fern\u00e1ndez hablar\u00e1 este jueves en la IX Cumbre de las Am\u00e9ricas, en la ciudad estadounidense de Los\u2026","rel":"","context":"En \u00abPol\u00edtica\u00bb","block_context":{"text":"Pol\u00edtica","link":"http:\/\/www.24baires.com\/?cat=51"},"img":{"alt_text":"","src":"https:\/\/i0.wp.com\/www.24baires.com\/wp-content\/uploads\/2022\/06\/62a12bcb4ea89_900.jpg?resize=350%2C200","width":350,"height":200,"srcset":"https:\/\/i0.wp.com\/www.24baires.com\/wp-content\/uploads\/2022\/06\/62a12bcb4ea89_900.jpg?resize=350%2C200 1x, https:\/\/i0.wp.com\/www.24baires.com\/wp-content\/uploads\/2022\/06\/62a12bcb4ea89_900.jpg?resize=525%2C300 1.5x, https:\/\/i0.wp.com\/www.24baires.com\/wp-content\/uploads\/2022\/06\/62a12bcb4ea89_900.jpg?resize=700%2C400 2x"},"classes":[]},{"id":34729,"url":"http:\/\/www.24baires.com\/?p=34729","url_meta":{"origin":63957,"position":2},"title":"Proponen establecer el d\u00eda de la integraci\u00f3n de los pueblos latinoamericanos","author":"AF","date":"06\/11\/2013","format":false,"excerpt":"Al cumplirse ocho a\u00f1os del pronunciamiento de los pa\u00edses de Am\u00e9rica del Sur contra el ALCA, fue presentado en el Consejo Deliberantes de Mar del Plata una iniciativa que instituya al 5 de noviembre como el \u201cD\u00eda de la Integraci\u00f3n de los Pueblos Latinoamericanos\u201d. En la IV Cumbre de las\u2026","rel":"","context":"En \u00abPol\u00edtica\u00bb","block_context":{"text":"Pol\u00edtica","link":"http:\/\/www.24baires.com\/?cat=51"},"img":{"alt_text":"","src":"","width":0,"height":0},"classes":[]},{"id":26357,"url":"http:\/\/www.24baires.com\/?p=26357","url_meta":{"origin":63957,"position":3},"title":"Chivilcoy luci\u00f3 su Plan Basura 0 en un congreso latinoamericano","author":"AF","date":"19\/06\/2013","format":false,"excerpt":"\"La presentaci\u00f3n de nuestro Plan Basura 0 caus\u00f3 un gran impacto en la cumbre Hemisf\u00e9rica de Alcaldes 2013\", dijo el intendente An\u00edbal Pittelli, quien expuso sobre la implementaci\u00f3n del Plan Basura 0 de Chivilcoy, en el VII Congreso Latinoamericano de Ciudades y Gobiernos Locales que se desarroll\u00f3 en Puerto Iguaz\u00fa,\u2026","rel":"","context":"En \u00abLocales\u00bb","block_context":{"text":"Locales","link":"http:\/\/www.24baires.com\/?cat=38"},"img":{"alt_text":"","src":"","width":0,"height":0},"classes":[]},{"id":39240,"url":"http:\/\/www.24baires.com\/?p=39240","url_meta":{"origin":63957,"position":4},"title":"Moreau en la Cumbre de la CELAC: \u00abPrefiero estar ac\u00e1 que en Davos\u00bb","author":"Grupo Sierra","date":"25\/01\/2014","format":false,"excerpt":"El ex senador radical Leopoldo Moreau afirm\u00f3 hoy que \"Unasur, Mercosur y Celac son pol\u00edticas de Estado que est\u00e1n por encima de las competencias partidarias\", al participar en La Habana, Cuba, de la II Cumbre de la Comunidad de Estados Latinoamericanos y del Caribe junto a la comitiva oficial que\u2026","rel":"","context":"En \u00abPol\u00edtica\u00bb","block_context":{"text":"Pol\u00edtica","link":"http:\/\/www.24baires.com\/?cat=51"},"img":{"alt_text":"","src":"","width":0,"height":0},"classes":[]},{"id":5019,"url":"http:\/\/www.24baires.com\/?p=5019","url_meta":{"origin":63957,"position":5},"title":"A 7 a\u00f1os de la Cumbre la CTA record\u00f3 el \u00abNo al ALCA\u00bb","author":"Grupo Sierra","date":"11\/11\/2012","format":false,"excerpt":"MAR DEL PLATA - Este s\u00e1bado por la tarde unos 2500 militantes de la CTA y diversas organizaciones pol\u00edticas, sociales y estudiantiles, se reunieron en Mar del Plata para celebrar el 7mo aniversario de la jornada en la que los pueblos y gobiernos latinoamericanos rechazaron el tratado de \u00c1rea de\u2026","rel":"","context":"En \u00abPol\u00edtica\u00bb","block_context":{"text":"Pol\u00edtica","link":"http:\/\/www.24baires.com\/?cat=51"},"img":{"alt_text":"","src":"https:\/\/i0.wp.com\/www.24baires.com\/wp-content\/uploads\/2012\/11\/acto_mardelplata_no_al_alca_web-8f9f5.jpg?resize=350%2C200","width":350,"height":200,"srcset":"https:\/\/i0.wp.com\/www.24baires.com\/wp-content\/uploads\/2012\/11\/acto_mardelplata_no_al_alca_web-8f9f5.jpg?resize=350%2C200 1x, https:\/\/i0.wp.com\/www.24baires.com\/wp-content\/uploads\/2012\/11\/acto_mardelplata_no_al_alca_web-8f9f5.jpg?resize=525%2C300 1.5x"},"classes":[]}],"jetpack_sharing_enabled":true,"jetpack_likes_enabled":true,"jetpack_featured_media_url":"","_links":{"self":[{"href":"http:\/\/www.24baires.com\/index.php?rest_route=\/wp\/v2\/posts\/63957","targetHints":{"allow":["GET"]}}],"collection":[{"href":"http:\/\/www.24baires.com\/index.php?rest_route=\/wp\/v2\/posts"}],"about":[{"href":"http:\/\/www.24baires.com\/index.php?rest_route=\/wp\/v2\/types\/post"}],"author":[{"embeddable":true,"href":"http:\/\/www.24baires.com\/index.php?rest_route=\/wp\/v2\/users\/8"}],"replies":[{"embeddable":true,"href":"http:\/\/www.24baires.com\/index.php?rest_route=%2Fwp%2Fv2%2Fcomments&post=63957"}],"version-history":[{"count":1,"href":"http:\/\/www.24baires.com\/index.php?rest_route=\/wp\/v2\/posts\/63957\/revisions"}],"predecessor-version":[{"id":63958,"href":"http:\/\/www.24baires.com\/index.php?rest_route=\/wp\/v2\/posts\/63957\/revisions\/63958"}],"wp:attachment":[{"href":"http:\/\/www.24baires.com\/index.php?rest_route=%2Fwp%2Fv2%2Fmedia&parent=63957"}],"wp:term":[{"taxonomy":"category","embeddable":true,"href":"http:\/\/www.24baires.com\/index.php?rest_route=%2Fwp%2Fv2%2Fcategories&post=63957"},{"taxonomy":"post_tag","embeddable":true,"href":"http:\/\/www.24baires.com\/index.php?rest_route=%2Fwp%2Fv2%2Ftags&post=63957"}],"curies":[{"name":"wp","href":"https:\/\/api.w.org\/{rel}","templated":true}]}}