{"id":63949,"date":"2015-04-07T18:38:34","date_gmt":"2015-04-07T21:38:34","guid":{"rendered":"http:\/\/www.24baires.com\/?p=63949"},"modified":"2015-04-08T10:06:29","modified_gmt":"2015-04-08T13:06:29","slug":"lujo-es-tener-fuentes-en-la-justicia-para-que-sigan-demorando-el-pago-de-los-impuestos","status":"publish","type":"post","link":"http:\/\/www.24baires.com\/?p=63949","title":{"rendered":"\u00abLujo es tener fuentes en la Justicia para que sigan demorando el pago de los impuestos\u00bb"},"content":{"rendered":"<p><img data-recalc-dims=\"1\" loading=\"lazy\" decoding=\"async\" class=\"aligncenter size-full wp-image-63950\" src=\"https:\/\/i0.wp.com\/www.24baires.com\/wp-content\/uploads\/2015\/04\/cristina.jpg?resize=560%2C268\" alt=\"cristina\" width=\"560\" height=\"268\" srcset=\"https:\/\/i0.wp.com\/www.24baires.com\/wp-content\/uploads\/2015\/04\/cristina.jpg?w=560 560w, https:\/\/i0.wp.com\/www.24baires.com\/wp-content\/uploads\/2015\/04\/cristina.jpg?resize=300%2C144 300w\" sizes=\"auto, (max-width: 560px) 100vw, 560px\" \/><\/p>\n<p>Cristina lo afirm\u00f3 al hablar en el Museo del Bicentenario por una nota del diario La Naci\u00f3n que atacaba a la ANSES , en un acto en el que entreg\u00f3 la jubilaci\u00f3n 450 mil producto de la moratoria previsional lanzada por el gobierno.<!--more--><\/p>\n<p>La presidenta Cristina Fern\u00e1ndez de Kirchner afirm\u00f3 hoy que \u201ccon la solidaridad se logra m\u00e1s que con la inequidad\u201d, y llam\u00f3 a los argentinos a ser \u201cinteligentes\u201d, a no dejarse llevar por \u201clos cantos de sirena\u201d, y a cuidar lo logrado e ir \u201cpor m\u00e1s\u201d.<\/p>\n<p>\u201cNo seamos tontos: no escuchemos los cantos de sirenas porque, cada vez que se escucharon, terminamos escuchando las sirenas de la represi\u00f3n. Cuidemos lo logrado y vayamos por m\u00e1s. Seamos inteligentes\u201d, asever\u00f3 la mandataria al encabezar este mediod\u00eda un acto en la Casa de Gobierno.<\/p>\n<p>En el acto, se entreg\u00f3 la jubilaci\u00f3n n\u00famero 450.000 promovida por la moratoria del gobierno nacional de 2014.<\/p>\n<p>All\u00ed Cristina destac\u00f3 que, seg\u00fan cifras del Banco Mundial, Argentina \u201ces el pa\u00eds que paga la jubilaci\u00f3n m\u00e1s alta en d\u00f3lares de toda Am\u00e9rica Latina\u201d.<\/p>\n<p>\u201cHoy somos, de acuerdo al Banco Mundial, el pa\u00eds que paga la jubilaci\u00f3n m\u00e1s alta en d\u00f3lares de toda Am\u00e9rica Latina, 442 d\u00f3lares, y nos sigue Brasil, con 300 d\u00f3lares\u201d, destac\u00f3 la mandataria al encabezar un acto en la Casa de Gobierno.<\/p>\n<p>All\u00ed, sostuvo que una vez que finalice la actual moratoria previsional, la cobertura alcanzar\u00e1 \u201cal 97 por ciento de los argentinos en condiciones de jubilarse\u201d mientras que -indic\u00f3- \u201cel otro 3 por ciento corresponde a gente que prefiere seguir trabajando y no acogerse al beneficio jubilatorio\u201d.<\/p>\n<p>La presidenta, en un tramo de su discurso, le respondi\u00f3 a un editorial del diario La Naci\u00f3n en el que se afirma un supuesto \u00absaqueo de la ANSES por el propio estado\u00bb y critic\u00f3 a los actores sociales que \u00abse daban el lujo de ser millonarios y no les hac\u00edan los aportes\u00bb a los trabajadores.<\/p>\n<p>\u00abSaqueo fue en la \u00e9poca de las AFJP\u00bb, se\u00f1al\u00f3 al referirse a un art\u00edculo period\u00edstico publicado el 19 de enero de 2015, y dijo que en ese escrito \u00abparece ser que desconocen los a\u00f1os de trabajo en negro\u00bb de muchas personas que fueron empujadas a esa situaci\u00f3n por \u00abuna desocupaci\u00f3n de dos d\u00edgitos\u00bb o por el accionar de los patrones que evadieron los aportes previsionales.<\/p>\n<p>Cristina cit\u00f3 en su intervenci\u00f3n una parte de ese art\u00edculo del diario en el que se afirmaba que \u00abel gobierno se dio el lujo de lanzar una nueva moratoria, que estar\u00e1 abierta hasta septiembre del a\u00f1o pr\u00f3ximo\u00bb.<\/p>\n<p>Sobre esa frase, la mandataria sostuvo: \u00abel lujo es tener fuentes en la Justicia que les permiten que se siga demorando el pago de los impuestos que van precisamente a sostener la ANSES; y ese es el verdadero saqueo, el legalizado, que es mucho peor todav\u00eda\u00bb.<\/p>\n<p>Durante el acto, adem\u00e1s, la presidenta de la Naci\u00f3n mantuvo videoconferencias mediante las cuales dej\u00f3 inauguradas distintas obras en C\u00f3rdoba, Jujuy y la ciudad Aut\u00f3noma de Buenos Aires.<\/p>\n","protected":false},"excerpt":{"rendered":"<p>Cristina lo afirm\u00f3 al hablar en el Museo del Bicentenario por una nota del diario La Naci\u00f3n que atacaba a la ANSES , en un acto en el que entreg\u00f3 la jubilaci\u00f3n 450 mil producto de la moratoria previsional lanzada por el gobierno.<\/p>\n","protected":false},"author":11,"featured_media":0,"comment_status":"open","ping_status":"open","sticky":false,"template":"","format":"standard","meta":{"_jetpack_newsletter_access":"","_jetpack_dont_email_post_to_subs":false,"_jetpack_newsletter_tier_id":0,"_jetpack_memberships_contains_paywalled_content":false,"_jetpack_memberships_contains_paid_content":false,"footnotes":""},"categories":[51],"tags":[],"class_list":["post-63949","post","type-post","status-publish","format-standard","hentry","category-politica"],"jetpack_shortlink":"https:\/\/wp.me\/p2JWE0-gDr","jetpack-related-posts":[{"id":44511,"url":"http:\/\/www.24baires.com\/?p=44511","url_meta":{"origin":63949,"position":0},"title":"Cristina llam\u00f3 a cuidar los trenes y \u00abvolver a la Argentina que alguna vez fuimos\u00bb","author":"AF","date":"23\/04\/2014","format":false,"excerpt":"La presidenta Cristina Fern\u00e1ndez de Kirchner encabezar\u00f3 este mediod\u00eda el acto de presentaci\u00f3n de nuevas formaciones de la l\u00ednea del ferrocarril San Mart\u00edn, que une la Capital Federal con el noroeste del conurbano, con una inversi\u00f3n de 1.600 millones de d\u00f3lares.\u00a0Adem\u00e1s llam\u00f3 a\u00a0\"distinguir lo concreto, lo real, de los cantos\u2026","rel":"","context":"En \u00abSociedad\u00bb","block_context":{"text":"Sociedad","link":"http:\/\/www.24baires.com\/?cat=1"},"img":{"alt_text":"","src":"https:\/\/i0.wp.com\/www.24baires.com\/wp-content\/uploads\/2014\/04\/cristina.jpg?resize=350%2C200","width":350,"height":200,"srcset":"https:\/\/i0.wp.com\/www.24baires.com\/wp-content\/uploads\/2014\/04\/cristina.jpg?resize=350%2C200 1x, https:\/\/i0.wp.com\/www.24baires.com\/wp-content\/uploads\/2014\/04\/cristina.jpg?resize=525%2C300 1.5x"},"classes":[]},{"id":2470,"url":"http:\/\/www.24baires.com\/?p=2470","url_meta":{"origin":63949,"position":1},"title":"\u201cEste Gobierno tiene lealtad con los intereses del pueblo\u201d","author":"AF","date":"17\/10\/2012","format":false,"excerpt":"La Presidenta sostuvo que \"lo que se logr\u00f3 hasta ahora es un piso y no un techo\" y agreg\u00f3 que \"hay que institucionalizar\" los avances. \"La lealtad se tiene con dirigentes que la gente identifica como representantes de sus intereses. Cuando uno hace una cuadra de pavimentos no pregunta si\u2026","rel":"","context":"En \u00abPol\u00edtica\u00bb","block_context":{"text":"Pol\u00edtica","link":"http:\/\/www.24baires.com\/?cat=51"},"img":{"alt_text":"","src":"","width":0,"height":0},"classes":[]},{"id":33965,"url":"http:\/\/www.24baires.com\/?p=33965","url_meta":{"origin":63949,"position":2},"title":"Carlotto pidi\u00f3 que \u00abse piense a la hora de votar\u00bb","author":"GB","date":"22\/10\/2013","format":false,"excerpt":"La titular de Abuelas de Plaza de Mayo, Estela de Carlotto, le pidi\u00f3 al pueblo argentino \u201cque piense a la hora de votar qu\u00e9 propone cada partido y las iniciativas de los candidatos\u201d, ya que \u201calgunos ofrecen bienestar y otros destruir la democracia\u201d. Durante el acto del aniversario 36 de\u2026","rel":"","context":"En \u00abELECCIONES 2013\u00bb","block_context":{"text":"ELECCIONES 2013","link":"http:\/\/www.24baires.com\/?cat=72"},"img":{"alt_text":"","src":"","width":0,"height":0},"classes":[]},{"id":16390,"url":"http:\/\/www.24baires.com\/?p=16390","url_meta":{"origin":63949,"position":3},"title":"Homenaje a las v\u00edctimas de la tragedia de Once al cumplirse el primer aniversario","author":"AF","date":"22\/02\/2013","format":false,"excerpt":"Homenajearon a los 51 muertos, con un reiterado pedido de \"justicia\", cerrados aplausos y el sonar de una sirena, a un a\u00f1o del accidente del tren. Tambi\u00e9n habr\u00e1 una misa en la Catedral y un festival. Del acto tambi\u00e9n participaron pasajeros, trabajadores del Sarmiento, actores y Nora Corti\u00f1as, madre de\u2026","rel":"","context":"En \u00abSociedad\u00bb","block_context":{"text":"Sociedad","link":"http:\/\/www.24baires.com\/?cat=1"},"img":{"alt_text":"","src":"","width":0,"height":0},"classes":[]},{"id":28114,"url":"http:\/\/www.24baires.com\/?p=28114","url_meta":{"origin":63949,"position":4},"title":"Cristina pidi\u00f3 \u00abunidad\u00bb al Mercosur para enfrentar a quienes quieren dividirlo","author":"Grupo Sierra","date":"12\/07\/2013","format":false,"excerpt":"La Presidenta se reuni\u00f3 con sus pares del Mercosur, en el marco de la Cumbre de Jefas y Jefes de Estado. \"La unidad es lo \u00fanico que tenemos para profundizar el proceso de democratizaci\u00f3n\", sostuvo. La presidenta Cristina Fern\u00e1ndez de Kirchner pidi\u00f3 hoy un \"compromiso de unidad\" a los jefes\u2026","rel":"","context":"En \u00abPol\u00edtica\u00bb","block_context":{"text":"Pol\u00edtica","link":"http:\/\/www.24baires.com\/?cat=51"},"img":{"alt_text":"","src":"https:\/\/i0.wp.com\/www.24baires.com\/wp-content\/uploads\/2013\/07\/cristina_uruguay_39348.jpg?resize=350%2C200","width":350,"height":200,"srcset":"https:\/\/i0.wp.com\/www.24baires.com\/wp-content\/uploads\/2013\/07\/cristina_uruguay_39348.jpg?resize=350%2C200 1x, https:\/\/i0.wp.com\/www.24baires.com\/wp-content\/uploads\/2013\/07\/cristina_uruguay_39348.jpg?resize=525%2C300 1.5x"},"classes":[]},{"id":42389,"url":"http:\/\/www.24baires.com\/?p=42389","url_meta":{"origin":63949,"position":5},"title":"Incansable pedido de justicia, a 22 a\u00f1os del atentado contra la embajada de Israel","author":"Grupo Sierra","date":"18\/03\/2014","format":false,"excerpt":"La conmemoraci\u00f3n por un nuevo aniversario del ataque, cometido el 17 de marzo de 1992, tuvo lugar en la esquina porte\u00f1a de Suipacha y Arroyo, con un acto en el que destacaron \"el apoyo y la escucha del gobierno nacional\". El acto se realiz\u00f3 a partir de las 14.50 -hora\u2026","rel":"","context":"En \u00abSociedad\u00bb","block_context":{"text":"Sociedad","link":"http:\/\/www.24baires.com\/?cat=1"},"img":{"alt_text":"int-592080","src":"https:\/\/i0.wp.com\/www.24baires.com\/wp-content\/uploads\/2014\/03\/int-592080.jpg?resize=350%2C200","width":350,"height":200},"classes":[]}],"jetpack_sharing_enabled":true,"jetpack_likes_enabled":true,"jetpack_featured_media_url":"","_links":{"self":[{"href":"http:\/\/www.24baires.com\/index.php?rest_route=\/wp\/v2\/posts\/63949","targetHints":{"allow":["GET"]}}],"collection":[{"href":"http:\/\/www.24baires.com\/index.php?rest_route=\/wp\/v2\/posts"}],"about":[{"href":"http:\/\/www.24baires.com\/index.php?rest_route=\/wp\/v2\/types\/post"}],"author":[{"embeddable":true,"href":"http:\/\/www.24baires.com\/index.php?rest_route=\/wp\/v2\/users\/11"}],"replies":[{"embeddable":true,"href":"http:\/\/www.24baires.com\/index.php?rest_route=%2Fwp%2Fv2%2Fcomments&post=63949"}],"version-history":[{"count":1,"href":"http:\/\/www.24baires.com\/index.php?rest_route=\/wp\/v2\/posts\/63949\/revisions"}],"predecessor-version":[{"id":63951,"href":"http:\/\/www.24baires.com\/index.php?rest_route=\/wp\/v2\/posts\/63949\/revisions\/63951"}],"wp:attachment":[{"href":"http:\/\/www.24baires.com\/index.php?rest_route=%2Fwp%2Fv2%2Fmedia&parent=63949"}],"wp:term":[{"taxonomy":"category","embeddable":true,"href":"http:\/\/www.24baires.com\/index.php?rest_route=%2Fwp%2Fv2%2Fcategories&post=63949"},{"taxonomy":"post_tag","embeddable":true,"href":"http:\/\/www.24baires.com\/index.php?rest_route=%2Fwp%2Fv2%2Ftags&post=63949"}],"curies":[{"name":"wp","href":"https:\/\/api.w.org\/{rel}","templated":true}]}}