{"id":63942,"date":"2015-04-07T11:30:35","date_gmt":"2015-04-07T14:30:35","guid":{"rendered":"http:\/\/www.24baires.com\/?p=63942"},"modified":"2015-04-07T10:57:26","modified_gmt":"2015-04-07T13:57:26","slug":"sigue-vigente-la-convocatoria-a-stiuso-en-la-secretaria-de-inteligencia-aseguro-anibal","status":"publish","type":"post","link":"http:\/\/www.24baires.com\/?p=63942","title":{"rendered":"\u00abSigue vigente\u00bb la convocatoria a Stiuso en la Secretar\u00eda de Inteligencia, asegur\u00f3 An\u00edbal"},"content":{"rendered":"<p><object width=\"560\" height=\"420\"><param name=\"movie\" value=\"http:\/\/www.youtube.com\/v\/umkwWYyOVjQ?version=3&amp;hl=es_ES\" \/><param name=\"allowFullScreen\" value=\"true\" \/><param name=\"allowscriptaccess\" value=\"always\" \/><\/object><\/p>\n<p>El jefe de Gabinete afirm\u00f3 que se busca que explique ante las autoridades de la ex SIDE las supuestas conductas \u00abdilatorias e irregulares\u00bb en su accionar en la investigaci\u00f3n de la causa AMIA.<!--more--><\/p>\n<p>\u201cEstamos hablando de un trabajo a quien se le pagaba por una determinada funci\u00f3n y tiene que cumplir con esa funci\u00f3n espec\u00edfica de la cual no se desliga por haberse retirado y llegar a su situaci\u00f3n jubilatoria en este caso\u201d y \u00ab\u00e9l tiene que cumplir con esa expresi\u00f3n\u201d, dijo el funcionario en declaraciones formuladas a la prensa antes de ingresar a Casa de Gobierno.<\/p>\n<p>A\u00f1adi\u00f3 que a pesar de que Stiuso se encuentra fuera del pa\u00eds, \u201cen alg\u00fan momento se tendr\u00e1 que hacer presente para dar las explicaciones de este desaguisado donde aparece tanto el fiscal (Alberto) Nisman como \u00e9l hablando entre ellos y en una situaci\u00f3n que uno reclama a otro una tarea que le pidi\u00f3 y que el otro no cumpli\u00f3 y que nadie en cada una de las \u00e1reas de la Secretar\u00eda de Inteligencia saben siquiera que se estaba trabajando en este tema\u00bb.<\/p>\n<p>\u00abCon lo cual pareciera m\u00e1s que nada un burla, un hecho que consta en el expediente tan s\u00f3lo para decir que se trabajaba\u201d, complet\u00f3 el ministro coordinador.<\/p>\n<p>El ex director de Operaciones de la ex SIDE deb\u00eda presentarse ayer ante las autoridades de la Secretar\u00eda de Inteligencia (SI), que lo hab\u00edan citado para que explique supuestas \u201cconductas dilatorias e irregulares\u201d en su accionar en la investigaci\u00f3n de la causa por el atentado a la AMIA.<\/p>\n<p>En cambio, concurri\u00f3 a la sede de la SI, ubicada en 25 de Mayo 11, su abogado Santiago Blanco Berm\u00fadez, quien dijo que su cliente no asisti\u00f3 porque se hallaba \u00aben el exterior\u00bb.<\/p>\n","protected":false},"excerpt":{"rendered":"<p>El jefe de Gabinete afirm\u00f3 que se busca que explique ante las autoridades de la ex SIDE las supuestas conductas \u00abdilatorias e irregulares\u00bb en su accionar en la investigaci\u00f3n de la causa AMIA.<\/p>\n","protected":false},"author":11,"featured_media":0,"comment_status":"open","ping_status":"open","sticky":false,"template":"","format":"standard","meta":{"_jetpack_newsletter_access":"","_jetpack_dont_email_post_to_subs":false,"_jetpack_newsletter_tier_id":0,"_jetpack_memberships_contains_paywalled_content":false,"_jetpack_memberships_contains_paid_content":false,"footnotes":""},"categories":[51],"tags":[],"class_list":["post-63942","post","type-post","status-publish","format-standard","hentry","category-politica"],"jetpack_shortlink":"https:\/\/wp.me\/p2JWE0-gDk","jetpack-related-posts":[{"id":64099,"url":"http:\/\/www.24baires.com\/?p=64099","url_meta":{"origin":63942,"position":0},"title":"Parrilli le pidi\u00f3 al juez Canicoba que garantice la declaraci\u00f3n de Stiuso","author":"GB","date":"10\/04\/2015","format":false,"excerpt":"El titular de la Secretar\u00eda,, present\u00f3 un escrito ante el juzgado de Canicoba Corral en el que pidieron que, de ser necesario, se disponga el \u201cauxilio de la fuerza p\u00fablica\u201d para que el ex agente declare. Las autoridades de la Secretaria de Inteligencia (SI) solicitaron hoy al juez federal Rodolfo\u2026","rel":"","context":"En \u00abPol\u00edtica\u00bb","block_context":{"text":"Pol\u00edtica","link":"http:\/\/www.24baires.com\/?cat=51"},"img":{"alt_text":"parrili1","src":"https:\/\/i0.wp.com\/www.24baires.com\/wp-content\/uploads\/2015\/04\/parrili1.jpg?resize=350%2C200","width":350,"height":200,"srcset":"https:\/\/i0.wp.com\/www.24baires.com\/wp-content\/uploads\/2015\/04\/parrili1.jpg?resize=350%2C200 1x, https:\/\/i0.wp.com\/www.24baires.com\/wp-content\/uploads\/2015\/04\/parrili1.jpg?resize=525%2C300 1.5x"},"classes":[]},{"id":62199,"url":"http:\/\/www.24baires.com\/?p=62199","url_meta":{"origin":63942,"position":1},"title":"Parrilli inform\u00f3 que se denunci\u00f3 a Stiuso por \u00abcontrabando\u00bb","author":"GB","date":"24\/02\/2015","format":false,"excerpt":"El titular de la Secretar\u00eda de Inteligencia, Oscar Parrilli, inform\u00f3 que se denunci\u00f3 por presunto contrabando y evasi\u00f3n fiscal al ex esp\u00eda Antonio \u201cJaime\u201d Stiuso y a otros dos funcionarios de Inteligencia, Alejandro Patricio y Nicol\u00e1s Gast\u00f3n Mercado. El titular de la Secretaria de Inteligencia, Oscar Parrilli, inform\u00f3 que el\u2026","rel":"","context":"En \u00abPol\u00edtica\u00bb","block_context":{"text":"Pol\u00edtica","link":"http:\/\/www.24baires.com\/?cat=51"},"img":{"alt_text":"oscar parrilli","src":"https:\/\/i0.wp.com\/www.24baires.com\/wp-content\/uploads\/2014\/04\/oscar-parrilli.jpg?resize=350%2C200","width":350,"height":200,"srcset":"https:\/\/i0.wp.com\/www.24baires.com\/wp-content\/uploads\/2014\/04\/oscar-parrilli.jpg?resize=350%2C200 1x, https:\/\/i0.wp.com\/www.24baires.com\/wp-content\/uploads\/2014\/04\/oscar-parrilli.jpg?resize=525%2C300 1.5x"},"classes":[]},{"id":79923,"url":"http:\/\/www.24baires.com\/?p=79923","url_meta":{"origin":63942,"position":2},"title":"Stiuso no declar\u00f3 y present\u00f3 un escrito en la causa por el atentado a la AMIA","author":"AF","date":"09\/03\/2016","format":false,"excerpt":"El ex director de operaciones de la SIDE dijo que evitaba declarar bajo juramento de verdad porque est\u00e1 imputado en una causa por supuesto \"encubrimiento\" del ataque y podr\u00eda quedar incriminado con sus dichos. El ex director de Operaciones de la SIDE, Antonio Stiuso, se present\u00f3 a declarar como testigo\u2026","rel":"","context":"En \u00abJUDICIALES\u00bb","block_context":{"text":"JUDICIALES","link":"http:\/\/www.24baires.com\/?cat=68"},"img":{"alt_text":"stiuso","src":"https:\/\/i0.wp.com\/www.24baires.com\/wp-content\/uploads\/2015\/10\/stiuso.jpg?resize=350%2C200","width":350,"height":200,"srcset":"https:\/\/i0.wp.com\/www.24baires.com\/wp-content\/uploads\/2015\/10\/stiuso.jpg?resize=350%2C200 1x, https:\/\/i0.wp.com\/www.24baires.com\/wp-content\/uploads\/2015\/10\/stiuso.jpg?resize=525%2C300 1.5x"},"classes":[]},{"id":71306,"url":"http:\/\/www.24baires.com\/?p=71306","url_meta":{"origin":63942,"position":3},"title":"La AFI ampli\u00f3 la denuncia contra Stiuso por encubrimiento del caso AMIA","author":"AF","date":"28\/08\/2015","format":false,"excerpt":"El director de la Agencia Federal de Inteligencia, Oscar Parrilli, inform\u00f3 que se present\u00f3 una ampliaci\u00f3n de denuncia penal contra el ex director general de operaciones de ese organismo. Parrilli denunci\u00f3 adem\u00e1s \"una suerte de acuerdo\" entre el ex esp\u00eda, la embajada de los Estados Unidos y algunos jueces federales\u2026","rel":"","context":"En \u00abJUDICIALES\u00bb","block_context":{"text":"JUDICIALES","link":"http:\/\/www.24baires.com\/?cat=68"},"img":{"alt_text":"oscar parrilli","src":"https:\/\/i0.wp.com\/www.24baires.com\/wp-content\/uploads\/2014\/04\/oscar-parrilli.jpg?resize=350%2C200","width":350,"height":200,"srcset":"https:\/\/i0.wp.com\/www.24baires.com\/wp-content\/uploads\/2014\/04\/oscar-parrilli.jpg?resize=350%2C200 1x, https:\/\/i0.wp.com\/www.24baires.com\/wp-content\/uploads\/2014\/04\/oscar-parrilli.jpg?resize=525%2C300 1.5x"},"classes":[]},{"id":64862,"url":"http:\/\/www.24baires.com\/?p=64862","url_meta":{"origin":63942,"position":4},"title":"La Unidad Fiscal de la AMIA pidi\u00f3 el traslado por la fuerza p\u00fablica de Stiuso","author":"GB","date":"24\/04\/2015","format":false,"excerpt":"La fiscal\u00eda especial que investiga el caso AMIA solicit\u00f3 a la Polic\u00eda Federal la averiguaci\u00f3n del actual paradero del ex agente de inteligencia Antonio Horacio Stiuso y, una vez hallado, su traslado por medio de la fuerza p\u00fablica para tomarle declaraci\u00f3n. El pedido de la UFI-AMIA se da en el\u2026","rel":"","context":"En \u00abPol\u00edtica\u00bb","block_context":{"text":"Pol\u00edtica","link":"http:\/\/www.24baires.com\/?cat=51"},"img":{"alt_text":"","src":"https:\/\/i0.wp.com\/www.24baires.com\/wp-content\/uploads\/2015\/04\/amia.jpg?resize=350%2C200","width":350,"height":200,"srcset":"https:\/\/i0.wp.com\/www.24baires.com\/wp-content\/uploads\/2015\/04\/amia.jpg?resize=350%2C200 1x, https:\/\/i0.wp.com\/www.24baires.com\/wp-content\/uploads\/2015\/04\/amia.jpg?resize=525%2C300 1.5x"},"classes":[]},{"id":63908,"url":"http:\/\/www.24baires.com\/?p=63908","url_meta":{"origin":63942,"position":5},"title":"Stiuso no se present\u00f3 en la Secretar\u00eda de Inteligencia a dar explicaciones","author":"Grupo Sierra","date":"06\/04\/2015","format":false,"excerpt":"El ex director de Operaciones de la ex SIDE, Horacio Antonio Stiuso, no se present\u00f3 hoy ante las autoridades de la Secretar\u00eda de Inteligencia (SI), para explicar supuestas \u201cconductas dilatorias e irregulares\u201d en su accionar en la investigaci\u00f3n de la causa AMIA, pero s\u00ed lo hizo su abogado, Santiago Blanco\u2026","rel":"","context":"En \u00abPol\u00edtica\u00bb","block_context":{"text":"Pol\u00edtica","link":"http:\/\/www.24baires.com\/?cat=51"},"img":{"alt_text":"","src":"","width":0,"height":0},"classes":[]}],"jetpack_sharing_enabled":true,"jetpack_likes_enabled":true,"jetpack_featured_media_url":"","_links":{"self":[{"href":"http:\/\/www.24baires.com\/index.php?rest_route=\/wp\/v2\/posts\/63942","targetHints":{"allow":["GET"]}}],"collection":[{"href":"http:\/\/www.24baires.com\/index.php?rest_route=\/wp\/v2\/posts"}],"about":[{"href":"http:\/\/www.24baires.com\/index.php?rest_route=\/wp\/v2\/types\/post"}],"author":[{"embeddable":true,"href":"http:\/\/www.24baires.com\/index.php?rest_route=\/wp\/v2\/users\/11"}],"replies":[{"embeddable":true,"href":"http:\/\/www.24baires.com\/index.php?rest_route=%2Fwp%2Fv2%2Fcomments&post=63942"}],"version-history":[{"count":2,"href":"http:\/\/www.24baires.com\/index.php?rest_route=\/wp\/v2\/posts\/63942\/revisions"}],"predecessor-version":[{"id":63944,"href":"http:\/\/www.24baires.com\/index.php?rest_route=\/wp\/v2\/posts\/63942\/revisions\/63944"}],"wp:attachment":[{"href":"http:\/\/www.24baires.com\/index.php?rest_route=%2Fwp%2Fv2%2Fmedia&parent=63942"}],"wp:term":[{"taxonomy":"category","embeddable":true,"href":"http:\/\/www.24baires.com\/index.php?rest_route=%2Fwp%2Fv2%2Fcategories&post=63942"},{"taxonomy":"post_tag","embeddable":true,"href":"http:\/\/www.24baires.com\/index.php?rest_route=%2Fwp%2Fv2%2Ftags&post=63942"}],"curies":[{"name":"wp","href":"https:\/\/api.w.org\/{rel}","templated":true}]}}