{"id":63929,"date":"2015-04-06T20:08:04","date_gmt":"2015-04-06T23:08:04","guid":{"rendered":"http:\/\/www.24baires.com\/?p=63929"},"modified":"2015-04-07T14:20:10","modified_gmt":"2015-04-07T17:20:10","slug":"la-presidenta-termina-su-mandato-con-la-mejor-imagen-desde-el-retorno-de-la-democracia","status":"publish","type":"post","link":"http:\/\/www.24baires.com\/?p=63929","title":{"rendered":"Cristina termina su mandato con la mejor imagen desde el retorno de la democracia"},"content":{"rendered":"<p><img data-recalc-dims=\"1\" loading=\"lazy\" decoding=\"async\" class=\"aligncenter size-full wp-image-63927\" src=\"https:\/\/i0.wp.com\/www.24baires.com\/wp-content\/uploads\/2015\/04\/cristina-selfie.jpg?resize=560%2C373\" alt=\"cristina selfie\" width=\"560\" height=\"373\" srcset=\"https:\/\/i0.wp.com\/www.24baires.com\/wp-content\/uploads\/2015\/04\/cristina-selfie.jpg?w=560 560w, https:\/\/i0.wp.com\/www.24baires.com\/wp-content\/uploads\/2015\/04\/cristina-selfie.jpg?resize=300%2C200 300w\" sizes=\"auto, (max-width: 560px) 100vw, 560px\" \/>El nivel de aceptaci\u00f3n de la Presidenta es del 40%, seg\u00fan las encuestas. Este gobierno \u00abllega al final mucho m\u00e1s fuerte que los anteriores desde que se recuper\u00f3 la democracia\u00bb, asegur\u00f3 el titular de la consultora Poliarqu\u00eda, Eduardo Fidanza.<!--more--><\/p>\n<p>En declaraciones a Radio Mitre, el titular de Poliarqu\u00eda destac\u00f3 que seg\u00fan la \u00faltima medici\u00f3n mensual de la consultora, el nivel de aceptaci\u00f3n de la Presidenta es del \u00ab40 por ciento\u00bb, nivel que \u00abse ven\u00eda manteniendo en los \u00faltimos seis u ocho meses, y que si bien descendi\u00f3 cinco puntos por el caso Nisman, despu\u00e9s lo recuper\u00f3\u00bb.<\/p>\n<p>Fidanza afirm\u00f3 adem\u00e1s que \u00abla gente sigue pensando la actualidad y su realidad compar\u00e1ndola con lo que fue la crisis en la que se inici\u00f3 el kirchnerismo\u00bb en 2003.<\/p>\n<p>Adem\u00e1s, resalt\u00f3 que \u00abcomo ha habido mejoras importantes de empleo, salario y de nivel de actividad, lo que hay es una discrepancia entre la visi\u00f3n de los especialistas -que entrev\u00e9n una econom\u00eda dif\u00edcil y una creciente inconsistencia de la pol\u00edtica econ\u00f3mica-, y el punto de vista del ciudadano medio, que no se hace cargo de las inconsistencias sino que aprovecha las oportunidades\u00bb.<\/p>\n<p>En tanto, Luis Costa, de Ipsos Mora y Araujo, ubic\u00f3 la imagen presidencial de la mandataria en los mismos niveles que Fidanza.<\/p>\n<p>Costa destac\u00f3 en Radio Am\u00e9rica que \u00absubi\u00f3 de nuevo la aprobaci\u00f3n de la gesti\u00f3n del Gobierno\u00bb tras la muerte del fiscal Nisman, etapa en la que la valoraci\u00f3n hab\u00eda descendido, al tiempo que \u00abest\u00e1 mejorando la evaluaci\u00f3n de la econom\u00eda por parte de la gente\u00bb.<\/p>\n<p>Seg\u00fan Costa, tras el impacto de la muerte de Nisman en febrero, \u00abla aprobaci\u00f3n de la gesti\u00f3n de Cristina baj\u00f3 de 51 puntos a 42\u00bb; sin embargo, un mes y medio despu\u00e9s, \u00abbaj\u00f3 la credibilidad\u00bb del fallecido fiscal y \u00absubi\u00f3 de nuevo la aprobaci\u00f3n de la gesti\u00f3n de gobierno\u00bb.<\/p>\n","protected":false},"excerpt":{"rendered":"<p>El nivel de aceptaci\u00f3n de la Presidenta es del 40%, seg\u00fan las encuestas. Este gobierno \u00abllega al final mucho m\u00e1s fuerte que los anteriores desde que se recuper\u00f3 la democracia\u00bb, asegur\u00f3 el titular de la consultora Poliarqu\u00eda, Eduardo Fidanza.<\/p>\n","protected":false},"author":8,"featured_media":0,"comment_status":"open","ping_status":"open","sticky":false,"template":"","format":"standard","meta":{"_jetpack_newsletter_access":"","_jetpack_dont_email_post_to_subs":false,"_jetpack_newsletter_tier_id":0,"_jetpack_memberships_contains_paywalled_content":false,"_jetpack_memberships_contains_paid_content":false,"footnotes":""},"categories":[51],"tags":[],"class_list":["post-63929","post","type-post","status-publish","format-standard","hentry","category-politica"],"jetpack_shortlink":"https:\/\/wp.me\/p2JWE0-gD7","jetpack-related-posts":[{"id":63467,"url":"http:\/\/www.24baires.com\/?p=63467","url_meta":{"origin":63929,"position":0},"title":"Frente para la Victoria es la fuerza con m\u00e1s intenci\u00f3n de voto","author":"GB","date":"22\/03\/2015","format":false,"excerpt":"Una encuesta elaborada por la consultora Poliarqu\u00eda arroja que el Frente para la Victoria es la fuerza nacional con mayor intenci\u00f3n de voto tanto en las PASO como en las elecciones generales de octubre. La consultora Poliarqu\u00eda difundi\u00f3 una muestra nacional sobre preferencias electorales de cara a las primarias abiertas\u2026","rel":"","context":"En \u00abPol\u00edtica\u00bb","block_context":{"text":"Pol\u00edtica","link":"http:\/\/www.24baires.com\/?cat=51"},"img":{"alt_text":"URNAS VOTOS","src":"https:\/\/i0.wp.com\/www.24baires.com\/wp-content\/uploads\/2013\/06\/URNAS-VOTOS.jpg?resize=350%2C200","width":350,"height":200,"srcset":"https:\/\/i0.wp.com\/www.24baires.com\/wp-content\/uploads\/2013\/06\/URNAS-VOTOS.jpg?resize=350%2C200 1x, https:\/\/i0.wp.com\/www.24baires.com\/wp-content\/uploads\/2013\/06\/URNAS-VOTOS.jpg?resize=525%2C300 1.5x"},"classes":[]},{"id":56166,"url":"http:\/\/www.24baires.com\/?p=56166","url_meta":{"origin":63929,"position":1},"title":"A siete a\u00f1os de su elecci\u00f3n, Cristina mantiene una aprobaci\u00f3n del 40%","author":"GB","date":"28\/10\/2014","format":false,"excerpt":"Encuestas publicadas en los \u00faltimos d\u00edas y especialistas en estudios de opini\u00f3n p\u00fablica confirmaron que Cristina Fern\u00e1ndez de Kirchner, tras siete a\u00f1os de ejercicio de la primera magistratura, conserva su liderazgo pol\u00edtico y una imagen positiva entre la poblaci\u00f3n que oscila entre el 40 y el 47%. Cristina Fern\u00e1ndez de\u2026","rel":"","context":"En \u00abPol\u00edtica\u00bb","block_context":{"text":"Pol\u00edtica","link":"http:\/\/www.24baires.com\/?cat=51"},"img":{"alt_text":"cristina1","src":"https:\/\/i0.wp.com\/www.24baires.com\/wp-content\/uploads\/2014\/02\/cristina1.jpg?resize=350%2C200","width":350,"height":200,"srcset":"https:\/\/i0.wp.com\/www.24baires.com\/wp-content\/uploads\/2014\/02\/cristina1.jpg?resize=350%2C200 1x, https:\/\/i0.wp.com\/www.24baires.com\/wp-content\/uploads\/2014\/02\/cristina1.jpg?resize=525%2C300 1.5x"},"classes":[]},{"id":67089,"url":"http:\/\/www.24baires.com\/?p=67089","url_meta":{"origin":63929,"position":2},"title":"Sigue creciendo el \u00edndice de confianza en el Gobierno Nacional","author":"GB","date":"04\/06\/2015","format":false,"excerpt":"Registr\u00f3 un aumento de 10% en mayo respecto de abril. As\u00ed lo establece el informe de \u00cdndice de Confianza en el Gobierno, que elabora la Universidad Torcuato Di Tella, a partir de una investigaci\u00f3n de Poliarqu\u00eda. La mejor\u00eda es m\u00e1s pronunciada si se toman valores interanuales, ya que la confianza\u2026","rel":"","context":"En \u00abPol\u00edtica\u00bb","block_context":{"text":"Pol\u00edtica","link":"http:\/\/www.24baires.com\/?cat=51"},"img":{"alt_text":"cristina4","src":"https:\/\/i0.wp.com\/www.24baires.com\/wp-content\/uploads\/2015\/03\/cristina4.jpg?resize=350%2C200","width":350,"height":200,"srcset":"https:\/\/i0.wp.com\/www.24baires.com\/wp-content\/uploads\/2015\/03\/cristina4.jpg?resize=350%2C200 1x, https:\/\/i0.wp.com\/www.24baires.com\/wp-content\/uploads\/2015\/03\/cristina4.jpg?resize=525%2C300 1.5x"},"classes":[]},{"id":2181,"url":"http:\/\/www.24baires.com\/?p=2181","url_meta":{"origin":63929,"position":3},"title":"Lula estar\u00e1 en Mar del Plata para el Coloquio de IDEA","author":"Grupo Sierra","date":"14\/10\/2012","format":false,"excerpt":"M\u00e1s de 900 ejecutivos debatir\u00e1n sobre el rol de las empresas como motor del desarrollo sustentable y pol\u00edticas para mejorar la inserci\u00f3n argentina en el mundo, en 48 Coloquio Anual de IDEA, que se har\u00e1 entre el mi\u00e9rcoles y el viernes pr\u00f3ximos en Mar del Plata y tendr\u00e1 al ex\u2026","rel":"","context":"En \u00abEconom\u00eda\u00bb","block_context":{"text":"Econom\u00eda","link":"http:\/\/www.24baires.com\/?cat=45"},"img":{"alt_text":"","src":"https:\/\/i0.wp.com\/www.24baires.com\/wp-content\/uploads\/2012\/10\/Lula-da-Silva-580x345.jpg?resize=350%2C200","width":350,"height":200,"srcset":"https:\/\/i0.wp.com\/www.24baires.com\/wp-content\/uploads\/2012\/10\/Lula-da-Silva-580x345.jpg?resize=350%2C200 1x, https:\/\/i0.wp.com\/www.24baires.com\/wp-content\/uploads\/2012\/10\/Lula-da-Silva-580x345.jpg?resize=525%2C300 1.5x"},"classes":[]},{"id":29411,"url":"http:\/\/www.24baires.com\/?p=29411","url_meta":{"origin":63929,"position":4},"title":"Insaurralde, para algunos muy cerca de Sergio Massa, para otros arriba","author":"Grupo Sierra","date":"02\/08\/2013","format":false,"excerpt":"Datos, encuestas, opiniones y vaticinios. A poco m\u00e1s de una semana para las PASO, circulan todo tipo de informaciones sobre los candidatos, sobre todo porcentajes de intenci\u00f3n de voto. Analizando los \u00faltimos d\u00edas, cotejando todas las encuestas y, lo que resulta muy importante, teniendo en cuenta de d\u00f3nde provienen esos\u2026","rel":"","context":"En \u00abOpini\u00f3n\u00bb","block_context":{"text":"Opini\u00f3n","link":"http:\/\/www.24baires.com\/?cat=64"},"img":{"alt_text":"insaurralde otra","src":"https:\/\/i0.wp.com\/www.24baires.com\/wp-content\/uploads\/2013\/06\/insaurralde-otra.jpg?resize=350%2C200","width":350,"height":200,"srcset":"https:\/\/i0.wp.com\/www.24baires.com\/wp-content\/uploads\/2013\/06\/insaurralde-otra.jpg?resize=350%2C200 1x, https:\/\/i0.wp.com\/www.24baires.com\/wp-content\/uploads\/2013\/06\/insaurralde-otra.jpg?resize=525%2C300 1.5x"},"classes":[]},{"id":75908,"url":"http:\/\/www.24baires.com\/?p=75908","url_meta":{"origin":63929,"position":5},"title":"Vidal, cerca de definir su gabinete para la Provincia","author":"GB","date":"02\/12\/2015","format":false,"excerpt":"La gobernadora electa bonaerense debe definir qui\u00e9nes estar\u00e1n a cargo de los ministerios de Salud y de Trabajo, en un equipo en el que el \u00fanico radical ser\u00e1 el designado ministro de Producci\u00f3n, Jorge Elustondo. Seg\u00fan confirmaron a T\u00e9lam altas fuentes del vidalismo, la futura gobernadora se reunir\u00e1 entre hoy\u2026","rel":"","context":"En \u00abPol\u00edtica\u00bb","block_context":{"text":"Pol\u00edtica","link":"http:\/\/www.24baires.com\/?cat=51"},"img":{"alt_text":"vidal","src":"https:\/\/i0.wp.com\/www.24baires.com\/wp-content\/uploads\/2014\/05\/vidal2.jpg?resize=350%2C200","width":350,"height":200,"srcset":"https:\/\/i0.wp.com\/www.24baires.com\/wp-content\/uploads\/2014\/05\/vidal2.jpg?resize=350%2C200 1x, https:\/\/i0.wp.com\/www.24baires.com\/wp-content\/uploads\/2014\/05\/vidal2.jpg?resize=525%2C300 1.5x"},"classes":[]}],"jetpack_sharing_enabled":true,"jetpack_likes_enabled":true,"jetpack_featured_media_url":"","_links":{"self":[{"href":"http:\/\/www.24baires.com\/index.php?rest_route=\/wp\/v2\/posts\/63929","targetHints":{"allow":["GET"]}}],"collection":[{"href":"http:\/\/www.24baires.com\/index.php?rest_route=\/wp\/v2\/posts"}],"about":[{"href":"http:\/\/www.24baires.com\/index.php?rest_route=\/wp\/v2\/types\/post"}],"author":[{"embeddable":true,"href":"http:\/\/www.24baires.com\/index.php?rest_route=\/wp\/v2\/users\/8"}],"replies":[{"embeddable":true,"href":"http:\/\/www.24baires.com\/index.php?rest_route=%2Fwp%2Fv2%2Fcomments&post=63929"}],"version-history":[{"count":2,"href":"http:\/\/www.24baires.com\/index.php?rest_route=\/wp\/v2\/posts\/63929\/revisions"}],"predecessor-version":[{"id":63931,"href":"http:\/\/www.24baires.com\/index.php?rest_route=\/wp\/v2\/posts\/63929\/revisions\/63931"}],"wp:attachment":[{"href":"http:\/\/www.24baires.com\/index.php?rest_route=%2Fwp%2Fv2%2Fmedia&parent=63929"}],"wp:term":[{"taxonomy":"category","embeddable":true,"href":"http:\/\/www.24baires.com\/index.php?rest_route=%2Fwp%2Fv2%2Fcategories&post=63929"},{"taxonomy":"post_tag","embeddable":true,"href":"http:\/\/www.24baires.com\/index.php?rest_route=%2Fwp%2Fv2%2Ftags&post=63929"}],"curies":[{"name":"wp","href":"https:\/\/api.w.org\/{rel}","templated":true}]}}