{"id":63926,"date":"2015-04-06T19:30:10","date_gmt":"2015-04-06T22:30:10","guid":{"rendered":"http:\/\/www.24baires.com\/?p=63926"},"modified":"2015-04-06T21:10:32","modified_gmt":"2015-04-07T00:10:32","slug":"colctiveros-piden-aumento-salarial-de-como-minimo-un-40-por-ciento","status":"publish","type":"post","link":"http:\/\/www.24baires.com\/?p=63926","title":{"rendered":"Colectiveros piden aumento salarial de \u00abcomo m\u00ednimo un 40 por ciento\u00bb"},"content":{"rendered":"<p><img data-recalc-dims=\"1\" loading=\"lazy\" decoding=\"async\" class=\"aligncenter size-full wp-image-60433\" src=\"https:\/\/i0.wp.com\/www.24baires.com\/wp-content\/uploads\/2015\/01\/colectivos-micro-bah%C3%ADa-blanca.jpg?resize=560%2C395\" alt=\"colectivos micro bah\u00eda blanca\" width=\"560\" height=\"395\" srcset=\"https:\/\/i0.wp.com\/www.24baires.com\/wp-content\/uploads\/2015\/01\/colectivos-micro-bah%C3%ADa-blanca.jpg?w=560 560w, https:\/\/i0.wp.com\/www.24baires.com\/wp-content\/uploads\/2015\/01\/colectivos-micro-bah%C3%ADa-blanca.jpg?resize=300%2C212 300w\" sizes=\"auto, (max-width: 560px) 100vw, 560px\" \/>El titular de la Uni\u00f3n Tranviarios Automotor (UTA), Roberto Fern\u00e1ndez, adelant\u00f3 hoy que su gremio reclamar\u00e1 \u00abcomo m\u00ednimo un 40 por ciento\u00bb de aumento en las discusiones paritarias de esa actividad, que se reanudar\u00e1n la pr\u00f3xima semana.<!--more--><\/p>\n<p>Yo voy a pedir como m\u00ednimo un 40 por ciento\u00bb de aumento, adelant\u00f3 a DyN Fern\u00e1ndez, qui\u00e9n reiter\u00f3 su deseo de \u00ablograr a la brevedad, la unificaci\u00f3n\u00bb de los tres sectores en que est\u00e1 dividida la CGT.<\/p>\n<p>Fern\u00e1ndez record\u00f3 que en enero pasado la UTA pact\u00f3 con las c\u00e1maras empresarias del sector un aumento no remunerativo de 5000 pesos dividido en tres cuotas, a cuenta de las paritarias.<\/p>\n<p>Detall\u00f3 que en enero pasado los conductores de colectivos recibieron a cuenta de las paritarias, un incremento \u00abde 2000 pesos, en febrero de 1500 pesos y en marzo de otros 1500\u00bb al tiempo que record\u00f3 que \u00abla pr\u00f3xima semana vamos a retomar las negociaciones\u00bb.<\/p>\n<p>&nbsp;<\/p>\n<p>&nbsp;<\/p>\n<p>&nbsp;<\/p>\n<p>&nbsp;<\/p>\n<p>&nbsp;<\/p>\n<p>&nbsp;<\/p>\n<p>&nbsp;<\/p>\n<p>&nbsp;<\/p>\n<p>&nbsp;<\/p>\n<p>&nbsp;<\/p>\n<p>&nbsp;<\/p>\n<p>&nbsp;<\/p>\n<p>&nbsp;<\/p>\n","protected":false},"excerpt":{"rendered":"<p>El titular de la Uni\u00f3n Tranviarios Automotor (UTA), Roberto Fern\u00e1ndez, adelant\u00f3 hoy que su gremio reclamar\u00e1 \u00abcomo m\u00ednimo un 40 por ciento\u00bb de aumento en las discusiones paritarias de esa actividad, que se reanudar\u00e1n la pr\u00f3xima semana.<\/p>\n","protected":false},"author":8,"featured_media":0,"comment_status":"open","ping_status":"open","sticky":false,"template":"","format":"standard","meta":{"_jetpack_newsletter_access":"","_jetpack_dont_email_post_to_subs":false,"_jetpack_newsletter_tier_id":0,"_jetpack_memberships_contains_paywalled_content":false,"_jetpack_memberships_contains_paid_content":false,"footnotes":""},"categories":[51],"tags":[],"class_list":["post-63926","post","type-post","status-publish","format-standard","hentry","category-politica"],"jetpack_shortlink":"https:\/\/wp.me\/p2JWE0-gD4","jetpack-related-posts":[{"id":113678,"url":"http:\/\/www.24baires.com\/?p=113678","url_meta":{"origin":63926,"position":0},"title":"El Gobierno oficializ\u00f3 el aumento de 4000 pesos para los trabajadores privados","author":"AF","date":"03\/01\/2020","format":false,"excerpt":"La primera cuota, de 3000 pesos, se pagar\u00e1 con los sueldos de enero y se completar\u00e1 con otros 1000 en febrero. Los aumentos ser\u00e1n de car\u00e1cter remunerativo. Las Pymes que cuenten con su certificado correspondiente quedar\u00e1n eximidas de las cargas patronales durante tres meses. Qu\u00e9 pasar\u00e1 con los empleados p\u00fablicos.\u2026","rel":"","context":"En \u00abSociedad\u00bb","block_context":{"text":"Sociedad","link":"http:\/\/www.24baires.com\/?cat=1"},"img":{"alt_text":"","src":"https:\/\/i0.wp.com\/www.24baires.com\/wp-content\/uploads\/2018\/05\/industriales.jpg?resize=350%2C200","width":350,"height":200,"srcset":"https:\/\/i0.wp.com\/www.24baires.com\/wp-content\/uploads\/2018\/05\/industriales.jpg?resize=350%2C200 1x, https:\/\/i0.wp.com\/www.24baires.com\/wp-content\/uploads\/2018\/05\/industriales.jpg?resize=525%2C300 1.5x"},"classes":[]},{"id":104530,"url":"http:\/\/www.24baires.com\/?p=104530","url_meta":{"origin":63926,"position":1},"title":"Transporte confirm\u00f3 que adhiere al paro del 25 de septiembre","author":"GB","date":"18\/09\/2018","format":false,"excerpt":"Pese a los intentos del Gobierno por disuadir a los referentes gremiales, Roberto Fern\u00e1ndez, secretario general de la UTA, asegur\u00f3 que el sindicato acompa\u00f1ar\u00e1 el paro nacional anunciado para el pr\u00f3ximo martes y adelant\u00f3 que prev\u00e9n un alto acatamiento. Los gremios del transporte p\u00fablico, vitales para la contundencia de un\u2026","rel":"","context":"En \u00abPol\u00edtica\u00bb","block_context":{"text":"Pol\u00edtica","link":"http:\/\/www.24baires.com\/?cat=51"},"img":{"alt_text":"","src":"https:\/\/i0.wp.com\/www.24baires.com\/wp-content\/uploads\/2014\/08\/colectivo-112-lan%C3%BAs.jpg?resize=350%2C200","width":350,"height":200,"srcset":"https:\/\/i0.wp.com\/www.24baires.com\/wp-content\/uploads\/2014\/08\/colectivo-112-lan%C3%BAs.jpg?resize=350%2C200 1x, https:\/\/i0.wp.com\/www.24baires.com\/wp-content\/uploads\/2014\/08\/colectivo-112-lan%C3%BAs.jpg?resize=525%2C300 1.5x"},"classes":[]},{"id":121110,"url":"http:\/\/www.24baires.com\/?p=121110","url_meta":{"origin":63926,"position":2},"title":"Tras fracasar la paritaria salarial, la UTA comienza un paro de 48 horas en el interior del pa\u00eds","author":"GB","date":"13\/03\/2024","format":false,"excerpt":"La Uni\u00f3n Tranviarios Automotor (UTA) anunci\u00f3 un paro de colectivos en el interior del pa\u00eds ante la falta de acuerdo paritario con los empresarios del sector. La Uni\u00f3n Tranviarios Automotor (UTA) anunci\u00f3 un paro de colectivos en el interior del pa\u00eds, tras fracasar en la audiencia con la Federaci\u00f3n Argentina\u2026","rel":"","context":"En \u00abSociedad\u00bb","block_context":{"text":"Sociedad","link":"http:\/\/www.24baires.com\/?cat=1"},"img":{"alt_text":"","src":"https:\/\/i0.wp.com\/www.24baires.com\/wp-content\/uploads\/2024\/03\/colectivos.webp?resize=350%2C200","width":350,"height":200,"srcset":"https:\/\/i0.wp.com\/www.24baires.com\/wp-content\/uploads\/2024\/03\/colectivos.webp?resize=350%2C200 1x, https:\/\/i0.wp.com\/www.24baires.com\/wp-content\/uploads\/2024\/03\/colectivos.webp?resize=525%2C300 1.5x, https:\/\/i0.wp.com\/www.24baires.com\/wp-content\/uploads\/2024\/03\/colectivos.webp?resize=700%2C400 2x"},"classes":[]},{"id":67727,"url":"http:\/\/www.24baires.com\/?p=67727","url_meta":{"origin":63926,"position":3},"title":"La UTA amenaza con realizar un nuevo paro la semana pr\u00f3xima","author":"AF","date":"17\/06\/2015","format":false,"excerpt":"Los transportistas reclaman un 32 por ciento de aumento, mientras que el sector empleador ofrece una suba salarial del 27 por ciento. Alegan que no hay avance en la negociaci\u00f3n. La Uni\u00f3n Tranviarios Automotor (UTA) anunci\u00f3 que la pr\u00f3xima semana realizar\u00e1 un paro de 24 horas en los servicios del\u2026","rel":"","context":"En \u00abSociedad\u00bb","block_context":{"text":"Sociedad","link":"http:\/\/www.24baires.com\/?cat=1"},"img":{"alt_text":"","src":"","width":0,"height":0},"classes":[]},{"id":58636,"url":"http:\/\/www.24baires.com\/?p=58636","url_meta":{"origin":63926,"position":4},"title":"Capitanich: \u00abLa cifra planteada por la UTA es absolutamente exagerada\u00bb","author":"AF","date":"15\/12\/2014","format":false,"excerpt":"Jorge Capitanich sali\u00f3 hoy al cruce del titular de la Uni\u00f3n Tranviarios Automotor, Roberto Fern\u00e1ndez, qui\u00e9n anticip\u00f3 que para la pr\u00f3xima paritaria del sector pedir\u00e1n un incremento del 50 %. Al contestarle al sindicalista del transporte, Capitanich consider\u00f3: \"Nosotros creemos que en el proceso de paritarias (el sector automotor) tendr\u00e1\u2026","rel":"","context":"En \u00abSociedad\u00bb","block_context":{"text":"Sociedad","link":"http:\/\/www.24baires.com\/?cat=1"},"img":{"alt_text":"capitanich 4","src":"https:\/\/i0.wp.com\/www.24baires.com\/wp-content\/uploads\/2014\/09\/capitanich-4.jpg?resize=350%2C200","width":350,"height":200,"srcset":"https:\/\/i0.wp.com\/www.24baires.com\/wp-content\/uploads\/2014\/09\/capitanich-4.jpg?resize=350%2C200 1x, https:\/\/i0.wp.com\/www.24baires.com\/wp-content\/uploads\/2014\/09\/capitanich-4.jpg?resize=525%2C300 1.5x"},"classes":[]},{"id":120195,"url":"http:\/\/www.24baires.com\/?p=120195","url_meta":{"origin":63926,"position":5},"title":"Provincia convoc\u00f3 a los estatales a una paritaria salarial","author":"GB","date":"16\/06\/2023","format":false,"excerpt":"Desde ATE confirmaron que la Provincia convoc\u00f3 a los gremios de estatales a una paritaria salarial el pr\u00f3ximo jueves. Luego del pedido de reapertura de negociaci\u00f3n paritaria que efectuaron los gremios de trabajadores estatales, la Provincia convoc\u00f3 hoy a una nueva reuni\u00f3n con las entidades sindicales a desarrollarse el pr\u00f3ximo\u2026","rel":"","context":"En \u00abProvincia\u00bb","block_context":{"text":"Provincia","link":"http:\/\/www.24baires.com\/?cat=40"},"img":{"alt_text":"","src":"https:\/\/i0.wp.com\/www.24baires.com\/wp-content\/uploads\/2023\/06\/ate-paritaria.webp?resize=350%2C200","width":350,"height":200,"srcset":"https:\/\/i0.wp.com\/www.24baires.com\/wp-content\/uploads\/2023\/06\/ate-paritaria.webp?resize=350%2C200 1x, https:\/\/i0.wp.com\/www.24baires.com\/wp-content\/uploads\/2023\/06\/ate-paritaria.webp?resize=525%2C300 1.5x, https:\/\/i0.wp.com\/www.24baires.com\/wp-content\/uploads\/2023\/06\/ate-paritaria.webp?resize=700%2C400 2x"},"classes":[]}],"jetpack_sharing_enabled":true,"jetpack_likes_enabled":true,"jetpack_featured_media_url":"","_links":{"self":[{"href":"http:\/\/www.24baires.com\/index.php?rest_route=\/wp\/v2\/posts\/63926","targetHints":{"allow":["GET"]}}],"collection":[{"href":"http:\/\/www.24baires.com\/index.php?rest_route=\/wp\/v2\/posts"}],"about":[{"href":"http:\/\/www.24baires.com\/index.php?rest_route=\/wp\/v2\/types\/post"}],"author":[{"embeddable":true,"href":"http:\/\/www.24baires.com\/index.php?rest_route=\/wp\/v2\/users\/8"}],"replies":[{"embeddable":true,"href":"http:\/\/www.24baires.com\/index.php?rest_route=%2Fwp%2Fv2%2Fcomments&post=63926"}],"version-history":[{"count":2,"href":"http:\/\/www.24baires.com\/index.php?rest_route=\/wp\/v2\/posts\/63926\/revisions"}],"predecessor-version":[{"id":63937,"href":"http:\/\/www.24baires.com\/index.php?rest_route=\/wp\/v2\/posts\/63926\/revisions\/63937"}],"wp:attachment":[{"href":"http:\/\/www.24baires.com\/index.php?rest_route=%2Fwp%2Fv2%2Fmedia&parent=63926"}],"wp:term":[{"taxonomy":"category","embeddable":true,"href":"http:\/\/www.24baires.com\/index.php?rest_route=%2Fwp%2Fv2%2Fcategories&post=63926"},{"taxonomy":"post_tag","embeddable":true,"href":"http:\/\/www.24baires.com\/index.php?rest_route=%2Fwp%2Fv2%2Ftags&post=63926"}],"curies":[{"name":"wp","href":"https:\/\/api.w.org\/{rel}","templated":true}]}}