{"id":63920,"date":"2015-04-06T18:24:37","date_gmt":"2015-04-06T21:24:37","guid":{"rendered":"http:\/\/www.24baires.com\/?p=63920"},"modified":"2015-04-06T17:27:14","modified_gmt":"2015-04-06T20:27:14","slug":"ex-ministra-condenada-a-tres-anos-de-prision-en-suspenso","status":"publish","type":"post","link":"http:\/\/www.24baires.com\/?p=63920","title":{"rendered":"Ex ministra, condenada a tres a\u00f1os de prisi\u00f3n en suspenso"},"content":{"rendered":"<p><img data-recalc-dims=\"1\" loading=\"lazy\" decoding=\"async\" class=\"aligncenter size-full wp-image-63921\" src=\"https:\/\/i0.wp.com\/www.24baires.com\/wp-content\/uploads\/2015\/04\/miceli.jpg?resize=560%2C407\" alt=\"miceli\" width=\"560\" height=\"407\" srcset=\"https:\/\/i0.wp.com\/www.24baires.com\/wp-content\/uploads\/2015\/04\/miceli.jpg?w=560 560w, https:\/\/i0.wp.com\/www.24baires.com\/wp-content\/uploads\/2015\/04\/miceli.jpg?resize=300%2C218 300w\" sizes=\"auto, (max-width: 560px) 100vw, 560px\" \/>La ex ministra de Econom\u00eda no ir\u00e1 presa. Se trata de la nueva pena que se le estableci\u00f3 a la ex funcionaria. Los jueces ordenaron adem\u00e1s el decomiso de los 100 mil pesos y 31.670 d\u00f3lares.<!--more--><\/p>\n<p>El Tribunal Oral Federal 1 impuso la pena de 3 a\u00f1os de prisi\u00f3n de \u00abejecuci\u00f3n condicional\u00bb e inhabilitaci\u00f3n por seis a\u00f1os para ejercer cargos p\u00fablicos a la ex ministra de Econom\u00eda Felisa Miceli por el dinero encontrado en el ba\u00f1o de su despacho del Ministerio en 2007, una bolsa con 100 mil pesos y 31.670 d\u00f3lares. Los jueces ordenaron adem\u00e1s el decomiso del dinero.<\/p>\n<p>Se trata de la nueva pena que se le estableci\u00f3 a la ex funcionaria, ya que si bien ya hab\u00eda sido condenada, la C\u00e1mara de Casaci\u00f3n orden\u00f3 la imposici\u00f3n de un nuevo monto.<\/p>\n<p>Miceli hab\u00eda sido condenada en diciembre de 2012 por el Tribunal Oral Federal 2 a cuatro a\u00f1os de prisi\u00f3n e inhabilitaci\u00f3n de ocho a\u00f1os para ejercer cargos p\u00fablicos por los delitos de encubrimiento de efectos provenientes de un delito y sustracci\u00f3n y ocultamiento de un documento confiado a la custodia de un funcionario p\u00fablico, en ambos casos agravados por su cargo de funcionaria p\u00fablica.<\/p>\n<p>Luego Casaci\u00f3n confirm\u00f3 que Miceli cometi\u00f3 los delitos pero entendi\u00f3 que el Tribunal no hab\u00eda fundamentado adecuadamente la pena impuesta a la ex ministra y orden\u00f3 que otro tribunal dicte un nuevo pronunciamiento.<\/p>\n<p>Antes de la lectura del veredicto, Felisa Miceli se quebr\u00f3, y rompi\u00f3 en llanto frente al tribunal.<\/p>\n<p>\u00abSer\u00eda tremenda injusticia que yo vaya presa, estoy arrepentida de haber llevado el dinero, fue un error. Nunca jam\u00e1s voy a ocupar un cargo p\u00fablico, ya aprend\u00ed la lecci\u00f3n\u00bb, fueron las \u00faltimas palabras de Miceli antes de escuchar el monto de la pena.<\/p>\n<p>\u00abNo es por miedo, es porque me da rabia, me da pena, tanta injusticia\u00bb, dijo Felisa ya quebrada ante el tribunal oral.<\/p>\n<p>Antes, el fiscal Juan Garc\u00eda Elorrio pidi\u00f3 que la ex ministra de Econom\u00eda Miceli sea condenada a la pena de 3 a\u00f1os y seis meses de prisi\u00f3n por el hallazgo en su despacho de una bolsa de dinero.<\/p>\n<p>El 5 de junio de 2007 en una inspecci\u00f3n de rutina la Brigada de Explosivos encontr\u00f3 una bolsa en el despacho de Miceli, en cuyo interior hab\u00eda 100 mil pesos y 31.670 d\u00f3lares. Ese hallazgo motiv\u00f3 la investigaci\u00f3n.<\/p>\n<p>Miceli fue la primera funcionaria kirchnerista que result\u00f3 condenada, ya que la sentencia fue dictada en 2012.<\/p>\n<p>&nbsp;<\/p>\n<p>&nbsp;<\/p>\n<p>&nbsp;<\/p>\n<p>&nbsp;<\/p>\n<p>&nbsp;<\/p>\n<p>&nbsp;<\/p>\n<p>&nbsp;<\/p>\n<p>&nbsp;<\/p>\n<p>&nbsp;<\/p>\n<p>&nbsp;<\/p>\n<p>&nbsp;<\/p>\n<p>&nbsp;<\/p>\n<p>&nbsp;<\/p>\n<p>&nbsp;<\/p>\n","protected":false},"excerpt":{"rendered":"<p>La ex ministra de Econom\u00eda no ir\u00e1 presa. Se trata de la nueva pena que se le estableci\u00f3 a la ex funcionaria. Los jueces ordenaron adem\u00e1s el decomiso de los 100 mil pesos y 31.670 d\u00f3lares.<\/p>\n","protected":false},"author":8,"featured_media":0,"comment_status":"open","ping_status":"open","sticky":false,"template":"","format":"standard","meta":{"_jetpack_newsletter_access":"","_jetpack_dont_email_post_to_subs":false,"_jetpack_newsletter_tier_id":0,"_jetpack_memberships_contains_paywalled_content":false,"_jetpack_memberships_contains_paid_content":false,"footnotes":""},"categories":[51],"tags":[],"class_list":["post-63920","post","type-post","status-publish","format-standard","hentry","category-politica"],"jetpack_shortlink":"https:\/\/wp.me\/p2JWE0-gCY","jetpack-related-posts":[{"id":48720,"url":"http:\/\/www.24baires.com\/?p=48720","url_meta":{"origin":63920,"position":0},"title":"Felisa Miceli quiere \u00abzafar\u00bb de los cuatro a\u00f1os de prisi\u00f3n","author":"Grupo Sierra","date":"25\/06\/2014","format":false,"excerpt":"La ex ministra de Econom\u00eda pidi\u00f3 que se le revoque la condena a cuatro a\u00f1os de prisi\u00f3n por los 100 mil pesos y 31.670 d\u00f3lares que se encontraron en el ba\u00f1o de su despacho. Los abogados de Miceli hicieron el pedido en una audiencia ante la Sala II de la\u2026","rel":"","context":"En \u00abJUDICIALES\u00bb","block_context":{"text":"JUDICIALES","link":"http:\/\/www.24baires.com\/?cat=68"},"img":{"alt_text":"miceli 2","src":"https:\/\/i0.wp.com\/www.24baires.com\/wp-content\/uploads\/2012\/10\/miceli-2.jpg?resize=350%2C200","width":350,"height":200,"srcset":"https:\/\/i0.wp.com\/www.24baires.com\/wp-content\/uploads\/2012\/10\/miceli-2.jpg?resize=350%2C200 1x, https:\/\/i0.wp.com\/www.24baires.com\/wp-content\/uploads\/2012\/10\/miceli-2.jpg?resize=525%2C300 1.5x"},"classes":[]},{"id":50195,"url":"http:\/\/www.24baires.com\/?p=50195","url_meta":{"origin":63920,"position":1},"title":"Casaci\u00f3n confirm\u00f3 la condena para Felisa Miceli","author":"Grupo Sierra","date":"19\/07\/2014","format":false,"excerpt":"La pena es por \"encubrimiento agravado\" de una maniobra financiera il\u00edcita. Hab\u00edan encontrado 100 pesos y 31.670 d\u00f3lares en el ba\u00f1o de su despacho. La C\u00e1mara Federal de Casaci\u00f3n Penal confirm\u00f3 hoy la condena a la ex ministra de Econom\u00eda, Felisa Miceli por el caso de la bolsa de dinero\u2026","rel":"","context":"En \u00abJUDICIALES\u00bb","block_context":{"text":"JUDICIALES","link":"http:\/\/www.24baires.com\/?cat=68"},"img":{"alt_text":"miceli 2","src":"https:\/\/i0.wp.com\/www.24baires.com\/wp-content\/uploads\/2012\/10\/miceli-2.jpg?resize=350%2C200","width":350,"height":200,"srcset":"https:\/\/i0.wp.com\/www.24baires.com\/wp-content\/uploads\/2012\/10\/miceli-2.jpg?resize=350%2C200 1x, https:\/\/i0.wp.com\/www.24baires.com\/wp-content\/uploads\/2012\/10\/miceli-2.jpg?resize=525%2C300 1.5x"},"classes":[]},{"id":3710,"url":"http:\/\/www.24baires.com\/?p=3710","url_meta":{"origin":63920,"position":2},"title":"Comenz\u00f3 el juicio a Felisa Miceli: se neg\u00f3 a declarar","author":"AF","date":"29\/10\/2012","format":false,"excerpt":"La ex ministra de Econom\u00eda Felisa Miceli se neg\u00f3 hoy a declarar en el juicio juicio oral y p\u00fablico que se le inici\u00f3 por el hallazgo de una bolsa con 100 mil pesos y 31.670 d\u00f3lares dentro del ba\u00f1o en su\u00a0entonces despacho. \"Prefiero declarar en otro momento. Mis abogados me\u2026","rel":"","context":"En \u00abPol\u00edtica\u00bb","block_context":{"text":"Pol\u00edtica","link":"http:\/\/www.24baires.com\/?cat=51"},"img":{"alt_text":"","src":"","width":0,"height":0},"classes":[]},{"id":8127,"url":"http:\/\/www.24baires.com\/?p=8127","url_meta":{"origin":63920,"position":3},"title":"Comienza la etapa final del juicio a Felisa Miceli","author":"AF","date":"06\/12\/2012","format":false,"excerpt":"Este mi\u00e9rcoles finalizaron las declaraciones testimoniales ante el tribunal. La ex funcionaria es juzgada por el dinero hallado en el a\u00f1o 2007 en el ba\u00f1o privado de su despacho en el Palacio de Hacienda. El pr\u00f3ximo martes arrancar\u00e1n los alegatos. El Tribunal Oral en lo Criminal Federal N\u00b0 2 de\u2026","rel":"","context":"En \u00abPol\u00edtica\u00bb","block_context":{"text":"Pol\u00edtica","link":"http:\/\/www.24baires.com\/?cat=51"},"img":{"alt_text":"","src":"","width":0,"height":0},"classes":[]},{"id":104883,"url":"http:\/\/www.24baires.com\/?p=104883","url_meta":{"origin":63920,"position":4},"title":"Tragedia de Once: condenaron a De Vido a 5 a\u00f1os y 8 meses de prisi\u00f3n","author":"GB","date":"11\/10\/2018","format":false,"excerpt":"El ex ministro de Planificaci\u00f3n, detenido en la c\u00e1rcel de Marcos Paz, fue inhabilitado de por vida para ejercer cargos p\u00fablicos. El ex ministro de Planificaci\u00f3n Federal Julio De Vido fue condenado a 5 a\u00f1os y 8 meses de prisi\u00f3n por el Tribunal Oral Federal 4, integrado por los jueces\u2026","rel":"","context":"En \u00abJUDICIALES\u00bb","block_context":{"text":"JUDICIALES","link":"http:\/\/www.24baires.com\/?cat=68"},"img":{"alt_text":"","src":"https:\/\/i0.wp.com\/www.24baires.com\/wp-content\/uploads\/2013\/10\/tragedia-once.jpg?resize=350%2C200","width":350,"height":200,"srcset":"https:\/\/i0.wp.com\/www.24baires.com\/wp-content\/uploads\/2013\/10\/tragedia-once.jpg?resize=350%2C200 1x, https:\/\/i0.wp.com\/www.24baires.com\/wp-content\/uploads\/2013\/10\/tragedia-once.jpg?resize=525%2C300 1.5x"},"classes":[]},{"id":107397,"url":"http:\/\/www.24baires.com\/?p=107397","url_meta":{"origin":63920,"position":5},"title":"Condenaron a Menem y a Cavallo a m\u00e1s de tres a\u00f1os de prisi\u00f3n por la venta del predio de La Rural","author":"AF","date":"27\/03\/2019","format":false,"excerpt":"El ex presidente fue sentenciado por el delito de peculado, por lo que le decretaron la inhabilitaci\u00f3n perpetua para ejercer cargos p\u00fablicos. Su otrora ministro de Econom\u00eda fue part\u00edcipe necesario en el caso. El ex presidente Carlos Menem fue condenado este mi\u00e9rcoles a tres a\u00f1os y nueve meses de c\u00e1rcel\u2026","rel":"","context":"En \u00abJUDICIALES\u00bb","block_context":{"text":"JUDICIALES","link":"http:\/\/www.24baires.com\/?cat=68"},"img":{"alt_text":"","src":"https:\/\/i0.wp.com\/www.24baires.com\/wp-content\/uploads\/2015\/12\/cavallo-menem.jpg?resize=350%2C200","width":350,"height":200,"srcset":"https:\/\/i0.wp.com\/www.24baires.com\/wp-content\/uploads\/2015\/12\/cavallo-menem.jpg?resize=350%2C200 1x, https:\/\/i0.wp.com\/www.24baires.com\/wp-content\/uploads\/2015\/12\/cavallo-menem.jpg?resize=525%2C300 1.5x"},"classes":[]}],"jetpack_sharing_enabled":true,"jetpack_likes_enabled":true,"jetpack_featured_media_url":"","_links":{"self":[{"href":"http:\/\/www.24baires.com\/index.php?rest_route=\/wp\/v2\/posts\/63920","targetHints":{"allow":["GET"]}}],"collection":[{"href":"http:\/\/www.24baires.com\/index.php?rest_route=\/wp\/v2\/posts"}],"about":[{"href":"http:\/\/www.24baires.com\/index.php?rest_route=\/wp\/v2\/types\/post"}],"author":[{"embeddable":true,"href":"http:\/\/www.24baires.com\/index.php?rest_route=\/wp\/v2\/users\/8"}],"replies":[{"embeddable":true,"href":"http:\/\/www.24baires.com\/index.php?rest_route=%2Fwp%2Fv2%2Fcomments&post=63920"}],"version-history":[{"count":1,"href":"http:\/\/www.24baires.com\/index.php?rest_route=\/wp\/v2\/posts\/63920\/revisions"}],"predecessor-version":[{"id":63922,"href":"http:\/\/www.24baires.com\/index.php?rest_route=\/wp\/v2\/posts\/63920\/revisions\/63922"}],"wp:attachment":[{"href":"http:\/\/www.24baires.com\/index.php?rest_route=%2Fwp%2Fv2%2Fmedia&parent=63920"}],"wp:term":[{"taxonomy":"category","embeddable":true,"href":"http:\/\/www.24baires.com\/index.php?rest_route=%2Fwp%2Fv2%2Fcategories&post=63920"},{"taxonomy":"post_tag","embeddable":true,"href":"http:\/\/www.24baires.com\/index.php?rest_route=%2Fwp%2Fv2%2Ftags&post=63920"}],"curies":[{"name":"wp","href":"https:\/\/api.w.org\/{rel}","templated":true}]}}