{"id":63918,"date":"2015-04-06T17:24:59","date_gmt":"2015-04-06T20:24:59","guid":{"rendered":"http:\/\/www.24baires.com\/?p=63918"},"modified":"2015-04-06T17:24:59","modified_gmt":"2015-04-06T20:24:59","slug":"cristina-recibe-en-olivos-a-de-pedro-zannini-y-a-kicillof","status":"publish","type":"post","link":"http:\/\/www.24baires.com\/?p=63918","title":{"rendered":"Cristina recibe en Olivos a de Pedro, Zannini y a Kicillof"},"content":{"rendered":"<p><img data-recalc-dims=\"1\" loading=\"lazy\" decoding=\"async\" class=\"aligncenter wp-image-51786 size-full\" src=\"https:\/\/i0.wp.com\/www.24baires.com\/wp-content\/uploads\/2014\/08\/cristina-kicillof.jpg?resize=560%2C314\" alt=\"cristina kicillof\" width=\"560\" height=\"314\" srcset=\"https:\/\/i0.wp.com\/www.24baires.com\/wp-content\/uploads\/2014\/08\/cristina-kicillof.jpg?w=560 560w, https:\/\/i0.wp.com\/www.24baires.com\/wp-content\/uploads\/2014\/08\/cristina-kicillof.jpg?resize=300%2C168 300w\" sizes=\"auto, (max-width: 560px) 100vw, 560px\" \/>La presidenta cumplir\u00e1 su actividad oficial en la Residencia de Olivos, donde tiene previsto recibir al secretario general de la Presidencia, al secretario Legal y T\u00e9cnico y m\u00e1s tarde al ministro de Econom\u00eda.<!--more--><\/p>\n<p>La presidenta Cristina Fern\u00e1ndez de Kirchner cumplir\u00e1 esta tarde su actividad oficial en la Residencia de Olivos, donde tiene previsto recibir al secretario general de la Presidencia, Eduardo de Pedro, al secretario Legal y T\u00e9cnico, Carlos Zannini, y m\u00e1s tarde al ministro de Econom\u00eda, Axel Kicillof.<\/p>\n<p>Seg\u00fan se inform\u00f3 oficialmente, los encuentros tendr\u00e1n lugar en el despacho de la Residencia, donde la mandataria tiene previsto recibir a los funcionarios por separado.<\/p>\n<p>&nbsp;<\/p>\n<p>&nbsp;<\/p>\n<p>&nbsp;<\/p>\n<p>&nbsp;<\/p>\n<p>&nbsp;<\/p>\n<p>&nbsp;<\/p>\n<p>&nbsp;<\/p>\n<p>&nbsp;<\/p>\n<p>&nbsp;<\/p>\n<p>&nbsp;<\/p>\n<p>&nbsp;<\/p>\n<p>&nbsp;<\/p>\n<p>&nbsp;<\/p>\n","protected":false},"excerpt":{"rendered":"<p>La presidenta cumplir\u00e1 su actividad oficial en la Residencia de Olivos, donde tiene previsto recibir al secretario general de la Presidencia, al secretario Legal y T\u00e9cnico y m\u00e1s tarde al ministro de Econom\u00eda.<\/p>\n","protected":false},"author":8,"featured_media":0,"comment_status":"open","ping_status":"open","sticky":false,"template":"","format":"standard","meta":{"_jetpack_newsletter_access":"","_jetpack_dont_email_post_to_subs":false,"_jetpack_newsletter_tier_id":0,"_jetpack_memberships_contains_paywalled_content":false,"_jetpack_memberships_contains_paid_content":false,"footnotes":""},"categories":[51],"tags":[],"class_list":["post-63918","post","type-post","status-publish","format-standard","hentry","category-politica"],"jetpack_shortlink":"https:\/\/wp.me\/p2JWE0-gCW","jetpack-related-posts":[{"id":57949,"url":"http:\/\/www.24baires.com\/?p=57949","url_meta":{"origin":63918,"position":0},"title":"Cristina se reunir\u00e1 con Kicillof y Zannini en Olivos","author":"GB","date":"01\/12\/2014","format":false,"excerpt":"Cristina recibir\u00e1 por la tarde al ministro de Econom\u00eda, Axel Kicillof, y al secretario de Legal y T\u00e9cnica, Carlos Zannini, en la residencia presidencial de Olivos, donde realiza su actividad oficial desde la ma\u00f1ana. Adem\u00e1s se inform\u00f3 que esta ma\u00f1ana la Presidenta recibi\u00f3 al secretario general de la Presidencia, Oscar\u2026","rel":"","context":"En \u00abPol\u00edtica\u00bb","block_context":{"text":"Pol\u00edtica","link":"http:\/\/www.24baires.com\/?cat=51"},"img":{"alt_text":"cristina","src":"https:\/\/i0.wp.com\/www.24baires.com\/wp-content\/uploads\/2014\/08\/cristina4.jpg?resize=350%2C200","width":350,"height":200,"srcset":"https:\/\/i0.wp.com\/www.24baires.com\/wp-content\/uploads\/2014\/08\/cristina4.jpg?resize=350%2C200 1x, https:\/\/i0.wp.com\/www.24baires.com\/wp-content\/uploads\/2014\/08\/cristina4.jpg?resize=525%2C300 1.5x"},"classes":[]},{"id":58356,"url":"http:\/\/www.24baires.com\/?p=58356","url_meta":{"origin":63918,"position":1},"title":"Se reprogram\u00f3 la inauguraci\u00f3n del hospital de Mor\u00f3n","author":"GB","date":"09\/12\/2014","format":false,"excerpt":"Cristina Fern\u00e1ndez de Kirchner dispuso pasar para ma\u00f1ana el acto por las condiciones meteorol\u00f3gicas previstas para el d\u00eda de la fecha. Por la tarde, recibir\u00e1 por separado a los ministros en su gabinete de trabajo de la residencia de Olivos. La presidenta Cristina Fern\u00e1ndez de Kirchner recibir\u00e1 esta tarde, por\u2026","rel":"","context":"En \u00abLocales\u00bb","block_context":{"text":"Locales","link":"http:\/\/www.24baires.com\/?cat=38"},"img":{"alt_text":"cristina23","src":"https:\/\/i0.wp.com\/www.24baires.com\/wp-content\/uploads\/2014\/10\/cristina23.jpg?resize=350%2C200","width":350,"height":200,"srcset":"https:\/\/i0.wp.com\/www.24baires.com\/wp-content\/uploads\/2014\/10\/cristina23.jpg?resize=350%2C200 1x, https:\/\/i0.wp.com\/www.24baires.com\/wp-content\/uploads\/2014\/10\/cristina23.jpg?resize=525%2C300 1.5x"},"classes":[]},{"id":57440,"url":"http:\/\/www.24baires.com\/?p=57440","url_meta":{"origin":63918,"position":2},"title":"Cristina recibi\u00f3 en Olivos a Kicillof y Zannini","author":"GB","date":"20\/11\/2014","format":false,"excerpt":"La Presidenta mantuvo un encuentro en horas de la ma\u00f1ana con el ministro de Econom\u00eda y el secretario de Legal y T\u00e9cnica en el que abordaron diferentes temas de la agenda gubernamental. La reuni\u00f3n se realiz\u00f3 en la residencia presidencial de Olivos, donde Cristina completa su recuperaci\u00f3n por indicaci\u00f3n m\u00e9dica,\u2026","rel":"","context":"En \u00abPol\u00edtica\u00bb","block_context":{"text":"Pol\u00edtica","link":"http:\/\/www.24baires.com\/?cat=51"},"img":{"alt_text":"cristina kicillof","src":"https:\/\/i0.wp.com\/www.24baires.com\/wp-content\/uploads\/2014\/08\/cristina-kicillof.jpg?resize=350%2C200","width":350,"height":200,"srcset":"https:\/\/i0.wp.com\/www.24baires.com\/wp-content\/uploads\/2014\/08\/cristina-kicillof.jpg?resize=350%2C200 1x, https:\/\/i0.wp.com\/www.24baires.com\/wp-content\/uploads\/2014\/08\/cristina-kicillof.jpg?resize=525%2C300 1.5x"},"classes":[]},{"id":38102,"url":"http:\/\/www.24baires.com\/?p=38102","url_meta":{"origin":63918,"position":3},"title":"Cristina retom\u00f3 su agenda y volvi\u00f3 a la Casa Rosada","author":"GB","date":"07\/01\/2014","format":false,"excerpt":"La Presidenta arrib\u00f3 esta tarde a la Casa Rosada, luego de haber permanecido 17 d\u00edas descansando en Santa Cruz junto a su familia. La mandataria ingres\u00f3 a Casa de Gobierno esta tarde, y el primero en visitarla fue el secretario de Legal y T\u00e9cnica, Carlos Zannini con el libro de\u2026","rel":"","context":"En \u00abPol\u00edtica\u00bb","block_context":{"text":"Pol\u00edtica","link":"http:\/\/www.24baires.com\/?cat=51"},"img":{"alt_text":"Cristina","src":"https:\/\/i0.wp.com\/www.24baires.com\/wp-content\/uploads\/2013\/12\/Cristina.jpg?resize=350%2C200","width":350,"height":200},"classes":[]},{"id":59285,"url":"http:\/\/www.24baires.com\/?p=59285","url_meta":{"origin":63918,"position":4},"title":"Cristina recibe a funcionarios en Olivos","author":"GB","date":"29\/12\/2014","format":false,"excerpt":"La presidenta Cristina Fern\u00e1ndez de Kirchner desarrolla hoy su actividad oficial en su gabinete de trabajo de la residencia de Olivos, informaron fuentes oficiales. La jefa de Estado, quien sufri\u00f3 una fractura del tobillo izquierdo, recibir\u00e1 esta tarde al jefe de Gabinete, Jorge Capitanich. Poco despu\u00e9s, en forma separada, ingresar\u00e1n\u2026","rel":"","context":"En \u00abPol\u00edtica\u00bb","block_context":{"text":"Pol\u00edtica","link":"http:\/\/www.24baires.com\/?cat=51"},"img":{"alt_text":"cristina","src":"https:\/\/i0.wp.com\/www.24baires.com\/wp-content\/uploads\/2014\/09\/cristina3.jpg?resize=350%2C200","width":350,"height":200,"srcset":"https:\/\/i0.wp.com\/www.24baires.com\/wp-content\/uploads\/2014\/09\/cristina3.jpg?resize=350%2C200 1x, https:\/\/i0.wp.com\/www.24baires.com\/wp-content\/uploads\/2014\/09\/cristina3.jpg?resize=525%2C300 1.5x"},"classes":[]},{"id":63792,"url":"http:\/\/www.24baires.com\/?p=63792","url_meta":{"origin":63918,"position":5},"title":"Cristina se reunir\u00e1 con Kicillof y Juli\u00e1n \u00c1lvarez en Olivos","author":"GB","date":"01\/04\/2015","format":false,"excerpt":"Cristina mantendr\u00e1 esta tarde una agenda de reuniones en la residencia de Olivos. Primero se reunir\u00e1 con el ministro de Econom\u00eda, y m\u00e1s tarde recibir\u00e1 al secretario de Justicia. La Presidenta recibe en Olivos al Ministro de Econom\u00eda, Axel Kicillof, y m\u00e1s tarde al secretario de Justicia, Juli\u00e1n \u00c1lvarez. \u00a0\u2026","rel":"","context":"En \u00abPol\u00edtica\u00bb","block_context":{"text":"Pol\u00edtica","link":"http:\/\/www.24baires.com\/?cat=51"},"img":{"alt_text":"cristina2","src":"https:\/\/i0.wp.com\/www.24baires.com\/wp-content\/uploads\/2015\/03\/cristina2.jpg?resize=350%2C200","width":350,"height":200,"srcset":"https:\/\/i0.wp.com\/www.24baires.com\/wp-content\/uploads\/2015\/03\/cristina2.jpg?resize=350%2C200 1x, https:\/\/i0.wp.com\/www.24baires.com\/wp-content\/uploads\/2015\/03\/cristina2.jpg?resize=525%2C300 1.5x"},"classes":[]}],"jetpack_sharing_enabled":true,"jetpack_likes_enabled":true,"jetpack_featured_media_url":"","_links":{"self":[{"href":"http:\/\/www.24baires.com\/index.php?rest_route=\/wp\/v2\/posts\/63918","targetHints":{"allow":["GET"]}}],"collection":[{"href":"http:\/\/www.24baires.com\/index.php?rest_route=\/wp\/v2\/posts"}],"about":[{"href":"http:\/\/www.24baires.com\/index.php?rest_route=\/wp\/v2\/types\/post"}],"author":[{"embeddable":true,"href":"http:\/\/www.24baires.com\/index.php?rest_route=\/wp\/v2\/users\/8"}],"replies":[{"embeddable":true,"href":"http:\/\/www.24baires.com\/index.php?rest_route=%2Fwp%2Fv2%2Fcomments&post=63918"}],"version-history":[{"count":1,"href":"http:\/\/www.24baires.com\/index.php?rest_route=\/wp\/v2\/posts\/63918\/revisions"}],"predecessor-version":[{"id":63919,"href":"http:\/\/www.24baires.com\/index.php?rest_route=\/wp\/v2\/posts\/63918\/revisions\/63919"}],"wp:attachment":[{"href":"http:\/\/www.24baires.com\/index.php?rest_route=%2Fwp%2Fv2%2Fmedia&parent=63918"}],"wp:term":[{"taxonomy":"category","embeddable":true,"href":"http:\/\/www.24baires.com\/index.php?rest_route=%2Fwp%2Fv2%2Fcategories&post=63918"},{"taxonomy":"post_tag","embeddable":true,"href":"http:\/\/www.24baires.com\/index.php?rest_route=%2Fwp%2Fv2%2Ftags&post=63918"}],"curies":[{"name":"wp","href":"https:\/\/api.w.org\/{rel}","templated":true}]}}