{"id":63908,"date":"2015-04-06T12:54:32","date_gmt":"2015-04-06T15:54:32","guid":{"rendered":"http:\/\/www.24baires.com\/?p=63908"},"modified":"2015-04-06T12:54:32","modified_gmt":"2015-04-06T15:54:32","slug":"stiuso-no-se-presento-en-la-secretaria-de-inteligencia-a-dar-explicaciones","status":"publish","type":"post","link":"http:\/\/www.24baires.com\/?p=63908","title":{"rendered":"Stiuso no se present\u00f3 en la Secretar\u00eda de Inteligencia a dar explicaciones"},"content":{"rendered":"<p>El ex director de Operaciones de la ex SIDE, Horacio Antonio Stiuso, no se present\u00f3 hoy ante las autoridades de la Secretar\u00eda de Inteligencia (SI), para explicar supuestas \u201cconductas dilatorias e irregulares\u201d en su accionar en la investigaci\u00f3n de la causa AMIA, pero s\u00ed lo hizo su abogado, Santiago Blanco Berm\u00fadez, quien dijo que su cliente \u00abse encuentra en el exterior\u00bb.<!--more--><br \/>\n\u00abSe encuentra en el exterior y no tengo contacto con \u00e9l y no tengo c\u00f3mo ubicarlo\u00bb, dijo Berm\u00fadez al retirarse de la sede de la Secretar\u00eda de Inteligencia, ubicada en 25 de Mayo 11, de esta Capital.<br \/>\nLa citaci\u00f3n a Stiuso fue realizada por el actual titular de la SI, Oscar Parrilli, que en una conferencia de prensa realizada el mi\u00e9rcoles pasado anunci\u00f3 que el ex esp\u00eda se ten\u00eda que presentar ante ese organismo para explicar la conducta \u00abdilatoria e irregular\u00bb desplegada en su colaboraci\u00f3n en la causa AMIA.<br \/>\nEl abogado de Stiuso explic\u00f3 que \u00e9l si fue notificado, pero en el caso del ex agente \u00abno se puede decir que se neg\u00f3 a venir, ya que no fue notificado por encontrarse fuera del pa\u00eds\u00bb.<br \/>\nAl explicar el motivo de la citaci\u00f3n, Parrilli explic\u00f3 que en 2005 el fiscal Alberto Nisman y el entonces fiscal (Marcelo Mart\u00ednez) Burgos remitieron a Stiuso \u00abentre 24 y 30 discos compactos con llamadas internacionales entrantes y salientes de la Argentina realizadas entre 1991 y 1996 para efectuar un entrecruzamiento\u00bb.<br \/>\nSin embargo, el ex director de Operaciones \u00abrespond\u00eda que continuaban las tareas\u00bb y la labor asignada nunca se concluy\u00f3, en una actitud que Parrilli calific\u00f3 como \u00abdilatoria e irregular\u00bb.<br \/>\n\u201cAl momento de su jubilaci\u00f3n, Stiuso no hizo entrega de documentaci\u00f3n alguna ni refiri\u00f3 sobre la existencia de tareas en curso, pendientes de respuesta o de importancia y urgencia en relaci\u00f3n a la investigaci\u00f3n\u00bb, dijo Parrilli, y agreg\u00f3 que tampoco \u00abse han encontrado en las distintas \u00e1reas notas o documentos que avalen estas tareas\u00bb.<\/p>\n","protected":false},"excerpt":{"rendered":"<p>El ex director de Operaciones de la ex SIDE, Horacio Antonio Stiuso, no se present\u00f3 hoy ante las autoridades de la Secretar\u00eda de Inteligencia (SI), para explicar supuestas \u201cconductas dilatorias e irregulares\u201d en su accionar en la investigaci\u00f3n de la causa AMIA, pero s\u00ed lo hizo su abogado, Santiago Blanco Berm\u00fadez, quien dijo que su cliente \u00abse encuentra en el [&#8230;]<\/p>\n","protected":false},"author":11,"featured_media":0,"comment_status":"open","ping_status":"open","sticky":false,"template":"","format":"standard","meta":{"_jetpack_newsletter_access":"","_jetpack_dont_email_post_to_subs":false,"_jetpack_newsletter_tier_id":0,"_jetpack_memberships_contains_paywalled_content":false,"_jetpack_memberships_contains_paid_content":false,"footnotes":""},"categories":[51],"tags":[],"class_list":["post-63908","post","type-post","status-publish","format-standard","hentry","category-politica"],"jetpack_shortlink":"https:\/\/wp.me\/p2JWE0-gCM","jetpack-related-posts":[{"id":63942,"url":"http:\/\/www.24baires.com\/?p=63942","url_meta":{"origin":63908,"position":0},"title":"\u00abSigue vigente\u00bb la convocatoria a Stiuso en la Secretar\u00eda de Inteligencia, asegur\u00f3 An\u00edbal","author":"Grupo Sierra","date":"07\/04\/2015","format":false,"excerpt":"El jefe de Gabinete afirm\u00f3 que se busca que explique ante las autoridades de la ex SIDE las supuestas conductas \"dilatorias e irregulares\" en su accionar en la investigaci\u00f3n de la causa AMIA. \u201cEstamos hablando de un trabajo a quien se le pagaba por una determinada funci\u00f3n y tiene que\u2026","rel":"","context":"En \u00abPol\u00edtica\u00bb","block_context":{"text":"Pol\u00edtica","link":"http:\/\/www.24baires.com\/?cat=51"},"img":{"alt_text":"","src":"","width":0,"height":0},"classes":[]},{"id":64099,"url":"http:\/\/www.24baires.com\/?p=64099","url_meta":{"origin":63908,"position":1},"title":"Parrilli le pidi\u00f3 al juez Canicoba que garantice la declaraci\u00f3n de Stiuso","author":"GB","date":"10\/04\/2015","format":false,"excerpt":"El titular de la Secretar\u00eda,, present\u00f3 un escrito ante el juzgado de Canicoba Corral en el que pidieron que, de ser necesario, se disponga el \u201cauxilio de la fuerza p\u00fablica\u201d para que el ex agente declare. Las autoridades de la Secretaria de Inteligencia (SI) solicitaron hoy al juez federal Rodolfo\u2026","rel":"","context":"En \u00abPol\u00edtica\u00bb","block_context":{"text":"Pol\u00edtica","link":"http:\/\/www.24baires.com\/?cat=51"},"img":{"alt_text":"parrili1","src":"https:\/\/i0.wp.com\/www.24baires.com\/wp-content\/uploads\/2015\/04\/parrili1.jpg?resize=350%2C200","width":350,"height":200,"srcset":"https:\/\/i0.wp.com\/www.24baires.com\/wp-content\/uploads\/2015\/04\/parrili1.jpg?resize=350%2C200 1x, https:\/\/i0.wp.com\/www.24baires.com\/wp-content\/uploads\/2015\/04\/parrili1.jpg?resize=525%2C300 1.5x"},"classes":[]},{"id":63870,"url":"http:\/\/www.24baires.com\/?p=63870","url_meta":{"origin":63908,"position":2},"title":"Stiuso deber\u00e1 presentarse en la Secretar\u00eda de Inteligencia este lunes a dar explicaciones","author":"Grupo Sierra","date":"05\/04\/2015","format":false,"excerpt":"El ex director de Operaciones Judiciales de la ex SIDE, Horacio Antonio Stiuso, deber\u00e1 presentarse ma\u00f1ana lunes ante las autoridades de la Secretar\u00eda de Inteligencia (SI) para explicar supuestas \u201cconductas dilatorias e irregulares\u201d en su accionar en la investigaci\u00f3n de la causa AMIA. La citaci\u00f3n fue realizada por el actual\u2026","rel":"","context":"En \u00abPol\u00edtica\u00bb","block_context":{"text":"Pol\u00edtica","link":"http:\/\/www.24baires.com\/?cat=51"},"img":{"alt_text":"","src":"","width":0,"height":0},"classes":[]},{"id":65137,"url":"http:\/\/www.24baires.com\/?p=65137","url_meta":{"origin":63908,"position":3},"title":"La UFI-AMIA pidi\u00f3 a Interpol que averig\u00fce el paradero de Stiuso para que declare","author":"AF","date":"29\/04\/2015","format":false,"excerpt":"Las autoridades de la UFI-AMIA le pidieron a Interpol que averig\u00fce el paradero del ex jefe de Operaciones de la Secretar\u00eda de Inteligencia, Antonio \"Jaime\" Stiuso, con el objetivo de que sea tra\u00eddo a la Argentina para que explique en qu\u00e9 consisti\u00f3 su colaboraci\u00f3n con el fallecido fiscal Alberto Nisman,\u2026","rel":"","context":"En \u00abJUDICIALES\u00bb","block_context":{"text":"JUDICIALES","link":"http:\/\/www.24baires.com\/?cat=68"},"img":{"alt_text":"","src":"","width":0,"height":0},"classes":[]},{"id":79592,"url":"http:\/\/www.24baires.com\/?p=79592","url_meta":{"origin":63908,"position":4},"title":"El abogado de Stiuso revel\u00f3 que no hay \u00abpruebas directas\u00bb de que a Nisman lo mataron","author":"AF","date":"02\/03\/2016","format":false,"excerpt":"Santiago Blanco Berm\u00fadez se refiri\u00f3 a una parte clave de la declaraci\u00f3n de su defenido. Reconoci\u00f3 que el ex esp\u00eda permaneci\u00f3 fuera del pa\u00eds \"hasta que cambi\u00f3 el Gobierno y las circunstancias pol\u00edticas\". El abogado del ex esp\u00eda Antonio Stiuso, Santiago Blanco Berm\u00fadez, asegur\u00f3 hoy que su defendido \"no tiene\u2026","rel":"","context":"En \u00abJUDICIALES\u00bb","block_context":{"text":"JUDICIALES","link":"http:\/\/www.24baires.com\/?cat=68"},"img":{"alt_text":"stiusso","src":"https:\/\/i0.wp.com\/www.24baires.com\/wp-content\/uploads\/2015\/02\/stiusso.jpg?resize=350%2C200","width":350,"height":200,"srcset":"https:\/\/i0.wp.com\/www.24baires.com\/wp-content\/uploads\/2015\/02\/stiusso.jpg?resize=350%2C200 1x, https:\/\/i0.wp.com\/www.24baires.com\/wp-content\/uploads\/2015\/02\/stiusso.jpg?resize=525%2C300 1.5x"},"classes":[]},{"id":79923,"url":"http:\/\/www.24baires.com\/?p=79923","url_meta":{"origin":63908,"position":5},"title":"Stiuso no declar\u00f3 y present\u00f3 un escrito en la causa por el atentado a la AMIA","author":"AF","date":"09\/03\/2016","format":false,"excerpt":"El ex director de operaciones de la SIDE dijo que evitaba declarar bajo juramento de verdad porque est\u00e1 imputado en una causa por supuesto \"encubrimiento\" del ataque y podr\u00eda quedar incriminado con sus dichos. El ex director de Operaciones de la SIDE, Antonio Stiuso, se present\u00f3 a declarar como testigo\u2026","rel":"","context":"En \u00abJUDICIALES\u00bb","block_context":{"text":"JUDICIALES","link":"http:\/\/www.24baires.com\/?cat=68"},"img":{"alt_text":"stiuso","src":"https:\/\/i0.wp.com\/www.24baires.com\/wp-content\/uploads\/2015\/10\/stiuso.jpg?resize=350%2C200","width":350,"height":200,"srcset":"https:\/\/i0.wp.com\/www.24baires.com\/wp-content\/uploads\/2015\/10\/stiuso.jpg?resize=350%2C200 1x, https:\/\/i0.wp.com\/www.24baires.com\/wp-content\/uploads\/2015\/10\/stiuso.jpg?resize=525%2C300 1.5x"},"classes":[]}],"jetpack_sharing_enabled":true,"jetpack_likes_enabled":true,"jetpack_featured_media_url":"","_links":{"self":[{"href":"http:\/\/www.24baires.com\/index.php?rest_route=\/wp\/v2\/posts\/63908","targetHints":{"allow":["GET"]}}],"collection":[{"href":"http:\/\/www.24baires.com\/index.php?rest_route=\/wp\/v2\/posts"}],"about":[{"href":"http:\/\/www.24baires.com\/index.php?rest_route=\/wp\/v2\/types\/post"}],"author":[{"embeddable":true,"href":"http:\/\/www.24baires.com\/index.php?rest_route=\/wp\/v2\/users\/11"}],"replies":[{"embeddable":true,"href":"http:\/\/www.24baires.com\/index.php?rest_route=%2Fwp%2Fv2%2Fcomments&post=63908"}],"version-history":[{"count":1,"href":"http:\/\/www.24baires.com\/index.php?rest_route=\/wp\/v2\/posts\/63908\/revisions"}],"predecessor-version":[{"id":63909,"href":"http:\/\/www.24baires.com\/index.php?rest_route=\/wp\/v2\/posts\/63908\/revisions\/63909"}],"wp:attachment":[{"href":"http:\/\/www.24baires.com\/index.php?rest_route=%2Fwp%2Fv2%2Fmedia&parent=63908"}],"wp:term":[{"taxonomy":"category","embeddable":true,"href":"http:\/\/www.24baires.com\/index.php?rest_route=%2Fwp%2Fv2%2Fcategories&post=63908"},{"taxonomy":"post_tag","embeddable":true,"href":"http:\/\/www.24baires.com\/index.php?rest_route=%2Fwp%2Fv2%2Ftags&post=63908"}],"curies":[{"name":"wp","href":"https:\/\/api.w.org\/{rel}","templated":true}]}}