{"id":63898,"date":"2015-04-06T10:03:37","date_gmt":"2015-04-06T13:03:37","guid":{"rendered":"http:\/\/www.24baires.com\/?p=63898"},"modified":"2015-04-07T10:33:34","modified_gmt":"2015-04-07T13:33:34","slug":"anibal-sobre-funcionaria-yanqui-no-sabe-ni-donde-queda-la-argentina","status":"publish","type":"post","link":"http:\/\/www.24baires.com\/?p=63898","title":{"rendered":"An\u00edbal sobre funcionaria yanqui: \u00abNo sabe ni donde queda la Argentina\u00bb"},"content":{"rendered":"<p><img data-recalc-dims=\"1\" loading=\"lazy\" decoding=\"async\" class=\"aligncenter size-full wp-image-5267\" src=\"https:\/\/i0.wp.com\/www.24baires.com\/wp-content\/uploads\/2012\/11\/fern%C3%A1ndez-an%C3%ADbal2.jpg?resize=560%2C361\" alt=\"fern\u00e1ndez an\u00edbal2\" width=\"560\" height=\"361\" srcset=\"https:\/\/i0.wp.com\/www.24baires.com\/wp-content\/uploads\/2012\/11\/fern%C3%A1ndez-an%C3%ADbal2.jpg?w=560 560w, https:\/\/i0.wp.com\/www.24baires.com\/wp-content\/uploads\/2012\/11\/fern%C3%A1ndez-an%C3%ADbal2.jpg?resize=300%2C193 300w\" sizes=\"auto, (max-width: 560px) 100vw, 560px\" \/><\/p>\n<p>El jefe de Gabinete, An\u00edbal Fern\u00e1ndez, se refiri\u00f3 a las declaraciones de la subsecretaria para Asuntos Hemisf\u00e9ricos de EEUU sobre la Argentina. \u00abNo entiende nada y le mandan lo que tiene que decir\u00bb, enfatiz\u00f3.<!--more--><\/p>\n<p>\u00abEsta funcionaria que no sabe d\u00f3nde est\u00e1 Argentina, que no entiende nada, le mandan a decir lo que tiene que decir. Da verg\u00fcenza ajena. Ya lo vimos en la historia del mundo con otros, como con (Salvador) Allende, los sandinistas, y algunas invasiones. Lo vimos, que no vuelva a suceder, que se dediquen a su pa\u00eds\u00bb, dijo el ministro coordinador en declaraciones formuladas esta ma\u00f1ana a la prensa al ser consultado sobre las declaraciones de Jacobson, quien sostuvo que, seg\u00fan su opini\u00f3n, la econom\u00eda Argentina est\u00e1 \u00aben muy mala forma\u00bb.<\/p>\n<p>Agreg\u00f3 que Estados Unidos \u00abmira la paja en el ojo ajeno\u00bb, cuando su econom\u00eda no est\u00e1 bien, con \u00abuna deuda del 105 por ciento de PBI, y un ingreso p\u00fablico y empleo que cay\u00f3 en 8 y 5 puntos, respectivamente\u00bb, y han provocado \u00absituaciones complicadas\u00bb en otros pa\u00edses, y dej\u00f3 claro que \u00abArgentina hace lo que le reclaman sus habitantes y no quiere ser un buen alumno de Estados Unidos, como lo fue en los 90, y as\u00ed le fue al pa\u00eds y a los argentinos\u00bb.<\/p>\n","protected":false},"excerpt":{"rendered":"<p>El jefe de Gabinete, An\u00edbal Fern\u00e1ndez, se refiri\u00f3 a las declaraciones de la subsecretaria para Asuntos Hemisf\u00e9ricos de EEUU sobre la Argentina. \u00abNo entiende nada y le mandan lo que tiene que decir\u00bb, enfatiz\u00f3.<\/p>\n","protected":false},"author":11,"featured_media":0,"comment_status":"open","ping_status":"open","sticky":false,"template":"","format":"standard","meta":{"_jetpack_newsletter_access":"","_jetpack_dont_email_post_to_subs":false,"_jetpack_newsletter_tier_id":0,"_jetpack_memberships_contains_paywalled_content":false,"_jetpack_memberships_contains_paid_content":false,"footnotes":""},"categories":[51],"tags":[],"class_list":["post-63898","post","type-post","status-publish","format-standard","hentry","category-politica"],"jetpack_shortlink":"https:\/\/wp.me\/p2JWE0-gCC","jetpack-related-posts":[{"id":111411,"url":"http:\/\/www.24baires.com\/?p=111411","url_meta":{"origin":63898,"position":0},"title":"P\u00e9rez Corradi afirm\u00f3 que el Gobierno lo presion\u00f3 para incriminar a An\u00edbal Fern\u00e1ndez","author":"AF","date":"31\/07\/2019","format":false,"excerpt":"Desde el penal de Marcos Paz, sostuvo que la ministra de Seguridad, a trav\u00e9s de un agente de inteligencia, le hab\u00eda prometido beneficios si acusaba al ex jefe de Gabinete. Un nuevo esc\u00e1ndalo por presunta extorsi\u00f3n vuelve a involucrar a la ministra de Seguridad, Patricia Bullrich, y al de Justicia,\u2026","rel":"","context":"En \u00abJUDICIALES\u00bb","block_context":{"text":"JUDICIALES","link":"http:\/\/www.24baires.com\/?cat=68"},"img":{"alt_text":"","src":"https:\/\/i0.wp.com\/www.24baires.com\/wp-content\/uploads\/2016\/06\/ibar-p%C3%A9rez-corradi.jpg?resize=350%2C200","width":350,"height":200,"srcset":"https:\/\/i0.wp.com\/www.24baires.com\/wp-content\/uploads\/2016\/06\/ibar-p%C3%A9rez-corradi.jpg?resize=350%2C200 1x, https:\/\/i0.wp.com\/www.24baires.com\/wp-content\/uploads\/2016\/06\/ibar-p%C3%A9rez-corradi.jpg?resize=525%2C300 1.5x"},"classes":[]},{"id":69810,"url":"http:\/\/www.24baires.com\/?p=69810","url_meta":{"origin":63898,"position":1},"title":"\u00abLa promesa del PRO de eliminar retenciones es antojadiza y t\u00edpica de campa\u00f1a\u201d","author":"AF","date":"31\/07\/2015","format":false,"excerpt":"El jefe de Gabinete y precandidato a gobernador bonaerense por el FpV respondi\u00f3 as\u00ed a las declaraciones de la viecejefa de gobierno porte\u00f1o y su contrincante electoral por Cambiemos, Mar\u00eda Eugenia Vidal, quien insisti\u00f3 que si el PRO llega a la Presidencia eliminar\u00e1 ese gravamen al campo. \"Es atribuci\u00f3n del\u2026","rel":"","context":"En \u00abElecciones 2015\u00bb","block_context":{"text":"Elecciones 2015","link":"http:\/\/www.24baires.com\/?cat=74"},"img":{"alt_text":"anibal conferencia","src":"https:\/\/i0.wp.com\/www.24baires.com\/wp-content\/uploads\/2015\/04\/anibal-conferencia.jpg?resize=350%2C200","width":350,"height":200,"srcset":"https:\/\/i0.wp.com\/www.24baires.com\/wp-content\/uploads\/2015\/04\/anibal-conferencia.jpg?resize=350%2C200 1x, https:\/\/i0.wp.com\/www.24baires.com\/wp-content\/uploads\/2015\/04\/anibal-conferencia.jpg?resize=525%2C300 1.5x"},"classes":[]},{"id":80232,"url":"http:\/\/www.24baires.com\/?p=80232","url_meta":{"origin":63898,"position":2},"title":"An\u00edbal Fern\u00e1ndez: \u201cCristina ser\u00eda incapaz de robar un peso\u201d","author":"GB","date":"16\/03\/2016","format":false,"excerpt":"As\u00ed lo asegur\u00f3 el ex jefe de Gabinete mientras mantuvo una entrevista con el periodista Alejandro Fantino. Adem\u00e1s critic\u00f3 a la actual gesti\u00f3n y asegur\u00f3 que \u201cArgentina est\u00e1 viviendo un proceso de caracter\u00edsticas neoliberales\u201d. En el programa Animales Sueltos, conducido por Alejandro Fantino, An\u00edbal Fern\u00e1ndez habl\u00f3 sobre la ex presidenta,\u2026","rel":"","context":"En \u00abPol\u00edtica\u00bb","block_context":{"text":"Pol\u00edtica","link":"http:\/\/www.24baires.com\/?cat=51"},"img":{"alt_text":"an\u00edbal cierre","src":"https:\/\/i0.wp.com\/www.24baires.com\/wp-content\/uploads\/2015\/08\/an%C3%ADbal-cierre.jpg?resize=350%2C200","width":350,"height":200,"srcset":"https:\/\/i0.wp.com\/www.24baires.com\/wp-content\/uploads\/2015\/08\/an%C3%ADbal-cierre.jpg?resize=350%2C200 1x, https:\/\/i0.wp.com\/www.24baires.com\/wp-content\/uploads\/2015\/08\/an%C3%ADbal-cierre.jpg?resize=525%2C300 1.5x"},"classes":[]},{"id":64798,"url":"http:\/\/www.24baires.com\/?p=64798","url_meta":{"origin":63898,"position":3},"title":"Fondos buitre \u00abhan intentado hacer todas las tropel\u00edas habidas y por haber\u00bb contra Argentina","author":"AF","date":"24\/04\/2015","format":false,"excerpt":"Lo dijo el jefe de Gabinete, An\u00edbal Fern\u00e1ndez, quien agreg\u00f3 que \"la Argentina tiene que seguir su vida y no se va a detener por este tema\". El jefe de Gabinete, An\u00edbal Fern\u00e1ndez, dijo hoy que los fondos buitre \"han intentado hacer todas las tropel\u00edas habidas y por haber\" contra\u2026","rel":"","context":"En \u00abLocales\u00bb","block_context":{"text":"Locales","link":"http:\/\/www.24baires.com\/?cat=38"},"img":{"alt_text":"anibal","src":"https:\/\/i0.wp.com\/www.24baires.com\/wp-content\/uploads\/2015\/01\/anibal.jpg?resize=350%2C200","width":350,"height":200,"srcset":"https:\/\/i0.wp.com\/www.24baires.com\/wp-content\/uploads\/2015\/01\/anibal.jpg?resize=350%2C200 1x, https:\/\/i0.wp.com\/www.24baires.com\/wp-content\/uploads\/2015\/01\/anibal.jpg?resize=525%2C300 1.5x"},"classes":[]},{"id":119274,"url":"http:\/\/www.24baires.com\/?p=119274","url_meta":{"origin":63898,"position":4},"title":"Repudian el accionar policial y adviertien que JxC \u00abpone en riesgo la democracia\u00bb","author":"AF","date":"29\/08\/2022","format":false,"excerpt":"Funcionarios y dirigentes del oficialismo criticaron el vallado y el cierre de accesos que dispuso la Polic\u00eda de la Ciudad en torno de la casa de Cristina Fern\u00e1ndez de Kirchner en Recoleta. Funcionarios, dirigentes y referentes del Frente de Todos (FdT) renovaron este lunes sus cr\u00edticas al accionar de la\u2026","rel":"","context":"En \u00abPol\u00edtica\u00bb","block_context":{"text":"Pol\u00edtica","link":"http:\/\/www.24baires.com\/?cat=51"},"img":{"alt_text":"","src":"https:\/\/i0.wp.com\/www.24baires.com\/wp-content\/uploads\/2022\/08\/casa-cfk.jpg?resize=350%2C200","width":350,"height":200,"srcset":"https:\/\/i0.wp.com\/www.24baires.com\/wp-content\/uploads\/2022\/08\/casa-cfk.jpg?resize=350%2C200 1x, https:\/\/i0.wp.com\/www.24baires.com\/wp-content\/uploads\/2022\/08\/casa-cfk.jpg?resize=525%2C300 1.5x, https:\/\/i0.wp.com\/www.24baires.com\/wp-content\/uploads\/2022\/08\/casa-cfk.jpg?resize=700%2C400 2x"},"classes":[]},{"id":120088,"url":"http:\/\/www.24baires.com\/?p=120088","url_meta":{"origin":63898,"position":5},"title":"Masacre de Monte: testigos declararon haber escuchado \u00abcuatro o cinco detonaciones","author":"GB","date":"11\/05\/2023","format":false,"excerpt":"En el marco del juicio por la Masacre de Monte, que tuvo una nueva audiencia este mi\u00e9rcoles, testigos confesaron haber escuchado \"cuatro o cinco detonaciones\" En el marco del juicio por la Masacre de Monte, que tuvo una nueva audiencia este mi\u00e9rcoles, testigos confesaron haber escuchado \u201ccuatro o cinco detonaciones\u201d\u2026","rel":"","context":"En \u00abJUDICIALES\u00bb","block_context":{"text":"JUDICIALES","link":"http:\/\/www.24baires.com\/?cat=68"},"img":{"alt_text":"","src":"https:\/\/i0.wp.com\/www.24baires.com\/wp-content\/uploads\/2023\/05\/masacre-monte.webp?resize=350%2C200","width":350,"height":200,"srcset":"https:\/\/i0.wp.com\/www.24baires.com\/wp-content\/uploads\/2023\/05\/masacre-monte.webp?resize=350%2C200 1x, https:\/\/i0.wp.com\/www.24baires.com\/wp-content\/uploads\/2023\/05\/masacre-monte.webp?resize=525%2C300 1.5x, https:\/\/i0.wp.com\/www.24baires.com\/wp-content\/uploads\/2023\/05\/masacre-monte.webp?resize=700%2C400 2x"},"classes":[]}],"jetpack_sharing_enabled":true,"jetpack_likes_enabled":true,"jetpack_featured_media_url":"","_links":{"self":[{"href":"http:\/\/www.24baires.com\/index.php?rest_route=\/wp\/v2\/posts\/63898","targetHints":{"allow":["GET"]}}],"collection":[{"href":"http:\/\/www.24baires.com\/index.php?rest_route=\/wp\/v2\/posts"}],"about":[{"href":"http:\/\/www.24baires.com\/index.php?rest_route=\/wp\/v2\/types\/post"}],"author":[{"embeddable":true,"href":"http:\/\/www.24baires.com\/index.php?rest_route=\/wp\/v2\/users\/11"}],"replies":[{"embeddable":true,"href":"http:\/\/www.24baires.com\/index.php?rest_route=%2Fwp%2Fv2%2Fcomments&post=63898"}],"version-history":[{"count":1,"href":"http:\/\/www.24baires.com\/index.php?rest_route=\/wp\/v2\/posts\/63898\/revisions"}],"predecessor-version":[{"id":63899,"href":"http:\/\/www.24baires.com\/index.php?rest_route=\/wp\/v2\/posts\/63898\/revisions\/63899"}],"wp:attachment":[{"href":"http:\/\/www.24baires.com\/index.php?rest_route=%2Fwp%2Fv2%2Fmedia&parent=63898"}],"wp:term":[{"taxonomy":"category","embeddable":true,"href":"http:\/\/www.24baires.com\/index.php?rest_route=%2Fwp%2Fv2%2Fcategories&post=63898"},{"taxonomy":"post_tag","embeddable":true,"href":"http:\/\/www.24baires.com\/index.php?rest_route=%2Fwp%2Fv2%2Ftags&post=63898"}],"curies":[{"name":"wp","href":"https:\/\/api.w.org\/{rel}","templated":true}]}}