{"id":63895,"date":"2015-04-05T21:47:36","date_gmt":"2015-04-06T00:47:36","guid":{"rendered":"http:\/\/www.24baires.com\/?p=63895"},"modified":"2015-04-05T21:47:36","modified_gmt":"2015-04-06T00:47:36","slug":"cuando-el-pueblo-conozca-bien-a-maximo-el-que-pierde-es-magnetto-dijo-de-pedro","status":"publish","type":"post","link":"http:\/\/www.24baires.com\/?p=63895","title":{"rendered":"\u00abCuando el pueblo conozca bien a M\u00e1ximo, el que pierde es Magnetto\u00bb dijo de Pedro"},"content":{"rendered":"<p><img data-recalc-dims=\"1\" loading=\"lazy\" decoding=\"async\" class=\"aligncenter size-full wp-image-63896\" src=\"https:\/\/i0.wp.com\/www.24baires.com\/wp-content\/uploads\/2015\/04\/WADO-DE-PEDRO.jpg?resize=560%2C384\" alt=\"WADO DE PEDRO\" width=\"560\" height=\"384\" srcset=\"https:\/\/i0.wp.com\/www.24baires.com\/wp-content\/uploads\/2015\/04\/WADO-DE-PEDRO.jpg?w=560 560w, https:\/\/i0.wp.com\/www.24baires.com\/wp-content\/uploads\/2015\/04\/WADO-DE-PEDRO.jpg?resize=300%2C206 300w\" sizes=\"auto, (max-width: 560px) 100vw, 560px\" \/><\/p>\n<p>Eduardo de Pedro, el Secretario General de la Presidencia, se manifest\u00f3 as\u00ed respecto a lo que consider\u00f3 una verdadera campa\u00f1a de difamaci\u00f3n medi\u00e1tica hecha sobre la figura del l\u00edder de la agrupaci\u00f3n La C\u00e1mpora.<!--more--><\/p>\n<p>Eduardo \u00abWado\u00bb de Pedro particip\u00f3 esta noche del programa 6,7,8 que se emite por la Televisi\u00f3n P\u00fablica y se manifest\u00f3 sobre lo que \u00e9l consider\u00f3 una clara campa\u00f1a de difamaci\u00f3n contra M\u00e1ximo Kirchner por parte del Grupo Clar\u00edn.<\/p>\n<p>\u00abM\u00e1ximo insiste en que nosotros como generaci\u00f3n tenemos que seguir aprendiendo de las generaciones anteriores que pasaron por otras experiencias, y\u00a0siempre habla de que hay que ser paciente. Bueno, demostr\u00f3 que esa paciencia que tiene gener\u00f3 simpat\u00eda despu\u00e9s de semejante demonizaci\u00f3n, gener\u00f3 lo opuesto a lo que Magneto quer\u00eda que se genere sobre \u00e9l\u00bb, dijo.<\/p>\n<p>En otra parte de su intervenci\u00f3n, de Pedro dijo enf\u00e1ticamente: \u00abEst\u00e1n yendo contra la presidenta y contra M\u00e1ximo porque no tienen los huevos para decir que est\u00e1n yendo contra un proyecto pol\u00edtico que desendeud\u00f3, que gener\u00f3 millones de puestos de trabajo, contra la idea de que Anses maneje los fondos de los jubilados y que no puedan tener esa torta de dinero en el sistema financiero\u00bb.<\/p>\n<p>M\u00e1s adelante, el Secretario General de la Presidencia afirm\u00f3: \u00abNunca te acostrumbr\u00e1s a la mentira, a la difamaci\u00f3n permanente, hace da\u00f1o. Es cierto que uno con la contenci\u00f3n de los compa\u00f1eros puede hacerse m\u00e1s duro, pero estas campa\u00f1as influyen en las personas. M\u00e1ximo tiene esa pasta de alguien que convive desde hace a\u00f1os con eso y se lo toma con una paciencia y una sabidur\u00eda que nosotros no tenemos\u00bb.<\/p>\n<p>Consultado sobre la decisi\u00f3n de dar la entrevista que Kirchner dio para responder las acusaciones hechas por el periodista Daniel Santoro, Wado dijo que \u00abse discuti\u00f3 mucho, algunos compa\u00f1eros ten\u00edan la postura de iniciar acciones judiciales, pero M\u00e1ximo cree que no, que los periodistas tienen que tener la libertad hasta de llegar a la difamaci\u00f3n\u00bb.<\/p>\n<p>\u00abEra una campa\u00f1a de difamaci\u00f3n que ten\u00edan pensada para 2011 y la hicieron en 2015. Cualquier relaci\u00f3n con los a\u00f1os electorales no parece mera coincidencia\u00bb, ironiz\u00f3.<\/p>\n<p>Por \u00faltimo, de Pedro se refiri\u00f3 a lo que \u00e9l llam\u00f3 la permanente demonizaci\u00f3n que se hace sobre La C\u00e1mpora. \u00abEst\u00e1n generando lo que se gener\u00f3 con el peronismo siempre, nos est\u00e1n fortaleciendo, nos est\u00e1n ayudando a armar nuestra fuerza pol\u00edtica. Esa es la historia del peronismo, est\u00e1n volviendo a cometer el error de juntar empresarios, un sector de la justicia, un sector agroexportador y Magneto otra vez demoniz\u00e1ndonos, y eso nos fortalece. Cuando el pueblo conozca bien a M\u00e1ximo, el que pierde es Magneto, porque est\u00e1 demonizando a un buen pibe\u00bb.<\/p>\n","protected":false},"excerpt":{"rendered":"<p>Eduardo de Pedro, el Secretario General de la Presidencia, se manifest\u00f3 as\u00ed respecto a lo que consider\u00f3 una verdadera campa\u00f1a de difamaci\u00f3n medi\u00e1tica hecha sobre la figura del l\u00edder de la agrupaci\u00f3n La C\u00e1mpora.<\/p>\n","protected":false},"author":11,"featured_media":0,"comment_status":"open","ping_status":"open","sticky":false,"template":"","format":"standard","meta":{"_jetpack_newsletter_access":"","_jetpack_dont_email_post_to_subs":false,"_jetpack_newsletter_tier_id":0,"_jetpack_memberships_contains_paywalled_content":false,"_jetpack_memberships_contains_paid_content":false,"footnotes":""},"categories":[51],"tags":[],"class_list":["post-63895","post","type-post","status-publish","format-standard","hentry","category-politica"],"jetpack_shortlink":"https:\/\/wp.me\/p2JWE0-gCz","jetpack-related-posts":[{"id":119485,"url":"http:\/\/www.24baires.com\/?p=119485","url_meta":{"origin":63895,"position":0},"title":"Wado De Pedro se mostr\u00f3 a favor de suspender las PASO","author":"AF","date":"27\/10\/2022","format":false,"excerpt":"El ministro del Interior se distanci\u00f3 de la postura de Alberto Fern\u00e1ndez y dijo que las primarias abiertas deben ser eliminadas. \"Las discusiones internas se tienen que dar dentro de los partidos pol\u00edticos\", argument\u00f3. Respondi\u00f3 acerca de la posibilidad de presentarse como candidato. El ministro de Interior, Eduardo Wado De\u2026","rel":"","context":"En \u00abPol\u00edtica\u00bb","block_context":{"text":"Pol\u00edtica","link":"http:\/\/www.24baires.com\/?cat=51"},"img":{"alt_text":"","src":"https:\/\/i0.wp.com\/www.24baires.com\/wp-content\/uploads\/2022\/10\/wado.jpg?resize=350%2C200","width":350,"height":200,"srcset":"https:\/\/i0.wp.com\/www.24baires.com\/wp-content\/uploads\/2022\/10\/wado.jpg?resize=350%2C200 1x, https:\/\/i0.wp.com\/www.24baires.com\/wp-content\/uploads\/2022\/10\/wado.jpg?resize=525%2C300 1.5x, https:\/\/i0.wp.com\/www.24baires.com\/wp-content\/uploads\/2022\/10\/wado.jpg?resize=700%2C400 2x"},"classes":[]},{"id":23882,"url":"http:\/\/www.24baires.com\/?p=23882","url_meta":{"origin":63895,"position":1},"title":"\u00abLa desinformaci\u00f3n, la difamaci\u00f3n y la calumnia son pecados\u00bb dijo el Papa","author":"Grupo Sierra","date":"19\/05\/2013","format":false,"excerpt":"El papa Franciso se\u00f1al\u00f3 con dureza la \"difamaci\u00f3n, la desinformaci\u00f3n y la calumnia\" porque da\u00f1an y \"son un pecado\". \"La desinformaci\u00f3n, la difamaci\u00f3n y la calumnia son pecados\", sostuvo el Sumo Pont\u00edfice en su homil\u00eda, en la iglesia de Santa Marta, consign\u00f3 la agencia Ansa. Bergoglio se\u00f1al\u00f3 con dureza la\u2026","rel":"","context":"En \u00abSociedad\u00bb","block_context":{"text":"Sociedad","link":"http:\/\/www.24baires.com\/?cat=1"},"img":{"alt_text":"","src":"https:\/\/i0.wp.com\/www.24baires.com\/wp-content\/uploads\/2013\/05\/papa-pentecostes.jpg?resize=350%2C200","width":350,"height":200},"classes":[]},{"id":118695,"url":"http:\/\/www.24baires.com\/?p=118695","url_meta":{"origin":63895,"position":2},"title":"Las provincias ir\u00e1n a la Corte por los fondos transferidos por Macri a CABA","author":"AF","date":"30\/03\/2022","format":false,"excerpt":"El Presidente encabez\u00f3 una reuni\u00f3n con 19 gobernadores. \"Cuando se habla de quita, no es una quita sino la recuperaci\u00f3n del exceso de fondos que fueron a la Ciudad en detrimento de todos los argentinos\", dijo el ministro del Interior, Eduardo \"Wado\" de Pedro. El presidente Alberto Fern\u00e1ndez encabez\u00f3 una\u2026","rel":"","context":"En \u00abPol\u00edtica\u00bb","block_context":{"text":"Pol\u00edtica","link":"http:\/\/www.24baires.com\/?cat=51"},"img":{"alt_text":"","src":"https:\/\/i0.wp.com\/www.24baires.com\/wp-content\/uploads\/2021\/10\/macri.jpg?resize=350%2C200","width":350,"height":200,"srcset":"https:\/\/i0.wp.com\/www.24baires.com\/wp-content\/uploads\/2021\/10\/macri.jpg?resize=350%2C200 1x, https:\/\/i0.wp.com\/www.24baires.com\/wp-content\/uploads\/2021\/10\/macri.jpg?resize=525%2C300 1.5x"},"classes":[]},{"id":85500,"url":"http:\/\/www.24baires.com\/?p=85500","url_meta":{"origin":63895,"position":3},"title":"Sanseacab\u00f3: Macri recibe a Tinelli este mi\u00e9rcoles en la Quinta de Olivos","author":"Grupo Sierra","date":"26\/07\/2016","format":false,"excerpt":"El Presidente Mauricio Macri recibir\u00e1 ma\u00f1ana en la quinta de Olivos al conductor televisivo Marcelo Tinelli, tras los cruces de los \u00faltimos d\u00edas por las imitaciones del mandatario en el programa Showmatch. Fuentes oficiales confirmaron a NA la reuni\u00f3n, que se realizar\u00e1 desde las 12.00 en la residencia de Olivos,\u2026","rel":"","context":"En \u00abMedios\u00bb","block_context":{"text":"Medios","link":"http:\/\/www.24baires.com\/?cat=54"},"img":{"alt_text":"","src":"https:\/\/i0.wp.com\/www.24baires.com\/wp-content\/uploads\/2016\/07\/tinelli-macri.jpg?resize=350%2C200","width":350,"height":200,"srcset":"https:\/\/i0.wp.com\/www.24baires.com\/wp-content\/uploads\/2016\/07\/tinelli-macri.jpg?resize=350%2C200 1x, https:\/\/i0.wp.com\/www.24baires.com\/wp-content\/uploads\/2016\/07\/tinelli-macri.jpg?resize=525%2C300 1.5x"},"classes":[]},{"id":86383,"url":"http:\/\/www.24baires.com\/?p=86383","url_meta":{"origin":63895,"position":4},"title":"Crimen de las turistas mendocinas: condenaron a 40 a\u00f1os a los dos acusados","author":"GB","date":"17\/08\/2016","format":false,"excerpt":"El Tribunal de Garant\u00edas Penales de Santa Elena, en Ecuador, conden\u00f3 a 40 a\u00f1os de prisi\u00f3n a Segundo Ponce Mina y a Aurelio Eduardo Rodr\u00edguez por el asesinato de Mar\u00eda Jos\u00e9 Coni y Marina Menegazzo. Los magistrados entendieron que la materialidad del doble asesinato est\u00e1 probada por las pericias y\u2026","rel":"","context":"En \u00abJUDICIALES\u00bb","block_context":{"text":"JUDICIALES","link":"http:\/\/www.24baires.com\/?cat=68"},"img":{"alt_text":"ecuaodor","src":"https:\/\/i0.wp.com\/www.24baires.com\/wp-content\/uploads\/2016\/02\/ecuaodor.jpg?resize=350%2C200","width":350,"height":200,"srcset":"https:\/\/i0.wp.com\/www.24baires.com\/wp-content\/uploads\/2016\/02\/ecuaodor.jpg?resize=350%2C200 1x, https:\/\/i0.wp.com\/www.24baires.com\/wp-content\/uploads\/2016\/02\/ecuaodor.jpg?resize=525%2C300 1.5x"},"classes":[]},{"id":70736,"url":"http:\/\/www.24baires.com\/?p=70736","url_meta":{"origin":63895,"position":5},"title":"El FpV denuncia por \u00abdifamaci\u00f3n\u00bb al macrismo","author":"AF","date":"18\/08\/2015","format":false,"excerpt":"Presentar\u00e1 ante la Direcci\u00f3n Nacional Electoral una denuncia contra el frente Cambiemos que lidera Mauricio Macri, al que acusa de lanzar una \"campa\u00f1a sucia\" al utilizar por las redes sociales fotograf\u00edas e im\u00e1genes falsas para perjudicar la imagen del candidato presidencial y gobernador bonaerense Daniel Scioli. La denuncia fue confirmada\u2026","rel":"","context":"En \u00abElecciones 2015\u00bb","block_context":{"text":"Elecciones 2015","link":"http:\/\/www.24baires.com\/?cat=74"},"img":{"alt_text":"","src":"https:\/\/i0.wp.com\/www.24baires.com\/wp-content\/uploads\/2015\/08\/tuit-trucado.jpg?resize=350%2C200","width":350,"height":200},"classes":[]}],"jetpack_sharing_enabled":true,"jetpack_likes_enabled":true,"jetpack_featured_media_url":"","_links":{"self":[{"href":"http:\/\/www.24baires.com\/index.php?rest_route=\/wp\/v2\/posts\/63895","targetHints":{"allow":["GET"]}}],"collection":[{"href":"http:\/\/www.24baires.com\/index.php?rest_route=\/wp\/v2\/posts"}],"about":[{"href":"http:\/\/www.24baires.com\/index.php?rest_route=\/wp\/v2\/types\/post"}],"author":[{"embeddable":true,"href":"http:\/\/www.24baires.com\/index.php?rest_route=\/wp\/v2\/users\/11"}],"replies":[{"embeddable":true,"href":"http:\/\/www.24baires.com\/index.php?rest_route=%2Fwp%2Fv2%2Fcomments&post=63895"}],"version-history":[{"count":1,"href":"http:\/\/www.24baires.com\/index.php?rest_route=\/wp\/v2\/posts\/63895\/revisions"}],"predecessor-version":[{"id":63897,"href":"http:\/\/www.24baires.com\/index.php?rest_route=\/wp\/v2\/posts\/63895\/revisions\/63897"}],"wp:attachment":[{"href":"http:\/\/www.24baires.com\/index.php?rest_route=%2Fwp%2Fv2%2Fmedia&parent=63895"}],"wp:term":[{"taxonomy":"category","embeddable":true,"href":"http:\/\/www.24baires.com\/index.php?rest_route=%2Fwp%2Fv2%2Fcategories&post=63895"},{"taxonomy":"post_tag","embeddable":true,"href":"http:\/\/www.24baires.com\/index.php?rest_route=%2Fwp%2Fv2%2Ftags&post=63895"}],"curies":[{"name":"wp","href":"https:\/\/api.w.org\/{rel}","templated":true}]}}