{"id":63890,"date":"2015-04-05T20:00:22","date_gmt":"2015-04-05T23:00:22","guid":{"rendered":"http:\/\/www.24baires.com\/?p=63890"},"modified":"2015-04-06T18:54:22","modified_gmt":"2015-04-06T21:54:22","slug":"diputados-trataran-este-miercoles-la-estatizacion-de-los-ferrocarriles","status":"publish","type":"post","link":"http:\/\/www.24baires.com\/?p=63890","title":{"rendered":"Diputados tratar\u00e1n este mi\u00e9rcoles la estatizaci\u00f3n de los Ferrocarriles"},"content":{"rendered":"<p><img data-recalc-dims=\"1\" loading=\"lazy\" decoding=\"async\" class=\"aligncenter size-full wp-image-31849\" src=\"https:\/\/i0.wp.com\/www.24baires.com\/wp-content\/uploads\/2013\/09\/Trenes-san-martin.jpg?resize=560%2C420\" alt=\"Trenes san martin\" width=\"560\" height=\"420\" srcset=\"https:\/\/i0.wp.com\/www.24baires.com\/wp-content\/uploads\/2013\/09\/Trenes-san-martin.jpg?w=560 560w, https:\/\/i0.wp.com\/www.24baires.com\/wp-content\/uploads\/2013\/09\/Trenes-san-martin.jpg?resize=300%2C225 300w\" sizes=\"auto, (max-width: 560px) 100vw, 560px\" \/><\/p>\n<p>La C\u00e1mara de Diputados debatir\u00e1 el mi\u00e9rcoles pr\u00f3ximo el proyecto de ley que estatiza el servicio ferroviario y otorga al Estado la \u00abplena administraci\u00f3n de la infraestructura ferroviaria en todo el territorio nacional\u00bb, en el marco \u00abdel proceso de transformaci\u00f3n in\u00e9dita\u00bb que viene implementando el gobierno nacional para \u00abfortalecer y mejorar el sistema ferroviario\u00bb en todo el pa\u00eds.<!--more--><\/p>\n<p>El proyecto recibi\u00f3 dictamen el martes pasado en el marco de un plenario de comisiones de Transporte, Presupuesto y Hacienda y Obras P\u00fablicas, que cont\u00f3 con la presencia del ministro del Interior y Transporte, Florencio Randazzo, quien puso de relieve que la iniciativa apunta a \u00abconsolidar un proceso, una transformaci\u00f3n in\u00e9dita en materia ferroviaria\u00bb.<\/p>\n<p>\u00abSe trata de entender como una ecuaci\u00f3n social y no econ\u00f3mica est\u00e1 asociada al progreso de Argentina y a la vida de miles de pueblos desaparecidos a partir del abandono de una pol\u00edtica ferroviaria\u00bb, reflexion\u00f3 el ministro al explicar los alcances del proyecto ante los diputados.<\/p>\n<p>El dictamen de mayor\u00eda cont\u00f3 con las firmas del Frente para la Victoria (FpV), sus habituales aliados, y de algunos bloques opositores como el Frente Renovador, la UCR y el PRO, que anticiparon su respaldo al texto, en el marco del plenario, luego de que el oficialismo acept\u00f3 algunas de sus propuestas para modificar el articulado original.<\/p>\n<p>La iniciativa recibi\u00f3 dictamen luego de tres plenarios de comisiones, en los que adem\u00e1s del ministro del Interior y Transporte, expusieron especialistas y referentes sindicales del sector ferroviario, quienes en su mayor\u00eda anticiparon su respaldo al proyecto del Poder Ejecutivo.<\/p>\n<p>De esta manera, se descuenta que el proyecto \u2013cuyo env\u00edo al Congreso fue anunciado por la presidenta Cristina Fern\u00e1ndez de Kirchner el 1 de marzo pasado al inaugurar las sesiones ordinarias del Parlamento- ser\u00e1 aprobado en el recinto con un amplio respaldo en la sesi\u00f3n prevista para el pr\u00f3ximo 8 de abril.<\/p>\n<p>\u00abEste proyecto tiene por objeto la recuperaci\u00f3n definitiva de la administraci\u00f3n de los ferrocarriles por parte del Estado, partiendo de la idea central de que el mismo puede gestionar incluso de una manera m\u00e1s eficiente que los privados\u00bb, remarca la propuesta enviada por el Poder Ejecutivo en los fundamentos.<\/p>\n<p>La propuesta otorga al Estado la potestad para \u00abdesafectar bienes, rescatar, reconvenir o renegociar contratos de concesi\u00f3n suscriptos con Nuevo Central Argentino, Ferroexpreso Pampeano, Ferrosur Roca, Metrov\u00edas y Ferrov\u00edas\u00bb.<\/p>\n<p>La medida apunta a \u00abprofundizar el proceso de reordenamiento ferroviario y estrat\u00e9gico establecido por este gobierno nacional y en atenci\u00f3n a la especificidad y profesionalidad que el sistema ferroviario requiere\u00bb.<\/p>\n<p>Se trata de una disposici\u00f3n similar adoptada el 21 de agosto de 2014 cuando el Poder Ejecutivo hab\u00eda asignado a la Operadora Ferroviaria Sociedad del Estado (Sofse) la prestaci\u00f3n de los servicios correspondientes a las l\u00edneas Roca, San Mart\u00edn y Belgrano Sur.<\/p>\n<p>Seg\u00fan la nueva normativa, la direcci\u00f3n y administraci\u00f3n de la empresa p\u00fablica estar\u00e1 a cargo de un directorio integrado por un representante de la Secretar\u00eda de Transporte, por el titular de la Administraci\u00f3n de Infraestructuras Ferroviarias (o de la sociedad que la reemplace en el futuro), por el presidente del directorio de Belgrano Cargas y por dos representantes gremiales del sector, designados por el Ministerio del Interior.<\/p>\n<p>A trav\u00e9s de la iniciativa, se sostiene adem\u00e1s que el Estado Nacional \u00abviene implementando pol\u00edticas p\u00fablicas con el objeto de fortalecer y mejorar el sistema ferroviario, incluyendo la reactivaci\u00f3n de los diferentes ramales de pasajeros de media y larga distancia, poniendo en valor varias estaciones y llevando adelante numerosos proyectos e inversiones en infraestructura, como la construcci\u00f3n de nuevos pasos a nivel, la puesta en valor y reactivaci\u00f3n de distintos talleres y el mejoramiento de v\u00edas\u00bb.<\/p>\n<p>Al exponer ante los diputados, Randazzo insisti\u00f3 con que el proyecto \u00abno es un eslogan ni un hecho nost\u00e1lgico\u00bb, sino un intento por \u00abreparar errores cometidos en los \u00faltimos 60 a\u00f1os\u00bb en materia ferroviaria, que apunta a saldar \u00abuna vieja deuda con los argentinos\u00bb.<\/p>\n","protected":false},"excerpt":{"rendered":"<p>La C\u00e1mara de Diputados debatir\u00e1 el mi\u00e9rcoles pr\u00f3ximo el proyecto de ley que estatiza el servicio ferroviario y otorga al Estado la \u00abplena administraci\u00f3n de la infraestructura ferroviaria en todo el territorio nacional\u00bb, en el marco \u00abdel proceso de transformaci\u00f3n in\u00e9dita\u00bb que viene implementando el gobierno nacional para \u00abfortalecer y mejorar el sistema ferroviario\u00bb en todo el pa\u00eds.<\/p>\n","protected":false},"author":11,"featured_media":0,"comment_status":"open","ping_status":"open","sticky":false,"template":"","format":"standard","meta":{"_jetpack_newsletter_access":"","_jetpack_dont_email_post_to_subs":false,"_jetpack_newsletter_tier_id":0,"_jetpack_memberships_contains_paywalled_content":false,"_jetpack_memberships_contains_paid_content":false,"footnotes":""},"categories":[51],"tags":[],"class_list":["post-63890","post","type-post","status-publish","format-standard","hentry","category-politica"],"jetpack_shortlink":"https:\/\/wp.me\/p2JWE0-gCu","jetpack-related-posts":[{"id":64260,"url":"http:\/\/www.24baires.com\/?p=64260","url_meta":{"origin":63890,"position":0},"title":"El Senado dio dictamen al proyecto de reestatizaci\u00f3n de trenes","author":"GB","date":"14\/04\/2015","format":false,"excerpt":"La iniciativa que propone la creaci\u00f3n de Ferrocarriles Argentinos Sociedad del Estado obtuvo hoy dictamen y podr\u00e1 ser debatida durante la sesi\u00f3n ordinaria del mi\u00e9rcoles 22 de abril. La iniciativa enviada por el Poder Ejecutivo fue firmada por senadores del Frente para la Victoria y por sus aliados. El radicalismo,\u2026","rel":"","context":"En \u00abPol\u00edtica\u00bb","block_context":{"text":"Pol\u00edtica","link":"http:\/\/www.24baires.com\/?cat=51"},"img":{"alt_text":"senado","src":"https:\/\/i0.wp.com\/www.24baires.com\/wp-content\/uploads\/2013\/11\/senado.jpg?resize=350%2C200","width":350,"height":200},"classes":[]},{"id":63760,"url":"http:\/\/www.24baires.com\/?p=63760","url_meta":{"origin":63890,"position":1},"title":"El proyecto busca \u00abconsolidar una transformaci\u00f3n in\u00e9dita en materia ferroviaria\u00bb","author":"GB","date":"31\/03\/2015","format":false,"excerpt":"As\u00ed se pronunci\u00f3 el funcionario, al iniciar su exposici\u00f3n ante un plenario de comisiones de la C\u00e1mara de Diputados, en la que resalt\u00f3 que el gobierno entiende la propuesta como \"un desaf\u00edo vinculado al servicio estrat\u00e9gico del desarrollo argentino\". As\u00ed se pronunci\u00f3 el funcionario, al iniciar su exposici\u00f3n ante un\u2026","rel":"","context":"En \u00abPol\u00edtica\u00bb","block_context":{"text":"Pol\u00edtica","link":"http:\/\/www.24baires.com\/?cat=51"},"img":{"alt_text":"randazzo 1","src":"https:\/\/i0.wp.com\/www.24baires.com\/wp-content\/uploads\/2014\/01\/randazzo-1.jpg?resize=350%2C200","width":350,"height":200,"srcset":"https:\/\/i0.wp.com\/www.24baires.com\/wp-content\/uploads\/2014\/01\/randazzo-1.jpg?resize=350%2C200 1x, https:\/\/i0.wp.com\/www.24baires.com\/wp-content\/uploads\/2014\/01\/randazzo-1.jpg?resize=525%2C300 1.5x"},"classes":[]},{"id":71721,"url":"http:\/\/www.24baires.com\/?p=71721","url_meta":{"origin":63890,"position":2},"title":"Randazzo present\u00f3 la primera locomotora de carga fabricada para Argentina","author":"GB","date":"06\/09\/2015","format":false,"excerpt":"El ministro del Interior y Transporte visit\u00f3 en Chang Zhou, China, la f\u00e1brica de locomotoras de la empresa estatal china CRRC, donde recorri\u00f3 las instalaciones y present\u00f3 la primera de las 100 locomotoras fabricadas para la Argentina. \"La incorporaci\u00f3n de locomotoras y vagones cero kil\u00f3metro para el tren de cargas\u2026","rel":"","context":"En \u00abPol\u00edtica\u00bb","block_context":{"text":"Pol\u00edtica","link":"http:\/\/www.24baires.com\/?cat=51"},"img":{"alt_text":"","src":"https:\/\/i0.wp.com\/www.24baires.com\/wp-content\/uploads\/2015\/09\/randazzo.jpg?resize=350%2C200","width":350,"height":200},"classes":[]},{"id":63995,"url":"http:\/\/www.24baires.com\/?p=63995","url_meta":{"origin":63890,"position":3},"title":"Diputados trata el proyecto para reestatizar el servicio de trenes","author":"GB","date":"08\/04\/2015","format":false,"excerpt":"La C\u00e1mara baja comenz\u00f3 a sesionar pasadas las 12.15 para tratar la iniciativa del Ejecutivo, que cuenta con amplio respaldo parlamentario. El debate se da en el marco de una sesi\u00f3n especial. La propuesta del Poder Ejecutivo recibir\u00eda media sanci\u00f3n con el apoyo de la UCR, el PRO y el\u2026","rel":"","context":"En \u00abPol\u00edtica\u00bb","block_context":{"text":"Pol\u00edtica","link":"http:\/\/www.24baires.com\/?cat=51"},"img":{"alt_text":"trenes","src":"https:\/\/i0.wp.com\/www.24baires.com\/wp-content\/uploads\/2014\/08\/trenes.jpg?resize=350%2C200","width":350,"height":200,"srcset":"https:\/\/i0.wp.com\/www.24baires.com\/wp-content\/uploads\/2014\/08\/trenes.jpg?resize=350%2C200 1x, https:\/\/i0.wp.com\/www.24baires.com\/wp-content\/uploads\/2014\/08\/trenes.jpg?resize=525%2C300 1.5x"},"classes":[]},{"id":104671,"url":"http:\/\/www.24baires.com\/?p=104671","url_meta":{"origin":63890,"position":4},"title":"Anuncian un paro total de trenes para el pr\u00f3ximo martes","author":"GB","date":"27\/09\/2018","format":false,"excerpt":"Tras el paro general de transporte de este martes, los gremios anunciaron una nueva medida de fuerza que afectar\u00e1 a todas las l\u00edneas de trenes. Reclaman la reapertura de paritarias. Los cuatro sindicatos ferroviarios anunciaron este mi\u00e9rcoles la realizaci\u00f3n de un paro por 24 horas para el pr\u00f3ximo martes 2\u2026","rel":"","context":"En \u00abSociedad\u00bb","block_context":{"text":"Sociedad","link":"http:\/\/www.24baires.com\/?cat=1"},"img":{"alt_text":"","src":"https:\/\/i0.wp.com\/www.24baires.com\/wp-content\/uploads\/2018\/09\/trenes.jpg?resize=350%2C200","width":350,"height":200,"srcset":"https:\/\/i0.wp.com\/www.24baires.com\/wp-content\/uploads\/2018\/09\/trenes.jpg?resize=350%2C200 1x, https:\/\/i0.wp.com\/www.24baires.com\/wp-content\/uploads\/2018\/09\/trenes.jpg?resize=525%2C300 1.5x"},"classes":[]},{"id":107931,"url":"http:\/\/www.24baires.com\/?p=107931","url_meta":{"origin":63890,"position":5},"title":"Ratificaron que no habr\u00e1 subtes, colectivos y trenes el 25 de Mayo","author":"GB","date":"02\/05\/2019","format":false,"excerpt":"As\u00ed lo confirm\u00f3 la CATT, que agrupa adem\u00e1s a los trabajadores portuarios, camioneros y aeron\u00e1uticos. Cada feriado no habr\u00e1 transporte p\u00fablico. La Confederaci\u00f3n Argentina de Trabajadores del Transporte (CATT), liderado por el portuario Juan Carlos Schmid, confirm\u00f3 este mi\u00e9rcoles que el pr\u00f3ximo feriado, 25 de Mayo, habr\u00e1 paro de transporte\u2026","rel":"","context":"En \u00abSociedad\u00bb","block_context":{"text":"Sociedad","link":"http:\/\/www.24baires.com\/?cat=1"},"img":{"alt_text":"","src":"https:\/\/i0.wp.com\/www.24baires.com\/wp-content\/uploads\/2015\/01\/colectivos-micro-bah%C3%ADa-blanca.jpg?resize=350%2C200","width":350,"height":200,"srcset":"https:\/\/i0.wp.com\/www.24baires.com\/wp-content\/uploads\/2015\/01\/colectivos-micro-bah%C3%ADa-blanca.jpg?resize=350%2C200 1x, https:\/\/i0.wp.com\/www.24baires.com\/wp-content\/uploads\/2015\/01\/colectivos-micro-bah%C3%ADa-blanca.jpg?resize=525%2C300 1.5x"},"classes":[]}],"jetpack_sharing_enabled":true,"jetpack_likes_enabled":true,"jetpack_featured_media_url":"","_links":{"self":[{"href":"http:\/\/www.24baires.com\/index.php?rest_route=\/wp\/v2\/posts\/63890","targetHints":{"allow":["GET"]}}],"collection":[{"href":"http:\/\/www.24baires.com\/index.php?rest_route=\/wp\/v2\/posts"}],"about":[{"href":"http:\/\/www.24baires.com\/index.php?rest_route=\/wp\/v2\/types\/post"}],"author":[{"embeddable":true,"href":"http:\/\/www.24baires.com\/index.php?rest_route=\/wp\/v2\/users\/11"}],"replies":[{"embeddable":true,"href":"http:\/\/www.24baires.com\/index.php?rest_route=%2Fwp%2Fv2%2Fcomments&post=63890"}],"version-history":[{"count":1,"href":"http:\/\/www.24baires.com\/index.php?rest_route=\/wp\/v2\/posts\/63890\/revisions"}],"predecessor-version":[{"id":63891,"href":"http:\/\/www.24baires.com\/index.php?rest_route=\/wp\/v2\/posts\/63890\/revisions\/63891"}],"wp:attachment":[{"href":"http:\/\/www.24baires.com\/index.php?rest_route=%2Fwp%2Fv2%2Fmedia&parent=63890"}],"wp:term":[{"taxonomy":"category","embeddable":true,"href":"http:\/\/www.24baires.com\/index.php?rest_route=%2Fwp%2Fv2%2Fcategories&post=63890"},{"taxonomy":"post_tag","embeddable":true,"href":"http:\/\/www.24baires.com\/index.php?rest_route=%2Fwp%2Fv2%2Ftags&post=63890"}],"curies":[{"name":"wp","href":"https:\/\/api.w.org\/{rel}","templated":true}]}}