{"id":63881,"date":"2015-04-05T15:30:14","date_gmt":"2015-04-05T18:30:14","guid":{"rendered":"http:\/\/www.24baires.com\/?p=63881"},"modified":"2015-04-05T13:39:55","modified_gmt":"2015-04-05T16:39:55","slug":"con-massa-no-hay-que-tener-experiencia-sino-mas-mangos-evaluo-felipe-sola","status":"publish","type":"post","link":"http:\/\/www.24baires.com\/?p=63881","title":{"rendered":"Con Massa \u201cno hay que tener experiencia, sino m\u00e1s mangos\u201d evalu\u00f3 Felipe Sol\u00e1"},"content":{"rendered":"<p><img data-recalc-dims=\"1\" loading=\"lazy\" decoding=\"async\" class=\"aligncenter size-full wp-image-3601\" src=\"https:\/\/i0.wp.com\/www.24baires.com\/wp-content\/uploads\/2012\/10\/sol%C3%A1.jpg?resize=560%2C420\" alt=\"sol\u00e1\" width=\"560\" height=\"420\" srcset=\"https:\/\/i0.wp.com\/www.24baires.com\/wp-content\/uploads\/2012\/10\/sol%C3%A1.jpg?w=560 560w, https:\/\/i0.wp.com\/www.24baires.com\/wp-content\/uploads\/2012\/10\/sol%C3%A1.jpg?resize=300%2C225 300w\" sizes=\"auto, (max-width: 560px) 100vw, 560px\" \/><\/p>\n<p>El diputado nacional por el Frente Renovador Felipe Sol\u00e1 consider\u00f3 que para ser candidato por el espacio pol\u00edtico que lidera Sergio Massa \u201cno hay que tener experiencia, sino m\u00e1s mangos\u201d, en referencia a la decisi\u00f3n que tom\u00f3 esta semana de bajar su postulaci\u00f3n a la gobernaci\u00f3n de la provincia de Buenos Aires.<!--more--><br \/>\n\u00abEl mejor candidato del Frente Renovador no necesariamente no es el que tiene m\u00e1s experiencia sino m\u00e1s mangos. Me baj\u00e9 porque hubo una decisi\u00f3n de (Sergio) Massa que fue debidamente comunicada y apareci\u00f3 en los diarios hace dos semanas\u00bb, se\u00f1al\u00f3 Sol\u00e1 en declaraciones a Radio Nacional Rock.<br \/>\nEl ex gobernador bonaerense revel\u00f3 que hab\u00eda tratado la posibilidad de retirar su precandidatura al \u201cinterior del Frente Renovador\u201d, y que luego vio publicada esa informaci\u00f3n en los diarios.<br \/>\n\u00abCuando me enter\u00e9 por los diarios, eso seguro sali\u00f3 de alg\u00fan lugar y expresa algo que fue conversado dentro del Frente pero no me sorprendi\u00f3. La verdad es que no creo que se pueda ser candidato a clase B. Mis condiciones para remar no son los mejores entonces entend\u00ed el mensaje pol\u00edtico\u00bb, explic\u00f3 Sol\u00e1.<br \/>\nEn ese sentido, el legislador apunt\u00f3 sobre la figura de Alberto Fern\u00e1ndez, uno de los principales asesores de Massa, al observar que \u201cno se puede aconsejar a otro dirigente desde los medios\u201d.<br \/>\n\u00abSoy amigo de Alberto Fern\u00e1ndez pero no creo que se pueda aconsejar desde los medios. Es algo que se hace personalmente, por tel\u00e9fono, por un chat pero no as\u00ed. Me pareci\u00f3 un exceso de arrogancia decir que fulano se tiene que bajar\u00bb, recalc\u00f3.<br \/>\nSola estim\u00f3 que hab\u00eda \u201cachicado los n\u00fameros\u201d con respecto a los otros precandidatos del Frente Renovador, pero reconoci\u00f3 que se qued\u00f3 \u201csin potencia\u201d como para afirmarse como opci\u00f3n ante el electorado.<br \/>\n\u00abVen\u00edamos de achicar el n\u00famero. Era muy dif\u00edcil mantener el ritmo de potencia. Si uno tienen un cartel chiquito que dice que fuiste un muy buen gobernador y al lado ten\u00e9s un cartel de 10 x 10 es muy dif\u00edcil\u00bb, explic\u00f3.<br \/>\nEn relaci\u00f3n al apoyo empresarial que recibe la figura de Mauricio Macri, Sola indic\u00f3 que \u201cse trata de gente que est\u00e1 desesperada para qui\u00e9n puede ser el candidato\u201d.<br \/>\n\u201cEl c\u00edrculo rojo se encerr\u00f3 sobre (Mauricio) Macri, ahora el problema lo tiene \u00e9l. Tendr\u00e1 m\u00e1s plata para la campa\u00f1a pero eso no es gratis. El PRO no es algo nuevo; parece una junta deportiva porque tienen los mejores equipos\u00bb, ironiz\u00f3.<\/p>\n","protected":false},"excerpt":{"rendered":"<p>El diputado nacional por el Frente Renovador Felipe Sol\u00e1 consider\u00f3 que para ser candidato por el espacio pol\u00edtico que lidera Sergio Massa \u201cno hay que tener experiencia, sino m\u00e1s mangos\u201d, en referencia a la decisi\u00f3n que tom\u00f3 esta semana de bajar su postulaci\u00f3n a la gobernaci\u00f3n de la provincia de Buenos Aires.<\/p>\n","protected":false},"author":11,"featured_media":0,"comment_status":"open","ping_status":"open","sticky":false,"template":"","format":"standard","meta":{"_jetpack_newsletter_access":"","_jetpack_dont_email_post_to_subs":false,"_jetpack_newsletter_tier_id":0,"_jetpack_memberships_contains_paywalled_content":false,"_jetpack_memberships_contains_paid_content":false,"footnotes":""},"categories":[51],"tags":[],"class_list":["post-63881","post","type-post","status-publish","format-standard","hentry","category-politica"],"jetpack_shortlink":"https:\/\/wp.me\/p2JWE0-gCl","jetpack-related-posts":[{"id":80891,"url":"http:\/\/www.24baires.com\/?p=80891","url_meta":{"origin":63881,"position":0},"title":"Massa duro con los tarifazos: \u00abel Gobierno entr\u00f3 al quir\u00f3fano con una motosierra\u00bb","author":"GB","date":"01\/04\/2016","format":false,"excerpt":"El l\u00edder del Frente Renovador cuestion\u00f3 los fuertes aumentos en las tarifas de los servicios al asegurar que \"no es la forma\" de bajar la inflaci\u00f3n ya que \"lo sufre el bolsillo de la gente\". \"Controlemos a los empresarios que son los formadores de precios\", reclam\u00f3. El ex candidato presidencial\u2026","rel":"","context":"En \u00abPol\u00edtica\u00bb","block_context":{"text":"Pol\u00edtica","link":"http:\/\/www.24baires.com\/?cat=51"},"img":{"alt_text":"sergio massa","src":"https:\/\/i0.wp.com\/www.24baires.com\/wp-content\/uploads\/2015\/06\/sergio-massa.jpg?resize=350%2C200","width":350,"height":200,"srcset":"https:\/\/i0.wp.com\/www.24baires.com\/wp-content\/uploads\/2015\/06\/sergio-massa.jpg?resize=350%2C200 1x, https:\/\/i0.wp.com\/www.24baires.com\/wp-content\/uploads\/2015\/06\/sergio-massa.jpg?resize=525%2C300 1.5x"},"classes":[]},{"id":73807,"url":"http:\/\/www.24baires.com\/?p=73807","url_meta":{"origin":63881,"position":1},"title":"Sol\u00e1: \u00abSin Massa, Scioli le gana caminando a Macri\u00bb","author":"GB","date":"19\/10\/2015","format":false,"excerpt":"De cara a las elecciones del pr\u00f3ximo domingo, el candidato a gobernador de Buenos Aires por el frente Unidos por una Nueva Alternativa (UNA), Felipe Sol\u00e1, expres\u00f3 que sin la presencia de su espacio, liderado por Sergio Massa, el kirchnerismo ganar\u00eda en primera vuelta. \"Si no estuviera el Frente Renovador,\u2026","rel":"","context":"En \u00abElecciones 2015\u00bb","block_context":{"text":"Elecciones 2015","link":"http:\/\/www.24baires.com\/?cat=74"},"img":{"alt_text":"felipe sol\u00e1","src":"https:\/\/i0.wp.com\/www.24baires.com\/wp-content\/uploads\/2014\/07\/felipe-sol%C3%A1.jpg?resize=350%2C200","width":350,"height":200,"srcset":"https:\/\/i0.wp.com\/www.24baires.com\/wp-content\/uploads\/2014\/07\/felipe-sol%C3%A1.jpg?resize=350%2C200 1x, https:\/\/i0.wp.com\/www.24baires.com\/wp-content\/uploads\/2014\/07\/felipe-sol%C3%A1.jpg?resize=525%2C300 1.5x"},"classes":[]},{"id":108568,"url":"http:\/\/www.24baires.com\/?p=108568","url_meta":{"origin":63881,"position":2},"title":"Massa desminti\u00f3 una presunta \u201ccumbre\u201d con Vidal que anunci\u00f3 Clar\u00edn","author":"GB","date":"04\/06\/2019","format":false,"excerpt":"Desde la red social Twitter, el l\u00edder del Frente Renovador acus\u00f3 al Gobierno nacional de haber montado una operaci\u00f3n medi\u00e1tica para \u201cpegarlo\u201d a Vidal. Les sugiri\u00f3 que se dediquen a gobernar. Los coletazos del cada vez m\u00e1s firme \u201cplan Y\u201d, que facilitar\u00eda a la gobernadora Mar\u00eda Eugenia Vidal a adherirse\u2026","rel":"","context":"En \u00abPol\u00edtica\u00bb","block_context":{"text":"Pol\u00edtica","link":"http:\/\/www.24baires.com\/?cat=51"},"img":{"alt_text":"","src":"https:\/\/i0.wp.com\/www.24baires.com\/wp-content\/uploads\/2018\/11\/vidal-massa-300x200.jpg?resize=350%2C200","width":350,"height":200},"classes":[]},{"id":29986,"url":"http:\/\/www.24baires.com\/?p=29986","url_meta":{"origin":63881,"position":3},"title":"El Frente Renovador espera los resultados del escrutinio","author":"GB","date":"11\/08\/2013","format":false,"excerpt":"La cautela predomina en la sede de campa\u00f1a de Sergio Massa, precandidato a diputado del Frente Renovador, mientras se siguen atentamente los primeros c\u00f3mputos extraoficiales enviados por los propios fiscales partidarios. En ese marco, el candidato a diputado nacional del Frente Renovador Jos\u00e9 Ignacio De Mendiguren dijo que \"Sergio (Massa)\u2026","rel":"","context":"En \u00abPASO2013\u00bb","block_context":{"text":"PASO2013","link":"http:\/\/www.24baires.com\/?cat=71"},"img":{"alt_text":"FrenteRenovador- bunker","src":"https:\/\/i0.wp.com\/www.24baires.com\/wp-content\/uploads\/2013\/08\/FrenteRenovador-bunker.jpg?resize=350%2C200","width":350,"height":200},"classes":[]},{"id":94768,"url":"http:\/\/www.24baires.com\/?p=94768","url_meta":{"origin":63881,"position":4},"title":"Sol\u00e1 confirm\u00f3 que ser\u00e1 candidato a diputado por el Frente Renovador","author":"GB","date":"25\/05\/2017","format":false,"excerpt":"El ex gobernador de la provincia de Buenos Aires despej\u00f3 las dudas por un posible paso a las filas del randazzismo y ratific\u00f3 que se queda con Massa. El diputado nacional del Frente Renovador Felipe Sol\u00e1 anticip\u00f3 que ser\u00e1 candidato a renovar su banca en la C\u00e1mara baja por la\u2026","rel":"","context":"En \u00abPol\u00edtica\u00bb","block_context":{"text":"Pol\u00edtica","link":"http:\/\/www.24baires.com\/?cat=51"},"img":{"alt_text":"","src":"https:\/\/i0.wp.com\/www.24baires.com\/wp-content\/uploads\/2012\/10\/sol%C3%A1.jpg?resize=350%2C200","width":350,"height":200,"srcset":"https:\/\/i0.wp.com\/www.24baires.com\/wp-content\/uploads\/2012\/10\/sol%C3%A1.jpg?resize=350%2C200 1x, https:\/\/i0.wp.com\/www.24baires.com\/wp-content\/uploads\/2012\/10\/sol%C3%A1.jpg?resize=525%2C300 1.5x"},"classes":[]},{"id":100697,"url":"http:\/\/www.24baires.com\/?p=100697","url_meta":{"origin":63881,"position":5},"title":"Sol\u00e1: \u00abMassa va a tener que sumarse a la unidad del peronismo\u00bb","author":"GB","date":"23\/02\/2018","format":false,"excerpt":"El diputado nacional del FR sostuvo que \"lo importante es la unidad para enfrentar al neoliberalismo\". En medio de la discusi\u00f3n por la unidad del PJ de cara al 2019, el diputado nacional Felipe Sol\u00e1 presion\u00f3 a su actual jefe pol\u00edtico Sergio Massa para que haga a un lado sus\u2026","rel":"","context":"En \u00abPol\u00edtica\u00bb","block_context":{"text":"Pol\u00edtica","link":"http:\/\/www.24baires.com\/?cat=51"},"img":{"alt_text":"","src":"https:\/\/i0.wp.com\/www.24baires.com\/wp-content\/uploads\/2014\/07\/felipe-sol%C3%A1.jpg?resize=350%2C200","width":350,"height":200,"srcset":"https:\/\/i0.wp.com\/www.24baires.com\/wp-content\/uploads\/2014\/07\/felipe-sol%C3%A1.jpg?resize=350%2C200 1x, https:\/\/i0.wp.com\/www.24baires.com\/wp-content\/uploads\/2014\/07\/felipe-sol%C3%A1.jpg?resize=525%2C300 1.5x"},"classes":[]}],"jetpack_sharing_enabled":true,"jetpack_likes_enabled":true,"jetpack_featured_media_url":"","_links":{"self":[{"href":"http:\/\/www.24baires.com\/index.php?rest_route=\/wp\/v2\/posts\/63881","targetHints":{"allow":["GET"]}}],"collection":[{"href":"http:\/\/www.24baires.com\/index.php?rest_route=\/wp\/v2\/posts"}],"about":[{"href":"http:\/\/www.24baires.com\/index.php?rest_route=\/wp\/v2\/types\/post"}],"author":[{"embeddable":true,"href":"http:\/\/www.24baires.com\/index.php?rest_route=\/wp\/v2\/users\/11"}],"replies":[{"embeddable":true,"href":"http:\/\/www.24baires.com\/index.php?rest_route=%2Fwp%2Fv2%2Fcomments&post=63881"}],"version-history":[{"count":1,"href":"http:\/\/www.24baires.com\/index.php?rest_route=\/wp\/v2\/posts\/63881\/revisions"}],"predecessor-version":[{"id":63882,"href":"http:\/\/www.24baires.com\/index.php?rest_route=\/wp\/v2\/posts\/63881\/revisions\/63882"}],"wp:attachment":[{"href":"http:\/\/www.24baires.com\/index.php?rest_route=%2Fwp%2Fv2%2Fmedia&parent=63881"}],"wp:term":[{"taxonomy":"category","embeddable":true,"href":"http:\/\/www.24baires.com\/index.php?rest_route=%2Fwp%2Fv2%2Fcategories&post=63881"},{"taxonomy":"post_tag","embeddable":true,"href":"http:\/\/www.24baires.com\/index.php?rest_route=%2Fwp%2Fv2%2Ftags&post=63881"}],"curies":[{"name":"wp","href":"https:\/\/api.w.org\/{rel}","templated":true}]}}