{"id":63879,"date":"2015-04-05T14:30:25","date_gmt":"2015-04-05T17:30:25","guid":{"rendered":"http:\/\/www.24baires.com\/?p=63879"},"modified":"2015-04-05T13:28:42","modified_gmt":"2015-04-05T16:28:42","slug":"michetti-sigue-enojada-con-macri","status":"publish","type":"post","link":"http:\/\/www.24baires.com\/?p=63879","title":{"rendered":"Michetti sigue enojada con Macri"},"content":{"rendered":"<p><img data-recalc-dims=\"1\" loading=\"lazy\" decoding=\"async\" class=\"aligncenter size-full wp-image-51546\" src=\"https:\/\/i0.wp.com\/www.24baires.com\/wp-content\/uploads\/2014\/08\/michetti.jpg?resize=560%2C282\" alt=\"michetti\" width=\"560\" height=\"282\" srcset=\"https:\/\/i0.wp.com\/www.24baires.com\/wp-content\/uploads\/2014\/08\/michetti.jpg?w=560 560w, https:\/\/i0.wp.com\/www.24baires.com\/wp-content\/uploads\/2014\/08\/michetti.jpg?resize=300%2C151 300w\" sizes=\"auto, (max-width: 560px) 100vw, 560px\" \/><\/p>\n<p>La precandidata a jefa de Gobierno porte\u00f1o del PRO, Gabriela Michetti, consider\u00f3 hoy que \u201clo l\u00f3gico es que fuera prescindente\u201d Mauricio Macri en las PASO que se realizar\u00e1n el 26 de abril en la ciudad de Buenos Aires, al cuestionar el apoyo del l\u00edder de la agrupaci\u00f3n a Horacio Rodr\u00edguez Larreta.<!--more--><br \/>\n\u201cCreo que se equivoca en el sentido de que lo l\u00f3gico, desde mi criterio o desde mi deseo, era que Mauricio fuera prescindente\u201d, sostuvo la senadora nacional.<br \/>\nEn una entrevista publicada hoy en el diario P\u00e1gina 12, Michetti se apur\u00f3 en resguardar la figura de su jefe pol\u00edtico, al se\u00f1alar que \u201cest\u00e1 claro que no hay ninguna posibilidad de que, si yo gano, pierda Mauricio\u201d.<br \/>\n\u201cSi gano yo, pierde Horacio. Punto. No hay posibilidad de que Mauricio tenga alg\u00fan roce si yo gano. Siempre he estado al lado de Mauricio. Voy a seguir a su lado y voy a hacer lo imposible para que sea presidente\u201d, manifest\u00f3.<br \/>\nSeguidamente, la precandidata del macrismo insisti\u00f3: \u201cLos que quieren separarnos, y \u00e9sta sea la pelea de Mauricio contra Gabriela, no lo van a lograr\u201d.<br \/>\n\u201cEn vez de tener una campa\u00f1a con propuestas entre Horacio y yo, todo el tiempo ha sido si Mauricio lo apoya, si yo estoy contenta\u201d, se quej\u00f3.<br \/>\nAnte la posibilidad de una derrota suya en las PASO, Michetti asegur\u00f3 que va a seguir \u201ctrabajando con Mauricio y en el PRO en la campa\u00f1a nacional\u201d, aunque aclar\u00f3 que \u201cpensamos que vamos a ganar en la interna\u201d.<br \/>\n\u201cEra importante la prescindencia para mantener la nivelaci\u00f3n de la cancha, porque la palabra de Mauricio es muy potente. En ese sentido, hoy hay una desnivelaci\u00f3n\u201d, admiti\u00f3.<br \/>\nPor \u00faltimo, la senadora nacional dijo desconocer quien, en un eventual triunfo suyo en las elecciones primarias, ser\u00eda su compa\u00f1ero de f\u00f3rmula como candidato a vicejefe de Gobierno porte\u00f1o.<br \/>\n\u201cNo lo pens\u00e9 ni por asomo. Nuestra campa\u00f1a es muy dif\u00edcil. Estamos todos los d\u00edas peleando, peleando, peleando\u201d, complet\u00f3.<\/p>\n","protected":false},"excerpt":{"rendered":"<p>La precandidata a jefa de Gobierno porte\u00f1o del PRO, Gabriela Michetti, consider\u00f3 hoy que \u201clo l\u00f3gico es que fuera prescindente\u201d Mauricio Macri en las PASO que se realizar\u00e1n el 26 de abril en la ciudad de Buenos Aires, al cuestionar el apoyo del l\u00edder de la agrupaci\u00f3n a Horacio Rodr\u00edguez Larreta.<\/p>\n","protected":false},"author":11,"featured_media":0,"comment_status":"open","ping_status":"open","sticky":false,"template":"","format":"standard","meta":{"_jetpack_newsletter_access":"","_jetpack_dont_email_post_to_subs":false,"_jetpack_newsletter_tier_id":0,"_jetpack_memberships_contains_paywalled_content":false,"_jetpack_memberships_contains_paid_content":false,"footnotes":""},"categories":[51],"tags":[],"class_list":["post-63879","post","type-post","status-publish","format-standard","hentry","category-politica"],"jetpack_shortlink":"https:\/\/wp.me\/p2JWE0-gCj","jetpack-related-posts":[{"id":102347,"url":"http:\/\/www.24baires.com\/?p=102347","url_meta":{"origin":63879,"position":0},"title":"Frente a Macri, Poli pidi\u00f3 que los pobres no sean excluidos y cit\u00f3 al Papa","author":"GB","date":"25\/05\/2018","format":false,"excerpt":"El cardenal dio un fuerte mensaje ante el jefe de Estado donde se\u00f1al\u00f3 que en la \"Argentina no sobra nadie\" y manifest\u00f3 que \"todas las personas son importantes\". El presidente Mauricio Macri vivi\u00f3 un tenso momento en el tradicional Tedeum en la Catedral metropolitana, cuando el arzobispo de Buenos Aires\u2026","rel":"","context":"En \u00abPol\u00edtica\u00bb","block_context":{"text":"Pol\u00edtica","link":"http:\/\/www.24baires.com\/?cat=51"},"img":{"alt_text":"","src":"https:\/\/i0.wp.com\/www.24baires.com\/wp-content\/uploads\/2018\/05\/macri-25-de-mayo.jpg?resize=350%2C200","width":350,"height":200,"srcset":"https:\/\/i0.wp.com\/www.24baires.com\/wp-content\/uploads\/2018\/05\/macri-25-de-mayo.jpg?resize=350%2C200 1x, https:\/\/i0.wp.com\/www.24baires.com\/wp-content\/uploads\/2018\/05\/macri-25-de-mayo.jpg?resize=525%2C300 1.5x"},"classes":[]},{"id":67815,"url":"http:\/\/www.24baires.com\/?p=67815","url_meta":{"origin":63879,"position":1},"title":"Macri anunci\u00f3 que su vice ser\u00e1 Gabriela Michetti","author":"AF","date":"19\/06\/2015","format":false,"excerpt":"Lo confirm\u00f3 Mauricio Macri y esa ser\u00e1 la f\u00f3rmula para las elecciones presidenciales. El jefe de Gobierno porte\u00f1o, Mauricio Macri, y Gabriela Michetti ser\u00e1n la f\u00f3rmula que se postule para las elecciones presidenciales por parte del PRO. Michetti particip\u00f3 en las PASO porte\u00f1as, que tuvieron lugar en abril \u00faltimo, y\u2026","rel":"","context":"En \u00abElecciones 2015\u00bb","block_context":{"text":"Elecciones 2015","link":"http:\/\/www.24baires.com\/?cat=74"},"img":{"alt_text":"macri michetti","src":"https:\/\/i0.wp.com\/www.24baires.com\/wp-content\/uploads\/2015\/06\/macri-michetti-300x300.jpg?resize=350%2C200","width":350,"height":200},"classes":[]},{"id":60198,"url":"http:\/\/www.24baires.com\/?p=60198","url_meta":{"origin":63879,"position":2},"title":"Macri design\u00f3 a Michetti como candidata a sucederlo en la Capital","author":"AF","date":"16\/01\/2015","format":false,"excerpt":"Tras meses de disputas internas, presiones y reuniones, la senadora recibi\u00f3 finalmente el visto bueno del jefe de Gobierno y pelear\u00e1 por la candidatura contra el vicejefe, Horacio Rodr\u00edguez Larreta. El jefe del Gobierno porte\u00f1o, Mauricio Macri, y Gabriela Michetti finalmente alcanzaron un acuerdo y la senadora ser\u00e1 candidata a\u2026","rel":"","context":"En \u00abPol\u00edtica\u00bb","block_context":{"text":"Pol\u00edtica","link":"http:\/\/www.24baires.com\/?cat=51"},"img":{"alt_text":"michetti","src":"https:\/\/i0.wp.com\/www.24baires.com\/wp-content\/uploads\/2014\/08\/michetti.jpg?resize=350%2C200","width":350,"height":200,"srcset":"https:\/\/i0.wp.com\/www.24baires.com\/wp-content\/uploads\/2014\/08\/michetti.jpg?resize=350%2C200 1x, https:\/\/i0.wp.com\/www.24baires.com\/wp-content\/uploads\/2014\/08\/michetti.jpg?resize=525%2C300 1.5x"},"classes":[]},{"id":4910,"url":"http:\/\/www.24baires.com\/?p=4910","url_meta":{"origin":63879,"position":3},"title":"Michetti reiter\u00f3 que no le interesa ser candidata en Provincia","author":"AF","date":"10\/11\/2012","format":false,"excerpt":"La diputada del Pro sostuvo que de ninguna manera participar\u00e1 en elecciones en la Provincia. \"Yo no puedo hacer lo que no me sale de adentro\", dijo y asegur\u00f3: \"Lo mejor de m\u00ed lo puedo dar en la Capital\". Cuestion\u00f3 el estilo del Jefe de Gabinete de Macri y se\u00f1al\u00f3\u2026","rel":"","context":"En \u00abPol\u00edtica\u00bb","block_context":{"text":"Pol\u00edtica","link":"http:\/\/www.24baires.com\/?cat=51"},"img":{"alt_text":"","src":"https:\/\/i0.wp.com\/www.24baires.com\/wp-content\/uploads\/2012\/11\/larreta-michetti.jpg?resize=350%2C200","width":350,"height":200},"classes":[]},{"id":113293,"url":"http:\/\/www.24baires.com\/?p=113293","url_meta":{"origin":63879,"position":4},"title":"Macri y Alberto asistir\u00e1n a la Misa por la Unidad en Luj\u00e1n","author":"AF","date":"07\/12\/2019","format":false,"excerpt":"El presidente electo tambi\u00e9n estar\u00e1 acompa\u00f1ado por el futuro Secretario de Culto Guillermo Oliveri. Vidal, Michetti y Rodr\u00edguez Larreta estar\u00e1n junto a Macri. A dos d\u00edas del cambio de gobierno, el presidente Mauricio Macri y el mandatario electo Alberto Fern\u00e1ndez compartir\u00e1n este domingo una misa por la \"unidad y la\u2026","rel":"","context":"En \u00abPol\u00edtica\u00bb","block_context":{"text":"Pol\u00edtica","link":"http:\/\/www.24baires.com\/?cat=51"},"img":{"alt_text":"","src":"https:\/\/i0.wp.com\/www.24baires.com\/wp-content\/uploads\/2019\/08\/fern%C3%A1ndez-alberto-macri.jpg?resize=350%2C200","width":350,"height":200,"srcset":"https:\/\/i0.wp.com\/www.24baires.com\/wp-content\/uploads\/2019\/08\/fern%C3%A1ndez-alberto-macri.jpg?resize=350%2C200 1x, https:\/\/i0.wp.com\/www.24baires.com\/wp-content\/uploads\/2019\/08\/fern%C3%A1ndez-alberto-macri.jpg?resize=525%2C300 1.5x"},"classes":[]},{"id":110889,"url":"http:\/\/www.24baires.com\/?p=110889","url_meta":{"origin":63879,"position":5},"title":"\u00abLa inflaci\u00f3n es como una enfermedad muy rara en el siglo XXI\u00bb","author":"AF","date":"21\/06\/2019","format":false,"excerpt":"Gabriela Michetti dio una entrevista televisiva en la que dej\u00f3 su impronta. Al ser consultada sobre las responsabilidades del Gobierno ante una posible vuelta del kirchnerismo a la Casa Rosada, la vicepresidenta respondi\u00f3 que se trata de \u201cun problema de la sociedad, un tema cultural\u201d. En la primera entrevista desde\u2026","rel":"","context":"En \u00abPol\u00edtica\u00bb","block_context":{"text":"Pol\u00edtica","link":"http:\/\/www.24baires.com\/?cat=51"},"img":{"alt_text":"","src":"https:\/\/i0.wp.com\/www.24baires.com\/wp-content\/uploads\/2019\/06\/michetti.jpg?resize=350%2C200","width":350,"height":200,"srcset":"https:\/\/i0.wp.com\/www.24baires.com\/wp-content\/uploads\/2019\/06\/michetti.jpg?resize=350%2C200 1x, https:\/\/i0.wp.com\/www.24baires.com\/wp-content\/uploads\/2019\/06\/michetti.jpg?resize=525%2C300 1.5x"},"classes":[]}],"jetpack_sharing_enabled":true,"jetpack_likes_enabled":true,"jetpack_featured_media_url":"","_links":{"self":[{"href":"http:\/\/www.24baires.com\/index.php?rest_route=\/wp\/v2\/posts\/63879","targetHints":{"allow":["GET"]}}],"collection":[{"href":"http:\/\/www.24baires.com\/index.php?rest_route=\/wp\/v2\/posts"}],"about":[{"href":"http:\/\/www.24baires.com\/index.php?rest_route=\/wp\/v2\/types\/post"}],"author":[{"embeddable":true,"href":"http:\/\/www.24baires.com\/index.php?rest_route=\/wp\/v2\/users\/11"}],"replies":[{"embeddable":true,"href":"http:\/\/www.24baires.com\/index.php?rest_route=%2Fwp%2Fv2%2Fcomments&post=63879"}],"version-history":[{"count":1,"href":"http:\/\/www.24baires.com\/index.php?rest_route=\/wp\/v2\/posts\/63879\/revisions"}],"predecessor-version":[{"id":63880,"href":"http:\/\/www.24baires.com\/index.php?rest_route=\/wp\/v2\/posts\/63879\/revisions\/63880"}],"wp:attachment":[{"href":"http:\/\/www.24baires.com\/index.php?rest_route=%2Fwp%2Fv2%2Fmedia&parent=63879"}],"wp:term":[{"taxonomy":"category","embeddable":true,"href":"http:\/\/www.24baires.com\/index.php?rest_route=%2Fwp%2Fv2%2Fcategories&post=63879"},{"taxonomy":"post_tag","embeddable":true,"href":"http:\/\/www.24baires.com\/index.php?rest_route=%2Fwp%2Fv2%2Ftags&post=63879"}],"curies":[{"name":"wp","href":"https:\/\/api.w.org\/{rel}","templated":true}]}}