{"id":63873,"date":"2015-04-05T12:00:52","date_gmt":"2015-04-05T15:00:52","guid":{"rendered":"http:\/\/www.24baires.com\/?p=63873"},"modified":"2015-04-05T11:23:14","modified_gmt":"2015-04-05T14:23:14","slug":"para-dominguez-el-rival-del-frente-para-la-victoria-es-el-liberalismo","status":"publish","type":"post","link":"http:\/\/www.24baires.com\/?p=63873","title":{"rendered":"Para Dom\u00ednguez, el rival del Frente para la Victoria es el liberalismo"},"content":{"rendered":"<p><img data-recalc-dims=\"1\" loading=\"lazy\" decoding=\"async\" class=\"aligncenter size-full wp-image-12970\" src=\"https:\/\/i0.wp.com\/www.24baires.com\/wp-content\/uploads\/2013\/01\/dominguez_julian.jpg?resize=560%2C307\" alt=\"dominguez_julian\" width=\"560\" height=\"307\" srcset=\"https:\/\/i0.wp.com\/www.24baires.com\/wp-content\/uploads\/2013\/01\/dominguez_julian.jpg?w=560 560w, https:\/\/i0.wp.com\/www.24baires.com\/wp-content\/uploads\/2013\/01\/dominguez_julian.jpg?resize=300%2C164 300w\" sizes=\"auto, (max-width: 560px) 100vw, 560px\" \/><\/p>\n<p>\u201cSeguimos sembrando la semilla de la ilusi\u00f3n y el futuro en la provincia\u201d, dijo el titular de la C\u00e1mara baja en un acto de campa\u00f1a en el Partido de la Costa.<!--more--><\/p>\n<p>El presidente de la C\u00e1mara de Diputados y precandidato a gobernador bonaerense, Juli\u00e1n Dom\u00ednguez, asegur\u00f3 que \u201cmientras otros siembran tempestades, nosotros seguimos sembrando la semilla de la ilusi\u00f3n y el futuro en la provincia\u201d, y apunt\u00f3 contra \u201clos liberales que realizan propuestas demag\u00f3gicas, pero en realidad quieren volver al ajuste y a los beneficios para unos pocos\u201d, durante un acto realizado en el local del Movimiento San Mart\u00edn en el Partido de la Costa.<\/p>\n<p>\u201cAyer en Tandil dialogu\u00e9 con decenas de emprendedores que prosperan gracias a la denominaci\u00f3n de origen y el agregado de valor a la producci\u00f3n. Hoy en la costa atl\u00e1ntica miles de argentinos disfrutan del fin de semana y a la vez dinamizan el futuro. Cristina nos deja un pa\u00eds desendeudado y una provincia que tiene todo para seguir creciendo, por eso mientras otros siembran tempestades, nosotros seguimos sembrando la semilla de la ilusi\u00f3n y el futuro en la provincia\u201d, sostuvo Dom\u00ednguez.<\/p>\n<p>En el encuentro que encabez\u00f3 en la localidad de La Lucila del Mar, el titular de la C\u00e1mara baja advirti\u00f3: \u201cEl rival que tiene el FpV en las pr\u00f3ximas elecciones es el liberalismo, y sabemos c\u00f3mo nos fue cuando se siguieron pol\u00edticas liberales. Por eso cuidado con los candidatos que creen en el mercado y no en un Estado solidario. Cuidado con los que quieren arreglar con los fondos buitre o dicen que enviar un sat\u00e9lite al espacio es un gasto absurdo, porque van a poner en peligro las conquistas que logro el pueblo argentino en estos doce a\u00f1os\u201d.<\/p>\n<p>\u201cSon los candidatos de la contra. Votaron en contra de estatizar los fondos de las AFJP, en contra de nacionalizar YPF, en contra de desendeudarnos, y ahora se amontonan en contra del proyecto inclusivo que nosotros defendemos\u201d, afirm\u00f3, y complet\u00f3: \u201cLos rejuntes en contra de cualquiera nunca terminaron bien. Nosotros estamos en favor de una provincia proyectada desde la generaci\u00f3n de empleo, la industrializaci\u00f3n de la producci\u00f3n, la radicaci\u00f3n de polos tecnol\u00f3gicos\u201d.<\/p>\n<p>Asimismo, Juli\u00e1n Dom\u00ednguez se\u00f1al\u00f3 que trabajar\u00e1 para \u201cconvocar a la unidad de todo el peronismo bonaerense y ampliar las bases de sustentaci\u00f3n con los sectores productivos, educativos, sociales y, sobre todo, con los j\u00f3venes\u201d, y remarc\u00f3: \u201cAspiro a conducir la provincia y sintetizar la voluntad de todos los dirigentes que quieren acompa\u00f1ar el proyecto que encabeza Cristina Fern\u00e1ndez de Kirchner\u201d.<\/p>\n<p>Durante el acto, estuvieron presentes Jos\u00e9 Luis Casares, integrante de la mesa pol\u00edtico sindical de la Provincia de Buenos Aires; Marcelo Fern\u00e1ndez, titular de la agrupaci\u00f3n Jos\u00e9 Ber Gelbard y el cantautor Ignacio Copani.<\/p>\n<p>&nbsp;<\/p>\n<p>&nbsp;<\/p>\n<p>&nbsp;<\/p>\n<p>&nbsp;<\/p>\n<p>&nbsp;<\/p>\n<p>&nbsp;<\/p>\n","protected":false},"excerpt":{"rendered":"<p>\u201cSeguimos sembrando la semilla de la ilusi\u00f3n y el futuro en la provincia\u201d, dijo el titular de la C\u00e1mara baja en un acto de campa\u00f1a en el Partido de la Costa.<\/p>\n","protected":false},"author":11,"featured_media":0,"comment_status":"open","ping_status":"open","sticky":false,"template":"","format":"standard","meta":{"_jetpack_newsletter_access":"","_jetpack_dont_email_post_to_subs":false,"_jetpack_newsletter_tier_id":0,"_jetpack_memberships_contains_paywalled_content":false,"_jetpack_memberships_contains_paid_content":false,"footnotes":""},"categories":[51],"tags":[],"class_list":["post-63873","post","type-post","status-publish","format-standard","hentry","category-politica"],"jetpack_shortlink":"https:\/\/wp.me\/p2JWE0-gCd","jetpack-related-posts":[{"id":29077,"url":"http:\/\/www.24baires.com\/?p=29077","url_meta":{"origin":63873,"position":0},"title":"Juli\u00e1n Dom\u00ednguez: \u201cEn la Sociedad Rural hay dirigentes j\u00f3venes con mentalidad vieja\u201d","author":"Grupo Sierra","date":"28\/07\/2013","format":false,"excerpt":"CHACABUCO.- El presidente de la C\u00e1mara de Diputados de la Naci\u00f3n, Juli\u00e1n Dom\u00ednguez, afirm\u00f3 esta tarde durante una recorrida por la localidad de Chacabuco que \u201cen la Sociedad Rural hay dirigentes j\u00f3venes con mentalidad vieja. Donde lo individual y lo sectorial esta por encima de todo y de todos. Que\u2026","rel":"","context":"En \u00abPol\u00edtica\u00bb","block_context":{"text":"Pol\u00edtica","link":"http:\/\/www.24baires.com\/?cat=51"},"img":{"alt_text":"","src":"","width":0,"height":0},"classes":[]},{"id":58622,"url":"http:\/\/www.24baires.com\/?p=58622","url_meta":{"origin":63873,"position":1},"title":"Dom\u00ednguez se suma oficialmente a \u00ablos presidenciables\u00bb del FPV","author":"Grupo Sierra","date":"14\/12\/2014","format":false,"excerpt":"El titular de la C\u00e1mara de Diputados de la Naci\u00f3n encabez\u00f3 un acto en Z\u00e1rate, junto a representantes de la UOM. \"Quiero ser parte de la conducci\u00f3n del futuro de la Argentina\", blanque\u00f3. l presidente de la C\u00e1mara de Diputados de la Naci\u00f3n y presidenciable del FpV, Juli\u00e1n Dom\u00ednguez, asegur\u00f3\u2026","rel":"","context":"En \u00abElecciones 2015\u00bb","block_context":{"text":"Elecciones 2015","link":"http:\/\/www.24baires.com\/?cat=74"},"img":{"alt_text":"dominguez julian","src":"https:\/\/i0.wp.com\/www.24baires.com\/wp-content\/uploads\/2012\/09\/dominguez-julian.jpg?resize=350%2C200","width":350,"height":200,"srcset":"https:\/\/i0.wp.com\/www.24baires.com\/wp-content\/uploads\/2012\/09\/dominguez-julian.jpg?resize=350%2C200 1x, https:\/\/i0.wp.com\/www.24baires.com\/wp-content\/uploads\/2012\/09\/dominguez-julian.jpg?resize=525%2C300 1.5x"},"classes":[]},{"id":62395,"url":"http:\/\/www.24baires.com\/?p=62395","url_meta":{"origin":63873,"position":2},"title":"Randazzo y Dom\u00ednguez juntos en Chacabuco","author":"Grupo Sierra","date":"27\/02\/2015","format":false,"excerpt":"El presidente de la C\u00e1mara de Diputados de la Naci\u00f3n, Juli\u00e1n Dom\u00ednguez, y el ministro del Interior y Transporte de la Naci\u00f3n, Florencio Randazzo, encabezaron esta tarde el acto de inauguraci\u00f3n de un nuevo servicio ferroviario en la ciudad de Chacabuco. En este marco, Dom\u00ednguez, precandidato presidencial del FpV, se\u00f1al\u00f3:\u2026","rel":"","context":"En \u00abElecciones 2015\u00bb","block_context":{"text":"Elecciones 2015","link":"http:\/\/www.24baires.com\/?cat=74"},"img":{"alt_text":"wpid-20150227185708_jd_con_randazzo.jpg","src":"https:\/\/i0.wp.com\/www.24baires.com\/wp-content\/uploads\/2015\/02\/wpid-20150227185708_jd_con_randazzo-300x165.jpg?resize=350%2C200","width":350,"height":200},"classes":[]},{"id":525,"url":"http:\/\/www.24baires.com\/?p=525","url_meta":{"origin":63873,"position":3},"title":"Aseguran que hay m\u00e1s de 450 mil hect\u00e1reas afectadas por las inundaciones","author":"Grupo Sierra","date":"26\/09\/2012","format":false,"excerpt":"El presidente de la Confederaci\u00f3n de Asociaciones Rurales de Buenos Aires y La Pampa, Horacio Salaverri, se\u00f1al\u00f3 que \"hay m\u00e1s de 450 mil hect\u00e1reas afectadas de la cosecha fina\", por las inundaciones en territorio bonaerense. Tambi\u00e9n indic\u00f3 que \"hay m\u00e1s de 300 mil animales que han muerto, y calculamos en\u2026","rel":"","context":"En \u00abEconom\u00eda\u00bb","block_context":{"text":"Econom\u00eda","link":"http:\/\/www.24baires.com\/?cat=45"},"img":{"alt_text":"","src":"","width":0,"height":0},"classes":[]},{"id":68569,"url":"http:\/\/www.24baires.com\/?p=68569","url_meta":{"origin":63873,"position":4},"title":"Scioli en Presidente Per\u00f3n: \u201cQueremos llegar al rinc\u00f3n de cada barrio de la Provincia\u201d","author":"GB","date":"03\/07\/2015","format":false,"excerpt":"El gobernador bonaerense asegur\u00f3 que est\u00e1 llevando adelante \"la mayor renovaci\u00f3n cuantitativa y cualitativa de la historia de la polic\u00eda\", al encabezar el acto de egreso de 131 oficiales de la polic\u00eda local en la localidad de Presidente Per\u00f3n. \"Quiero una polic\u00eda local con autoridad, no autoritaria, que tenga una\u2026","rel":"","context":"En \u00abPol\u00edtica\u00bb","block_context":{"text":"Pol\u00edtica","link":"http:\/\/www.24baires.com\/?cat=51"},"img":{"alt_text":"poli local lp","src":"https:\/\/i0.wp.com\/www.24baires.com\/wp-content\/uploads\/2015\/03\/poli-local-lp.jpg?resize=350%2C200","width":350,"height":200,"srcset":"https:\/\/i0.wp.com\/www.24baires.com\/wp-content\/uploads\/2015\/03\/poli-local-lp.jpg?resize=350%2C200 1x, https:\/\/i0.wp.com\/www.24baires.com\/wp-content\/uploads\/2015\/03\/poli-local-lp.jpg?resize=525%2C300 1.5x"},"classes":[]},{"id":728,"url":"http:\/\/www.24baires.com\/?p=728","url_meta":{"origin":63873,"position":5},"title":"\u201cLa decisi\u00f3n y la voluntad de su pueblo har\u00e1n realidad la autonom\u00eda de Huanguel\u00e9n\u201d","author":"Grupo Sierra","date":"30\/09\/2012","format":false,"excerpt":"El presidente de la C\u00e1mara de Diputados de la Naci\u00f3n, Juli\u00e1n Dom\u00ednguez, particip\u00f3 esta tarde del acto central por el \u201creclamo de autonom\u00eda\u201d de la comunidad de Huanguel\u00e9n, que tuvo lugar en el marco de los festejos por el centenario de la localidad bonaerense. \u201cLa decisi\u00f3n y la voluntad de\u2026","rel":"","context":"En \u00abLocales\u00bb","block_context":{"text":"Locales","link":"http:\/\/www.24baires.com\/?cat=38"},"img":{"alt_text":"","src":"https:\/\/i0.wp.com\/www.24baires.com\/wp-content\/uploads\/2012\/09\/Dom%C3%ADnguez-Huanguel%C3%A9n.jpg?resize=350%2C200","width":350,"height":200,"srcset":"https:\/\/i0.wp.com\/www.24baires.com\/wp-content\/uploads\/2012\/09\/Dom%C3%ADnguez-Huanguel%C3%A9n.jpg?resize=350%2C200 1x, https:\/\/i0.wp.com\/www.24baires.com\/wp-content\/uploads\/2012\/09\/Dom%C3%ADnguez-Huanguel%C3%A9n.jpg?resize=525%2C300 1.5x"},"classes":[]}],"jetpack_sharing_enabled":true,"jetpack_likes_enabled":true,"jetpack_featured_media_url":"","_links":{"self":[{"href":"http:\/\/www.24baires.com\/index.php?rest_route=\/wp\/v2\/posts\/63873","targetHints":{"allow":["GET"]}}],"collection":[{"href":"http:\/\/www.24baires.com\/index.php?rest_route=\/wp\/v2\/posts"}],"about":[{"href":"http:\/\/www.24baires.com\/index.php?rest_route=\/wp\/v2\/types\/post"}],"author":[{"embeddable":true,"href":"http:\/\/www.24baires.com\/index.php?rest_route=\/wp\/v2\/users\/11"}],"replies":[{"embeddable":true,"href":"http:\/\/www.24baires.com\/index.php?rest_route=%2Fwp%2Fv2%2Fcomments&post=63873"}],"version-history":[{"count":1,"href":"http:\/\/www.24baires.com\/index.php?rest_route=\/wp\/v2\/posts\/63873\/revisions"}],"predecessor-version":[{"id":63874,"href":"http:\/\/www.24baires.com\/index.php?rest_route=\/wp\/v2\/posts\/63873\/revisions\/63874"}],"wp:attachment":[{"href":"http:\/\/www.24baires.com\/index.php?rest_route=%2Fwp%2Fv2%2Fmedia&parent=63873"}],"wp:term":[{"taxonomy":"category","embeddable":true,"href":"http:\/\/www.24baires.com\/index.php?rest_route=%2Fwp%2Fv2%2Fcategories&post=63873"},{"taxonomy":"post_tag","embeddable":true,"href":"http:\/\/www.24baires.com\/index.php?rest_route=%2Fwp%2Fv2%2Ftags&post=63873"}],"curies":[{"name":"wp","href":"https:\/\/api.w.org\/{rel}","templated":true}]}}