{"id":63870,"date":"2015-04-05T11:00:01","date_gmt":"2015-04-05T14:00:01","guid":{"rendered":"http:\/\/www.24baires.com\/?p=63870"},"modified":"2015-04-05T11:00:01","modified_gmt":"2015-04-05T14:00:01","slug":"stiuso-debera-presentarse-en-la-secretaria-de-inteligencia-este-lunes-a-dar-explicaciones","status":"publish","type":"post","link":"http:\/\/www.24baires.com\/?p=63870","title":{"rendered":"Stiuso deber\u00e1 presentarse en la Secretar\u00eda de Inteligencia este lunes a dar explicaciones"},"content":{"rendered":"<p>El ex director de Operaciones Judiciales de la ex SIDE, Horacio Antonio Stiuso, deber\u00e1 presentarse ma\u00f1ana lunes ante las autoridades de la Secretar\u00eda de Inteligencia (SI) para explicar supuestas \u201cconductas dilatorias e irregulares\u201d en su accionar en la investigaci\u00f3n de la causa AMIA.<!--more--><\/p>\n<p>La citaci\u00f3n fue realizada por el actual titular de la SI, Oscar Parrilli, que en una conferencia de prensa realizada el mi\u00e9rcoles pasado, anunci\u00f3 que el ex esp\u00eda deber\u00e1 presentarse ante ese organismo ma\u00f1ana lunes, para explicar la conducta \u00abdilatoria e irregular\u00bb desplegada en su colaboraci\u00f3n en la causa AMIA.<\/p>\n<p>Parrilli explic\u00f3 que en 2005 el fiscal Alberto Nisman y el entonces fiscal (Marcelo Mart\u00ednez) Burgos remitieron a Stiuso \u00abentre 24 y 30 discos compactos con llamadas internacionales entrantes y salientes de la Argentina realizadas entre 1991 y 1996 para efectuar un entrecruzamiento\u00bb.<\/p>\n<p>Sin embargo, el ex director de Operaciones Judiciales \u00abrespond\u00eda que continuaban las tareas\u00bb hecho que nunca se concluy\u00f3 en una actitud que Parrilli calific\u00f3 como \u00abdilatoria e irregular\u00bb.<\/p>\n<p>\u201cAl momento de su jubilaci\u00f3n, Stiuso no hizo entrega de documentaci\u00f3n alguna ni refiri\u00f3 sobre la existencia de tareas en curso, pendientes de respuesta o de importancia y urgencia en relaci\u00f3n a la investigaci\u00f3n\u00bb, dijo Parrilli, y que tampoco \u00abse han encontrado en las distintas \u00e1reas notas o documentos que avalen estas tareas\u00bb.<\/p>\n<p>De esta manera, Antonio Stiuso deber\u00e1 comparecer ante las autoridades de la SI el d\u00eda de ma\u00f1ana, a las 11 hs.<\/p>\n","protected":false},"excerpt":{"rendered":"<p>El ex director de Operaciones Judiciales de la ex SIDE, Horacio Antonio Stiuso, deber\u00e1 presentarse ma\u00f1ana lunes ante las autoridades de la Secretar\u00eda de Inteligencia (SI) para explicar supuestas \u201cconductas dilatorias e irregulares\u201d en su accionar en la investigaci\u00f3n de la causa AMIA.<\/p>\n","protected":false},"author":11,"featured_media":0,"comment_status":"open","ping_status":"open","sticky":false,"template":"","format":"standard","meta":{"_jetpack_newsletter_access":"","_jetpack_dont_email_post_to_subs":false,"_jetpack_newsletter_tier_id":0,"_jetpack_memberships_contains_paywalled_content":false,"_jetpack_memberships_contains_paid_content":false,"footnotes":""},"categories":[51],"tags":[],"class_list":["post-63870","post","type-post","status-publish","format-standard","hentry","category-politica"],"jetpack_shortlink":"https:\/\/wp.me\/p2JWE0-gCa","jetpack-related-posts":[{"id":63908,"url":"http:\/\/www.24baires.com\/?p=63908","url_meta":{"origin":63870,"position":0},"title":"Stiuso no se present\u00f3 en la Secretar\u00eda de Inteligencia a dar explicaciones","author":"Grupo Sierra","date":"06\/04\/2015","format":false,"excerpt":"El ex director de Operaciones de la ex SIDE, Horacio Antonio Stiuso, no se present\u00f3 hoy ante las autoridades de la Secretar\u00eda de Inteligencia (SI), para explicar supuestas \u201cconductas dilatorias e irregulares\u201d en su accionar en la investigaci\u00f3n de la causa AMIA, pero s\u00ed lo hizo su abogado, Santiago Blanco\u2026","rel":"","context":"En \u00abPol\u00edtica\u00bb","block_context":{"text":"Pol\u00edtica","link":"http:\/\/www.24baires.com\/?cat=51"},"img":{"alt_text":"","src":"","width":0,"height":0},"classes":[]},{"id":63964,"url":"http:\/\/www.24baires.com\/?p=63964","url_meta":{"origin":63870,"position":1},"title":"El Gobierno denunci\u00f3 penalmente al ex agente Stiuso","author":"GB","date":"07\/04\/2015","format":false,"excerpt":"El secretario de Inteligencia, Oscar Parrilli, lo anunci\u00f3 en una conferencia de prensa. La denuncia es incumplimiento de los deberes de funcionario p\u00fablico por haber ocultado informaci\u00f3n sobre el atentado a la Amia. El secretario de Inteligencia, Oscar Parrilli, anunci\u00f3 esta tarde que fue presentada una denuncia penal contra el\u2026","rel":"","context":"En \u00abPol\u00edtica\u00bb","block_context":{"text":"Pol\u00edtica","link":"http:\/\/www.24baires.com\/?cat=51"},"img":{"alt_text":"","src":"https:\/\/i0.wp.com\/www.24baires.com\/wp-content\/uploads\/2015\/04\/parrili1.jpg?resize=350%2C200","width":350,"height":200,"srcset":"https:\/\/i0.wp.com\/www.24baires.com\/wp-content\/uploads\/2015\/04\/parrili1.jpg?resize=350%2C200 1x, https:\/\/i0.wp.com\/www.24baires.com\/wp-content\/uploads\/2015\/04\/parrili1.jpg?resize=525%2C300 1.5x"},"classes":[]},{"id":64099,"url":"http:\/\/www.24baires.com\/?p=64099","url_meta":{"origin":63870,"position":2},"title":"Parrilli le pidi\u00f3 al juez Canicoba que garantice la declaraci\u00f3n de Stiuso","author":"GB","date":"10\/04\/2015","format":false,"excerpt":"El titular de la Secretar\u00eda,, present\u00f3 un escrito ante el juzgado de Canicoba Corral en el que pidieron que, de ser necesario, se disponga el \u201cauxilio de la fuerza p\u00fablica\u201d para que el ex agente declare. Las autoridades de la Secretaria de Inteligencia (SI) solicitaron hoy al juez federal Rodolfo\u2026","rel":"","context":"En \u00abPol\u00edtica\u00bb","block_context":{"text":"Pol\u00edtica","link":"http:\/\/www.24baires.com\/?cat=51"},"img":{"alt_text":"parrili1","src":"https:\/\/i0.wp.com\/www.24baires.com\/wp-content\/uploads\/2015\/04\/parrili1.jpg?resize=350%2C200","width":350,"height":200,"srcset":"https:\/\/i0.wp.com\/www.24baires.com\/wp-content\/uploads\/2015\/04\/parrili1.jpg?resize=350%2C200 1x, https:\/\/i0.wp.com\/www.24baires.com\/wp-content\/uploads\/2015\/04\/parrili1.jpg?resize=525%2C300 1.5x"},"classes":[]},{"id":63942,"url":"http:\/\/www.24baires.com\/?p=63942","url_meta":{"origin":63870,"position":3},"title":"\u00abSigue vigente\u00bb la convocatoria a Stiuso en la Secretar\u00eda de Inteligencia, asegur\u00f3 An\u00edbal","author":"Grupo Sierra","date":"07\/04\/2015","format":false,"excerpt":"El jefe de Gabinete afirm\u00f3 que se busca que explique ante las autoridades de la ex SIDE las supuestas conductas \"dilatorias e irregulares\" en su accionar en la investigaci\u00f3n de la causa AMIA. \u201cEstamos hablando de un trabajo a quien se le pagaba por una determinada funci\u00f3n y tiene que\u2026","rel":"","context":"En \u00abPol\u00edtica\u00bb","block_context":{"text":"Pol\u00edtica","link":"http:\/\/www.24baires.com\/?cat=51"},"img":{"alt_text":"","src":"","width":0,"height":0},"classes":[]},{"id":63788,"url":"http:\/\/www.24baires.com\/?p=63788","url_meta":{"origin":63870,"position":4},"title":"Causa AMIA: el Gobierno anuncia que citaron al ex esp\u00eda de la SIDE","author":"GB","date":"01\/04\/2015","format":false,"excerpt":"En conferencia de prensa, el secretario de Inteligencia, Oscar Parrilli, inform\u00f3 la convocatoria al exesp\u00eda para que brinde informaci\u00f3n sobre cuestiones vinculadas a la investigaci\u00f3n de la causa Amia. El secretario de Inteligencia, Oscar Parrilli, detall\u00f3 que la convocatoria al ex esp\u00eda de la SIDE Antonio \"Jaime\" Stiuso se da\u2026","rel":"","context":"En \u00abPol\u00edtica\u00bb","block_context":{"text":"Pol\u00edtica","link":"http:\/\/www.24baires.com\/?cat=51"},"img":{"alt_text":"","src":"https:\/\/i0.wp.com\/www.24baires.com\/wp-content\/uploads\/2015\/04\/parrili.jpg?resize=350%2C200","width":350,"height":200,"srcset":"https:\/\/i0.wp.com\/www.24baires.com\/wp-content\/uploads\/2015\/04\/parrili.jpg?resize=350%2C200 1x, https:\/\/i0.wp.com\/www.24baires.com\/wp-content\/uploads\/2015\/04\/parrili.jpg?resize=525%2C300 1.5x"},"classes":[]},{"id":79923,"url":"http:\/\/www.24baires.com\/?p=79923","url_meta":{"origin":63870,"position":5},"title":"Stiuso no declar\u00f3 y present\u00f3 un escrito en la causa por el atentado a la AMIA","author":"AF","date":"09\/03\/2016","format":false,"excerpt":"El ex director de operaciones de la SIDE dijo que evitaba declarar bajo juramento de verdad porque est\u00e1 imputado en una causa por supuesto \"encubrimiento\" del ataque y podr\u00eda quedar incriminado con sus dichos. El ex director de Operaciones de la SIDE, Antonio Stiuso, se present\u00f3 a declarar como testigo\u2026","rel":"","context":"En \u00abJUDICIALES\u00bb","block_context":{"text":"JUDICIALES","link":"http:\/\/www.24baires.com\/?cat=68"},"img":{"alt_text":"stiuso","src":"https:\/\/i0.wp.com\/www.24baires.com\/wp-content\/uploads\/2015\/10\/stiuso.jpg?resize=350%2C200","width":350,"height":200,"srcset":"https:\/\/i0.wp.com\/www.24baires.com\/wp-content\/uploads\/2015\/10\/stiuso.jpg?resize=350%2C200 1x, https:\/\/i0.wp.com\/www.24baires.com\/wp-content\/uploads\/2015\/10\/stiuso.jpg?resize=525%2C300 1.5x"},"classes":[]}],"jetpack_sharing_enabled":true,"jetpack_likes_enabled":true,"jetpack_featured_media_url":"","_links":{"self":[{"href":"http:\/\/www.24baires.com\/index.php?rest_route=\/wp\/v2\/posts\/63870","targetHints":{"allow":["GET"]}}],"collection":[{"href":"http:\/\/www.24baires.com\/index.php?rest_route=\/wp\/v2\/posts"}],"about":[{"href":"http:\/\/www.24baires.com\/index.php?rest_route=\/wp\/v2\/types\/post"}],"author":[{"embeddable":true,"href":"http:\/\/www.24baires.com\/index.php?rest_route=\/wp\/v2\/users\/11"}],"replies":[{"embeddable":true,"href":"http:\/\/www.24baires.com\/index.php?rest_route=%2Fwp%2Fv2%2Fcomments&post=63870"}],"version-history":[{"count":2,"href":"http:\/\/www.24baires.com\/index.php?rest_route=\/wp\/v2\/posts\/63870\/revisions"}],"predecessor-version":[{"id":63872,"href":"http:\/\/www.24baires.com\/index.php?rest_route=\/wp\/v2\/posts\/63870\/revisions\/63872"}],"wp:attachment":[{"href":"http:\/\/www.24baires.com\/index.php?rest_route=%2Fwp%2Fv2%2Fmedia&parent=63870"}],"wp:term":[{"taxonomy":"category","embeddable":true,"href":"http:\/\/www.24baires.com\/index.php?rest_route=%2Fwp%2Fv2%2Fcategories&post=63870"},{"taxonomy":"post_tag","embeddable":true,"href":"http:\/\/www.24baires.com\/index.php?rest_route=%2Fwp%2Fv2%2Ftags&post=63870"}],"curies":[{"name":"wp","href":"https:\/\/api.w.org\/{rel}","templated":true}]}}