{"id":63861,"date":"2015-04-04T16:00:28","date_gmt":"2015-04-04T19:00:28","guid":{"rendered":"http:\/\/www.24baires.com\/?p=63861"},"modified":"2015-04-04T15:34:04","modified_gmt":"2015-04-04T18:34:04","slug":"hay-candidatos-que-dicen-lo-que-se-quiere-escuchar-aseguro-scioli","status":"publish","type":"post","link":"http:\/\/www.24baires.com\/?p=63861","title":{"rendered":"\u00abHay candidatos que dicen lo que se quiere escuchar\u00bb, asegur\u00f3 Scioli"},"content":{"rendered":"<p><img data-recalc-dims=\"1\" loading=\"lazy\" decoding=\"async\" class=\"aligncenter size-full wp-image-60813\" src=\"https:\/\/i0.wp.com\/www.24baires.com\/wp-content\/uploads\/2015\/01\/scioli-1.jpg?resize=560%2C306\" alt=\"scioli 1\" width=\"560\" height=\"306\" srcset=\"https:\/\/i0.wp.com\/www.24baires.com\/wp-content\/uploads\/2015\/01\/scioli-1.jpg?w=560 560w, https:\/\/i0.wp.com\/www.24baires.com\/wp-content\/uploads\/2015\/01\/scioli-1.jpg?resize=300%2C164 300w\" sizes=\"auto, (max-width: 560px) 100vw, 560px\" \/>El gobernador de la Provincia de Buenos Aires y precandidato presidencial del Frente para la Victoria (FpV) Daniel Scioli dijo hoy que \u00abhay candidatos que en campa\u00f1a, seg\u00fan el sector al que van, dicen lo que se quiere escuchar\u00bb, y que desde el espacio pol\u00edtico que participa \u00abvamos a actuar con mucha seriedad y responsabilidad\u00bb con un proyecto \u00abque defienda las conquistas poniendo el acento en los trabajadores, los m\u00e1s humildes y en la clase media\u00bb.<!--more--><\/p>\n<p>\u00abHay candidatos en campa\u00f1a que en cada sector dicen lo que quieren escuchar, van al campo y dicen que van a sacar las retenciones; que van a levantar el cepo; que van a eliminar Ganancias&#8230;, nosotros vamos a actuar con mucha responsabilidad en estos temas porque tenemos la autoridad de haber demostrado un fuerte compromiso nacional y provincial con los trabajadores dentro de este espacio pol\u00edtico que es el que m\u00e1s viene haciendo por ellos, los humildes y la clase media\u00bb, indic\u00f3 al ser consultado sobre su postura en el tema Impuesto a las Ganancias.<\/p>\n<p>Scioli agreg\u00f3 que \u00abhay que tener una visi\u00f3n integral\u00bb cuando se administra un pa\u00eds para \u00abseguir con pol\u00edticas activas en lo social y las necesidades fiscales para seguir adelante con inversiones\u00bb, agreg\u00f3 en declaraciones a Radio Continental<br \/>\nY agreg\u00f3 que \u00abel Gobierno ha mostrado que en la medida de sus posibilidades siempre busca decidir priorizando una Argentina m\u00e1s igualitaria\u00bb.<\/p>\n<p>En otro orden, dijo que \u00abhay un respaldo un\u00e1nime en Am\u00e9rica latina respecto de nuestra soberan\u00eda, de nuestras islas (Malvinas) y vamos a perseverar en este camino, especialmente ante los hechos que hemos visto \u00faltimamente\u00bb.<\/p>\n<p>Sobre la interna con vistas a las elecciones presidenciales de octubre (PASO) afirm\u00f3 que \u00abla presidenta Cristina Fern\u00e1ndez de Kirchner siempre promovi\u00f3 la democracia dentro de nuestro espacio respetando las aspiraciones de cada dirigente en la medida que estemos comprometidos con las pol\u00edticas que le han hecho bien al pa\u00eds\u00bb.<\/p>\n<p>El gobernador cit\u00f3 \u00abel desendeudamiento, las pol\u00edticas sociales, haber recuperado YPF, el complejo agroindustrial\u00bb, y afirm\u00f3 que el FpV, \u00abcoherentemente, viene teniendo posiciones muy claras en estos temas mientras que la alianza que se acaba de conformar (UCR-PRO) ha tenido posiciones contrarias en todo momento\u00bb.<\/p>\n<p>Scioli convoc\u00f3, por \u00faltimo, \u00abespecialmente a los independientes, a los j\u00f3venes que votan por primera vez, y a todos aquellos que no quieren que la Argentina vuelva al pasado\u00bb.<\/p>\n<p>&nbsp;<\/p>\n<p>&nbsp;<\/p>\n<p>&nbsp;<\/p>\n<p>&nbsp;<\/p>\n<p>&nbsp;<\/p>\n<p>&nbsp;<\/p>\n<p>&nbsp;<\/p>\n<p>&nbsp;<\/p>\n<p>&nbsp;<\/p>\n<p>&nbsp;<\/p>\n<p>&nbsp;<\/p>\n<p>&nbsp;<\/p>\n<p>&nbsp;<\/p>\n<p>&nbsp;<\/p>\n<p>&nbsp;<\/p>\n","protected":false},"excerpt":{"rendered":"<p>El gobernador de la Provincia de Buenos Aires y precandidato presidencial del Frente para la Victoria (FpV) Daniel Scioli dijo hoy que \u00abhay candidatos que en campa\u00f1a, seg\u00fan el sector al que van, dicen lo que se quiere escuchar\u00bb, y que desde el espacio pol\u00edtico que participa \u00abvamos a actuar con mucha seriedad y responsabilidad\u00bb con un proyecto \u00abque defienda [&#8230;]<\/p>\n","protected":false},"author":8,"featured_media":0,"comment_status":"open","ping_status":"open","sticky":false,"template":"","format":"standard","meta":{"_jetpack_newsletter_access":"","_jetpack_dont_email_post_to_subs":false,"_jetpack_newsletter_tier_id":0,"_jetpack_memberships_contains_paywalled_content":false,"_jetpack_memberships_contains_paid_content":false,"footnotes":""},"categories":[51],"tags":[],"class_list":["post-63861","post","type-post","status-publish","format-standard","hentry","category-politica"],"jetpack_shortlink":"https:\/\/wp.me\/p2JWE0-gC1","jetpack-related-posts":[{"id":53078,"url":"http:\/\/www.24baires.com\/?p=53078","url_meta":{"origin":63861,"position":0},"title":"\u00abDesconf\u00eden de los candidatos que dicen lo que cada uno quiere escuchar\u00bb","author":"GB","date":"04\/09\/2014","format":false,"excerpt":"El gobernador bonaerense lider\u00f3 un acto en el partido de Moreno donde pidi\u00f3 \"responsabilidad\" y advirti\u00f3 por las promesas que realizan los presidenciales. \"Est\u00e9n atentos, abran bien los ojos, desconf\u00eden de aquellos candidatos que van a cada uno de los sectores y les dicen lo que cada uno quiere escuchar\",\u2026","rel":"","context":"En \u00abPol\u00edtica\u00bb","block_context":{"text":"Pol\u00edtica","link":"http:\/\/www.24baires.com\/?cat=51"},"img":{"alt_text":"scioli saludo","src":"https:\/\/i0.wp.com\/www.24baires.com\/wp-content\/uploads\/2014\/08\/scioli-saludo.jpg?resize=350%2C200","width":350,"height":200,"srcset":"https:\/\/i0.wp.com\/www.24baires.com\/wp-content\/uploads\/2014\/08\/scioli-saludo.jpg?resize=350%2C200 1x, https:\/\/i0.wp.com\/www.24baires.com\/wp-content\/uploads\/2014\/08\/scioli-saludo.jpg?resize=525%2C300 1.5x"},"classes":[]},{"id":63186,"url":"http:\/\/www.24baires.com\/?p=63186","url_meta":{"origin":63861,"position":1},"title":"Kicillof: \u00abEconomistas de la oposici\u00f3n quieren un clima que justifique el ajuste\u00bb","author":"AF","date":"15\/03\/2015","format":false,"excerpt":"El ministro de Econom\u00eda, Axel Kicillof, advirti\u00f3 en Nacional Rock que ciertos candidatos de la oposici\u00f3n \"est\u00e1n tratando de armar una bomba que es el ajuste y as\u00ed volver a la pol\u00edtica de los 90 de sobreendeudamiento\". Kicillof aludi\u00f3 de esta forma a una nota publicada el viernes pasado en\u2026","rel":"","context":"En \u00abEconom\u00eda\u00bb","block_context":{"text":"Econom\u00eda","link":"http:\/\/www.24baires.com\/?cat=45"},"img":{"alt_text":"","src":"","width":0,"height":0},"classes":[]},{"id":120181,"url":"http:\/\/www.24baires.com\/?p=120181","url_meta":{"origin":63861,"position":2},"title":"El Frente de Todos pasa a llamarse \u00abUni\u00f3n por la Patria\u00bb","author":"AF","date":"14\/06\/2023","format":false,"excerpt":"Los distintos sectores que componen el frente oficialista mantienen reuniones para definir, entre otras cosas, la constituci\u00f3n de su junta partidaria y el reglamento electoral que fijar\u00e1 pisos y porcentajes para la integraci\u00f3n de listas. El Frente de Todos (FdT) se llamar\u00e1 Uni\u00f3n por la Patria (UxP) en las pr\u00f3ximas\u2026","rel":"","context":"En \u00abPol\u00edtica\u00bb","block_context":{"text":"Pol\u00edtica","link":"http:\/\/www.24baires.com\/?cat=51"},"img":{"alt_text":"","src":"https:\/\/i0.wp.com\/www.24baires.com\/wp-content\/uploads\/2023\/06\/cfk-25-5.png?resize=350%2C200","width":350,"height":200,"srcset":"https:\/\/i0.wp.com\/www.24baires.com\/wp-content\/uploads\/2023\/06\/cfk-25-5.png?resize=350%2C200 1x, https:\/\/i0.wp.com\/www.24baires.com\/wp-content\/uploads\/2023\/06\/cfk-25-5.png?resize=525%2C300 1.5x, https:\/\/i0.wp.com\/www.24baires.com\/wp-content\/uploads\/2023\/06\/cfk-25-5.png?resize=700%2C400 2x, https:\/\/i0.wp.com\/www.24baires.com\/wp-content\/uploads\/2023\/06\/cfk-25-5.png?resize=1050%2C600 3x"},"classes":[]},{"id":79887,"url":"http:\/\/www.24baires.com\/?p=79887","url_meta":{"origin":63861,"position":3},"title":"Daniel Scioli: \u00abLa inflaci\u00f3n est\u00e1 muy por encima del 40 por ciento\u00bb","author":"GB","date":"09\/03\/2016","format":false,"excerpt":"El ex candidato presidencial por el FpV argument\u00f3 que la pobreza no bajar\u00e1 si se pierden puestos de trabajo. \"Se podr\u00e1n criticar muchas cosas del Gobierno anterior, pero la gente llenaba el changuito\", sostuvo. El ex candidato a presidente por el FpV, Daniel Scioli, alert\u00f3 que desde el inicio del\u2026","rel":"","context":"En \u00abPol\u00edtica\u00bb","block_context":{"text":"Pol\u00edtica","link":"http:\/\/www.24baires.com\/?cat=51"},"img":{"alt_text":"scioli plataforma","src":"https:\/\/i0.wp.com\/www.24baires.com\/wp-content\/uploads\/2015\/11\/scioli-plataforma.jpg?resize=350%2C200","width":350,"height":200,"srcset":"https:\/\/i0.wp.com\/www.24baires.com\/wp-content\/uploads\/2015\/11\/scioli-plataforma.jpg?resize=350%2C200 1x, https:\/\/i0.wp.com\/www.24baires.com\/wp-content\/uploads\/2015\/11\/scioli-plataforma.jpg?resize=525%2C300 1.5x"},"classes":[]},{"id":38554,"url":"http:\/\/www.24baires.com\/?p=38554","url_meta":{"origin":63861,"position":4},"title":"La ancha avenida en la que corren los que quieren ser candidatos K","author":"GB","date":"15\/01\/2014","format":false,"excerpt":"Si alguien pens\u00f3 que el verano, con sus picos de calor extremo y agotador, iba a hacer que la pol\u00edtica nacional se tomara un respiro o bajara un cambio despu\u00e9s de las elecciones, bueno, se confundi\u00f3 bastante. Antes, es cierto, si bien los pol\u00edticos y referentes sociales utilizaban la temporada\u2026","rel":"","context":"En \u00abOpini\u00f3n\u00bb","block_context":{"text":"Opini\u00f3n","link":"http:\/\/www.24baires.com\/?cat=64"},"img":{"alt_text":"","src":"https:\/\/i0.wp.com\/www.24baires.com\/wp-content\/uploads\/2014\/01\/scioli-y-capitanich.jpg?resize=350%2C200","width":350,"height":200,"srcset":"https:\/\/i0.wp.com\/www.24baires.com\/wp-content\/uploads\/2014\/01\/scioli-y-capitanich.jpg?resize=350%2C200 1x, https:\/\/i0.wp.com\/www.24baires.com\/wp-content\/uploads\/2014\/01\/scioli-y-capitanich.jpg?resize=525%2C300 1.5x"},"classes":[]},{"id":74795,"url":"http:\/\/www.24baires.com\/?p=74795","url_meta":{"origin":63861,"position":5},"title":"\u201cScioli piensa en el hombre y mujer com\u00fan, Macri en los que tienen plata\u201d","author":"GB","date":"09\/11\/2015","format":false,"excerpt":"El jefe de Gabinete afirm\u00f3 que el candidato del FpV sostiene propuestas concretas para los que trabajan todos los d\u00edas, mientras que su contrincante representa a un sector de \"la derecha conservadora\" que nunca piensa en los pobres. El funcionario a\u00f1adi\u00f3 que el Gobierno y el candidato a presidente del\u2026","rel":"","context":"En \u00abPol\u00edtica\u00bb","block_context":{"text":"Pol\u00edtica","link":"http:\/\/www.24baires.com\/?cat=51"},"img":{"alt_text":"an\u00edbal cierre","src":"https:\/\/i0.wp.com\/www.24baires.com\/wp-content\/uploads\/2015\/08\/an%C3%ADbal-cierre.jpg?resize=350%2C200","width":350,"height":200,"srcset":"https:\/\/i0.wp.com\/www.24baires.com\/wp-content\/uploads\/2015\/08\/an%C3%ADbal-cierre.jpg?resize=350%2C200 1x, https:\/\/i0.wp.com\/www.24baires.com\/wp-content\/uploads\/2015\/08\/an%C3%ADbal-cierre.jpg?resize=525%2C300 1.5x"},"classes":[]}],"jetpack_sharing_enabled":true,"jetpack_likes_enabled":true,"jetpack_featured_media_url":"","_links":{"self":[{"href":"http:\/\/www.24baires.com\/index.php?rest_route=\/wp\/v2\/posts\/63861","targetHints":{"allow":["GET"]}}],"collection":[{"href":"http:\/\/www.24baires.com\/index.php?rest_route=\/wp\/v2\/posts"}],"about":[{"href":"http:\/\/www.24baires.com\/index.php?rest_route=\/wp\/v2\/types\/post"}],"author":[{"embeddable":true,"href":"http:\/\/www.24baires.com\/index.php?rest_route=\/wp\/v2\/users\/8"}],"replies":[{"embeddable":true,"href":"http:\/\/www.24baires.com\/index.php?rest_route=%2Fwp%2Fv2%2Fcomments&post=63861"}],"version-history":[{"count":1,"href":"http:\/\/www.24baires.com\/index.php?rest_route=\/wp\/v2\/posts\/63861\/revisions"}],"predecessor-version":[{"id":63862,"href":"http:\/\/www.24baires.com\/index.php?rest_route=\/wp\/v2\/posts\/63861\/revisions\/63862"}],"wp:attachment":[{"href":"http:\/\/www.24baires.com\/index.php?rest_route=%2Fwp%2Fv2%2Fmedia&parent=63861"}],"wp:term":[{"taxonomy":"category","embeddable":true,"href":"http:\/\/www.24baires.com\/index.php?rest_route=%2Fwp%2Fv2%2Fcategories&post=63861"},{"taxonomy":"post_tag","embeddable":true,"href":"http:\/\/www.24baires.com\/index.php?rest_route=%2Fwp%2Fv2%2Ftags&post=63861"}],"curies":[{"name":"wp","href":"https:\/\/api.w.org\/{rel}","templated":true}]}}