{"id":63840,"date":"2015-04-02T19:04:24","date_gmt":"2015-04-02T22:04:24","guid":{"rendered":"http:\/\/www.24baires.com\/?p=63840"},"modified":"2015-04-02T19:04:24","modified_gmt":"2015-04-02T22:04:24","slug":"satisfaccion-de-hijos-de-combatientes-por-la-desclasificacion-de-archivos-de-malvinas","status":"publish","type":"post","link":"http:\/\/www.24baires.com\/?p=63840","title":{"rendered":"Satisfacci\u00f3n de hijos de combatientes por la desclasificaci\u00f3n de archivos de Malvinas"},"content":{"rendered":"<p>El coordinador del Centro Guar\u00e1 Malvinas, Manuel Giordano, una agrupaci\u00f3n de hijos de ex combatientes de La Plata, dijo que la decisi\u00f3n de la presidenta Cristina Fern\u00e1ndez de Kirchner de desclasificar los archivos de la guerra por las Islas Malvinas los sorprendi\u00f3 \u00abgratamente\u00bb y destac\u00f3 que \u00abera un deseo muy grande que ten\u00edamos\u00bb.<!--more--><br \/>\n\u00abHoy la Presidenta nos sorprendi\u00f3 con la desclasificaci\u00f3n de los archivos secretos de la guerra y esperamos con ansias poder analizarlos\u201d, expres\u00f3 Giordano quien asever\u00f3 que desde el Centro vienen trabajando \u00aben diversas producciones de documentales para recordar lo que pas\u00f3 y con una proyecci\u00f3n hacia adelante\u00bb.<br \/>\n\u201cSon d\u00edas de mucha actividad, militancia, mucha memoria, reflexi\u00f3n y siempre expectantes para ver las novedades\u00bb, afirm\u00f3 en declaraciones a Radio Provincia.<br \/>\nEl Centro Guar\u00e1 Malvinas lleva ese nombre en homenaje al zorro isle\u00f1o Guar\u00e1, una especie ya extinguida.<\/p>\n","protected":false},"excerpt":{"rendered":"<p>El coordinador del Centro Guar\u00e1 Malvinas, Manuel Giordano, una agrupaci\u00f3n de hijos de ex combatientes de La Plata, dijo que la decisi\u00f3n de la presidenta Cristina Fern\u00e1ndez de Kirchner de desclasificar los archivos de la guerra por las Islas Malvinas los sorprendi\u00f3 \u00abgratamente\u00bb y destac\u00f3 que \u00abera un deseo muy grande que ten\u00edamos\u00bb.<\/p>\n","protected":false},"author":11,"featured_media":0,"comment_status":"open","ping_status":"open","sticky":false,"template":"","format":"standard","meta":{"_jetpack_newsletter_access":"","_jetpack_dont_email_post_to_subs":false,"_jetpack_newsletter_tier_id":0,"_jetpack_memberships_contains_paywalled_content":false,"_jetpack_memberships_contains_paid_content":false,"footnotes":""},"categories":[51],"tags":[],"class_list":["post-63840","post","type-post","status-publish","format-standard","hentry","category-politica"],"jetpack_shortlink":"https:\/\/wp.me\/p2JWE0-gBG","jetpack-related-posts":[{"id":63825,"url":"http:\/\/www.24baires.com\/?p=63825","url_meta":{"origin":63840,"position":0},"title":"\u00abVamos a desclasificar todos los archivos de la guerra de Malvinas\u00bb, anunci\u00f3 la Presidenta","author":"GB","date":"02\/04\/2015","format":false,"excerpt":"En un plazo de 30 d\u00edas, el Ministro de Defensa deber\u00e1 \"disponer a la consulta p\u00fablica la documentaci\u00f3n\". Cristina encabez\u00f3 el acto central en el aniversario de la guerra y asegur\u00f3 que \u201cno habr\u00e1 una independencia, un 9 de julio completo, hasta que recuperemos nuestras Islas\u201d. Adem\u00e1s, anunci\u00f3 la creaci\u00f3n\u2026","rel":"","context":"En \u00abPol\u00edtica\u00bb","block_context":{"text":"Pol\u00edtica","link":"http:\/\/www.24baires.com\/?cat=51"},"img":{"alt_text":"","src":"https:\/\/i0.wp.com\/www.24baires.com\/wp-content\/uploads\/2015\/04\/0008224673.jpg?resize=350%2C200","width":350,"height":200,"srcset":"https:\/\/i0.wp.com\/www.24baires.com\/wp-content\/uploads\/2015\/04\/0008224673.jpg?resize=350%2C200 1x, https:\/\/i0.wp.com\/www.24baires.com\/wp-content\/uploads\/2015\/04\/0008224673.jpg?resize=525%2C300 1.5x"},"classes":[]},{"id":71383,"url":"http:\/\/www.24baires.com\/?p=71383","url_meta":{"origin":63840,"position":1},"title":"Veteranos de Malvinas ampliar\u00e1n denuncias por abusos durante la guerra","author":"GB","date":"31\/08\/2015","format":false,"excerpt":"El Centro de ex Combatiendes Islas Malvinas presentar\u00e1 ante el Juzgado Federal de R\u00edo Grande \"nuevos elementos de prueba\" en la causa por violaci\u00f3n a los derechos humanos durante el conflicto b\u00e9lico. El presidente del Centro de ex Combatientes Islas Malvinas (CECIM), Ernesto Alonso, se presentar\u00e1 hoy en representaci\u00f3n de\u2026","rel":"","context":"En \u00abLocales\u00bb","block_context":{"text":"Locales","link":"http:\/\/www.24baires.com\/?cat=38"},"img":{"alt_text":"soldados de malvinas","src":"https:\/\/i0.wp.com\/www.24baires.com\/wp-content\/uploads\/2014\/08\/soldados-de-malvinas.jpg?resize=350%2C200","width":350,"height":200,"srcset":"https:\/\/i0.wp.com\/www.24baires.com\/wp-content\/uploads\/2014\/08\/soldados-de-malvinas.jpg?resize=350%2C200 1x, https:\/\/i0.wp.com\/www.24baires.com\/wp-content\/uploads\/2014\/08\/soldados-de-malvinas.jpg?resize=525%2C300 1.5x"},"classes":[]},{"id":107477,"url":"http:\/\/www.24baires.com\/?p=107477","url_meta":{"origin":63840,"position":2},"title":"A 37 a\u00f1os de la Guerra de Malvinas, habr\u00e1 actos en todo el pa\u00eds","author":"GB","date":"02\/04\/2019","format":false,"excerpt":"Las vigilas comenzaron anoche y continuar\u00e1n todo este martes con diferentes homenajes por el D\u00eda del Veterano y de los Ca\u00eddos en Malvinas. A las 9 de la ma\u00f1ana le presiente Mauricio Macri descubrir\u00e1n una placa junto al m\u00e1stil de la bandera en la Plaza Seca en Olivos, y el\u2026","rel":"","context":"En \u00abSociedad\u00bb","block_context":{"text":"Sociedad","link":"http:\/\/www.24baires.com\/?cat=1"},"img":{"alt_text":"","src":"https:\/\/i0.wp.com\/www.24baires.com\/wp-content\/uploads\/2016\/12\/cementerio-malvinas.jpg?resize=350%2C200","width":350,"height":200,"srcset":"https:\/\/i0.wp.com\/www.24baires.com\/wp-content\/uploads\/2016\/12\/cementerio-malvinas.jpg?resize=350%2C200 1x, https:\/\/i0.wp.com\/www.24baires.com\/wp-content\/uploads\/2016\/12\/cementerio-malvinas.jpg?resize=525%2C300 1.5x"},"classes":[]},{"id":105804,"url":"http:\/\/www.24baires.com\/?p=105804","url_meta":{"origin":63840,"position":3},"title":"Citan a 18 militares acusados por torturas durante la guerra de Malvinas","author":"GB","date":"07\/12\/2018","format":false,"excerpt":"Se trata de una causa que lleva 11 a\u00f1os y son un total de 95 los uniformados acusados en base al testimonio de 120 ex combatientes. El juez federal de Ushuaia Federico Calvete llam\u00f3 a indagatoria a 18 de los 95 militares que fueron denunciados en la causa que se\u2026","rel":"","context":"En \u00abMemoria\u00bb","block_context":{"text":"Memoria","link":"http:\/\/www.24baires.com\/?cat=50"},"img":{"alt_text":"","src":"https:\/\/i0.wp.com\/www.24baires.com\/wp-content\/uploads\/2018\/12\/malvinas.jpg?resize=350%2C200","width":350,"height":200,"srcset":"https:\/\/i0.wp.com\/www.24baires.com\/wp-content\/uploads\/2018\/12\/malvinas.jpg?resize=350%2C200 1x, https:\/\/i0.wp.com\/www.24baires.com\/wp-content\/uploads\/2018\/12\/malvinas.jpg?resize=525%2C300 1.5x"},"classes":[]},{"id":117331,"url":"http:\/\/www.24baires.com\/?p=117331","url_meta":{"origin":63840,"position":4},"title":"Argentina y Reino Unido acordaron nuevas identificaciones a soldados ca\u00eddos en Malvinas","author":"GB","date":"19\/03\/2021","format":false,"excerpt":"El acuerdo consistir\u00e1 en la exhumaci\u00f3n de restos humanos pertenecientes a varios individuos colocados en una sola sepultura conocida como C1.10. En v\u00edsperas de un nuevo aniversario del inicio de la Guerra de Malvinas, los gobiernos de Argentina y el Reino Unido firmaron un nuevo acuerdo para identificar restos de\u2026","rel":"","context":"En \u00abSociedad\u00bb","block_context":{"text":"Sociedad","link":"http:\/\/www.24baires.com\/?cat=1"},"img":{"alt_text":"","src":"https:\/\/i0.wp.com\/www.24baires.com\/wp-content\/uploads\/2016\/12\/cementerio-malvinas.jpg?resize=350%2C200","width":350,"height":200,"srcset":"https:\/\/i0.wp.com\/www.24baires.com\/wp-content\/uploads\/2016\/12\/cementerio-malvinas.jpg?resize=350%2C200 1x, https:\/\/i0.wp.com\/www.24baires.com\/wp-content\/uploads\/2016\/12\/cementerio-malvinas.jpg?resize=525%2C300 1.5x"},"classes":[]},{"id":63900,"url":"http:\/\/www.24baires.com\/?p=63900","url_meta":{"origin":63840,"position":5},"title":"Quedaron formalmente desclasificados los archivos secretos de Malvinas","author":"Grupo Sierra","date":"06\/04\/2015","format":false,"excerpt":"Mediante el decreto 503 publicado hoy en el Bolet\u00edn Oficial, la presidenta Cristina Fern\u00e1ndez de Kirchner concret\u00f3 la desclasificaci\u00f3n de los archivos secretos del conflicto b\u00e9lico del Atl\u00e1ntico Sur tal como lo hab\u00eda expresado d\u00edas atr\u00e1s al conmemorarse un nuevo aniversario del inicio del conflicto armado. Se public\u00f3 hoy en\u2026","rel":"","context":"En \u00abMemoria\u00bb","block_context":{"text":"Memoria","link":"http:\/\/www.24baires.com\/?cat=50"},"img":{"alt_text":"soldados de malvinas","src":"https:\/\/i0.wp.com\/www.24baires.com\/wp-content\/uploads\/2014\/08\/soldados-de-malvinas.jpg?resize=350%2C200","width":350,"height":200,"srcset":"https:\/\/i0.wp.com\/www.24baires.com\/wp-content\/uploads\/2014\/08\/soldados-de-malvinas.jpg?resize=350%2C200 1x, https:\/\/i0.wp.com\/www.24baires.com\/wp-content\/uploads\/2014\/08\/soldados-de-malvinas.jpg?resize=525%2C300 1.5x"},"classes":[]}],"jetpack_sharing_enabled":true,"jetpack_likes_enabled":true,"jetpack_featured_media_url":"","_links":{"self":[{"href":"http:\/\/www.24baires.com\/index.php?rest_route=\/wp\/v2\/posts\/63840","targetHints":{"allow":["GET"]}}],"collection":[{"href":"http:\/\/www.24baires.com\/index.php?rest_route=\/wp\/v2\/posts"}],"about":[{"href":"http:\/\/www.24baires.com\/index.php?rest_route=\/wp\/v2\/types\/post"}],"author":[{"embeddable":true,"href":"http:\/\/www.24baires.com\/index.php?rest_route=\/wp\/v2\/users\/11"}],"replies":[{"embeddable":true,"href":"http:\/\/www.24baires.com\/index.php?rest_route=%2Fwp%2Fv2%2Fcomments&post=63840"}],"version-history":[{"count":1,"href":"http:\/\/www.24baires.com\/index.php?rest_route=\/wp\/v2\/posts\/63840\/revisions"}],"predecessor-version":[{"id":63841,"href":"http:\/\/www.24baires.com\/index.php?rest_route=\/wp\/v2\/posts\/63840\/revisions\/63841"}],"wp:attachment":[{"href":"http:\/\/www.24baires.com\/index.php?rest_route=%2Fwp%2Fv2%2Fmedia&parent=63840"}],"wp:term":[{"taxonomy":"category","embeddable":true,"href":"http:\/\/www.24baires.com\/index.php?rest_route=%2Fwp%2Fv2%2Fcategories&post=63840"},{"taxonomy":"post_tag","embeddable":true,"href":"http:\/\/www.24baires.com\/index.php?rest_route=%2Fwp%2Fv2%2Ftags&post=63840"}],"curies":[{"name":"wp","href":"https:\/\/api.w.org\/{rel}","templated":true}]}}