{"id":63829,"date":"2015-04-02T14:00:34","date_gmt":"2015-04-02T17:00:34","guid":{"rendered":"http:\/\/www.24baires.com\/?p=63829"},"modified":"2015-04-02T12:12:27","modified_gmt":"2015-04-02T15:12:27","slug":"scioli-llamo-a-los-jovenes-a-defender-su-futuro-frente-a-alianzas-del-pasado","status":"publish","type":"post","link":"http:\/\/www.24baires.com\/?p=63829","title":{"rendered":"Scioli llam\u00f3 a los j\u00f3venes a defender su futuro \u00abfrente a alianzas del pasado\u00bb"},"content":{"rendered":"<p>El gobernador de la provincia de Buenos Aires y precandidato presidencial por el Frente para la Victoria (FpV), Daniel Scioli, asegur\u00f3 que \u00abes importante que los j\u00f3venes salgan a defender su futuro\u00bb para \u00abseguir avanzando\u00bb, frente a \u00abfuerzas pol\u00edticas que se organizan para estar en contra\u00bb, en \u00abalianzas del pasado\u00bb.<!--more--><\/p>\n<p>\u00abSobre los avances logrados, poder seguir avanzando. Esa es mi propuesta, mi compromiso y la responsabilidad que asumo\u00bb, dijo Scioli esta ma\u00f1ana al dejar inaugurado el operativo Sol del fin de semana largo por la conmemoraci\u00f3n del 33 aniversario de la Guerra de Malvinas y las fiestas de Pascuas.<\/p>\n<p>En su mensaje, el gobernador bonaerense consider\u00f3 que los argentinos tienen que estar \u00abunidos\u00bb, pero \u00abno solamente los que integran el espacio pol\u00edtico\u00bb que \u00e9l representa, sino todos, \u00ablos ciudadanos independientes y los j\u00f3venes, muchos de los cuales van a votar por primera vez\u00bb.<\/p>\n<p>A los j\u00f3venes, Scioli les dijo que \u00abse comprometan\u00bb y que \u00absalgan a defender su futuro, con su voto\u00bb, en las elecciones presidenciales que tendr\u00e1n lugar en octubre.<\/p>\n<p>El gobernador y precandidato les advirti\u00f3 tambi\u00e9n que \u00abhay fuerzas pol\u00edticas que se han organizado para estar en contra\u00bb, en \u00abalianzas del pasado\u00bb, y que van \u00abpresentando con m\u00e1s nitidez las dos visiones de pa\u00eds\u00bb, la del futuro y la del pasado.<\/p>\n<p>&nbsp;<\/p>\n<p>&nbsp;<\/p>\n<p>&nbsp;<\/p>\n<p>&nbsp;<\/p>\n<p>&nbsp;<\/p>\n<p>&nbsp;<\/p>\n<p>&nbsp;<\/p>\n<p>&nbsp;<\/p>\n<p>&nbsp;<\/p>\n<p>&nbsp;<\/p>\n<p>&nbsp;<\/p>\n<p>&nbsp;<\/p>\n<p>&nbsp;<\/p>\n","protected":false},"excerpt":{"rendered":"<p>El gobernador de la provincia de Buenos Aires y precandidato presidencial por el Frente para la Victoria (FpV), Daniel Scioli, asegur\u00f3 que \u00abes importante que los j\u00f3venes salgan a defender su futuro\u00bb para \u00abseguir avanzando\u00bb, frente a \u00abfuerzas pol\u00edticas que se organizan para estar en contra\u00bb, en \u00abalianzas del pasado\u00bb.<\/p>\n","protected":false},"author":8,"featured_media":0,"comment_status":"open","ping_status":"open","sticky":false,"template":"","format":"standard","meta":{"_jetpack_newsletter_access":"","_jetpack_dont_email_post_to_subs":false,"_jetpack_newsletter_tier_id":0,"_jetpack_memberships_contains_paywalled_content":false,"_jetpack_memberships_contains_paid_content":false,"footnotes":""},"categories":[51],"tags":[],"class_list":["post-63829","post","type-post","status-publish","format-standard","hentry","category-politica"],"jetpack_shortlink":"https:\/\/wp.me\/p2JWE0-gBv","jetpack-related-posts":[{"id":63181,"url":"http:\/\/www.24baires.com\/?p=63181","url_meta":{"origin":63829,"position":0},"title":"\u00abCuando se unen &#8216;en contra de&#8217;, las cosas nunca salen a favor\u00bb","author":"AF","date":"15\/03\/2015","format":false,"excerpt":"El gobernador bonaerense Daniel Scioli se refiri\u00f3 as\u00ed a la Convenci\u00f3n de la UCR que ratific\u00f3 anoche el acuerdo electoral con el PRO de cara a las elecciones nacionales de este a\u00f1o. \"Yo siento la enorme responsabilidad de llevar al peronismo a la victoria frente a esta alianza que se\u2026","rel":"","context":"En \u00abPol\u00edtica\u00bb","block_context":{"text":"Pol\u00edtica","link":"http:\/\/www.24baires.com\/?cat=51"},"img":{"alt_text":"","src":"","width":0,"height":0},"classes":[]},{"id":120181,"url":"http:\/\/www.24baires.com\/?p=120181","url_meta":{"origin":63829,"position":1},"title":"El Frente de Todos pasa a llamarse \u00abUni\u00f3n por la Patria\u00bb","author":"AF","date":"14\/06\/2023","format":false,"excerpt":"Los distintos sectores que componen el frente oficialista mantienen reuniones para definir, entre otras cosas, la constituci\u00f3n de su junta partidaria y el reglamento electoral que fijar\u00e1 pisos y porcentajes para la integraci\u00f3n de listas. El Frente de Todos (FdT) se llamar\u00e1 Uni\u00f3n por la Patria (UxP) en las pr\u00f3ximas\u2026","rel":"","context":"En \u00abPol\u00edtica\u00bb","block_context":{"text":"Pol\u00edtica","link":"http:\/\/www.24baires.com\/?cat=51"},"img":{"alt_text":"","src":"https:\/\/i0.wp.com\/www.24baires.com\/wp-content\/uploads\/2023\/06\/cfk-25-5.png?resize=350%2C200","width":350,"height":200,"srcset":"https:\/\/i0.wp.com\/www.24baires.com\/wp-content\/uploads\/2023\/06\/cfk-25-5.png?resize=350%2C200 1x, https:\/\/i0.wp.com\/www.24baires.com\/wp-content\/uploads\/2023\/06\/cfk-25-5.png?resize=525%2C300 1.5x, https:\/\/i0.wp.com\/www.24baires.com\/wp-content\/uploads\/2023\/06\/cfk-25-5.png?resize=700%2C400 2x, https:\/\/i0.wp.com\/www.24baires.com\/wp-content\/uploads\/2023\/06\/cfk-25-5.png?resize=1050%2C600 3x"},"classes":[]},{"id":101122,"url":"http:\/\/www.24baires.com\/?p=101122","url_meta":{"origin":63829,"position":2},"title":"Indagar\u00e1n a Scioli por irregularidades en la construcci\u00f3n de las UPA 24","author":"AF","date":"17\/03\/2018","format":false,"excerpt":"El ex gobernador Daniel Scioli y quien fuera su ministro de Salud, Alejandro Collia, fueron imputados y citados a prestar declaraci\u00f3n indagatoria en el marco de una causa que investiga presuntas irregularidades en la adjudicaci\u00f3n de ocho Unidades de Pronta Atenci\u00f3n (UPA 24) para las que se destinaron m\u00e1s de\u2026","rel":"","context":"En \u00abJUDICIALES\u00bb","block_context":{"text":"JUDICIALES","link":"http:\/\/www.24baires.com\/?cat=68"},"img":{"alt_text":"","src":"https:\/\/i0.wp.com\/www.24baires.com\/wp-content\/uploads\/2014\/05\/Daniel-Scioli.jpg?resize=350%2C200","width":350,"height":200,"srcset":"https:\/\/i0.wp.com\/www.24baires.com\/wp-content\/uploads\/2014\/05\/Daniel-Scioli.jpg?resize=350%2C200 1x, https:\/\/i0.wp.com\/www.24baires.com\/wp-content\/uploads\/2014\/05\/Daniel-Scioli.jpg?resize=525%2C300 1.5x"},"classes":[]},{"id":108387,"url":"http:\/\/www.24baires.com\/?p=108387","url_meta":{"origin":63829,"position":3},"title":"Scioli ratific\u00f3 su candidatura presidencial","author":"GB","date":"25\/05\/2019","format":false,"excerpt":"El exgobernador de la Provincia de Buenos Aires particip\u00f3 del Congreso Educativo de Ajedrez que se realiz\u00f3 en la ciudad balnearia y manifest\u00f3 sus deseos de ser el primer mandatario del pa\u00eds despu\u00e9s del 10 de diciembre, sin embargo aclar\u00f3: \u201cVer\u00e9 como peronista en qu\u00e9 lugar puedo hacer mi mayor\u2026","rel":"","context":"En \u00abPol\u00edtica\u00bb","block_context":{"text":"Pol\u00edtica","link":"http:\/\/www.24baires.com\/?cat=51"},"img":{"alt_text":"","src":"https:\/\/i0.wp.com\/www.24baires.com\/wp-content\/uploads\/2019\/05\/scioli-mar-del.jpg?resize=350%2C200","width":350,"height":200,"srcset":"https:\/\/i0.wp.com\/www.24baires.com\/wp-content\/uploads\/2019\/05\/scioli-mar-del.jpg?resize=350%2C200 1x, https:\/\/i0.wp.com\/www.24baires.com\/wp-content\/uploads\/2019\/05\/scioli-mar-del.jpg?resize=525%2C300 1.5x"},"classes":[]},{"id":28330,"url":"http:\/\/www.24baires.com\/?p=28330","url_meta":{"origin":63829,"position":4},"title":"Insaurralde: \u00abCuenten con nosotros para seguir devolvi\u00e9ndole derechos a los argentinos\u00bb","author":"Grupo Sierra","date":"15\/07\/2013","format":false,"excerpt":"LA PLATA.-\u00a0 El intendente de Lomas de Zamora y primer candidato a diputado nacional por el Frente para la Victoria (FpV), Mart\u00edn Insaurralde, asegur\u00f3: \u201cEstamos defendiendo lo que hicimos y asumiendo el compromiso de ir por lo que falta\u201d. \u201cNosotros somos un Gobierno que se viene a hacer cargo de\u2026","rel":"","context":"En \u00abPoliciales\u00bb","block_context":{"text":"Policiales","link":"http:\/\/www.24baires.com\/?cat=49"},"img":{"alt_text":"","src":"https:\/\/i0.wp.com\/www.24baires.com\/wp-content\/uploads\/2013\/07\/SCIOLI-INSA-BRUERA.jpg?resize=350%2C200","width":350,"height":200,"srcset":"https:\/\/i0.wp.com\/www.24baires.com\/wp-content\/uploads\/2013\/07\/SCIOLI-INSA-BRUERA.jpg?resize=350%2C200 1x, https:\/\/i0.wp.com\/www.24baires.com\/wp-content\/uploads\/2013\/07\/SCIOLI-INSA-BRUERA.jpg?resize=525%2C300 1.5x"},"classes":[]},{"id":67753,"url":"http:\/\/www.24baires.com\/?p=67753","url_meta":{"origin":63829,"position":5},"title":"Scioli: \u00abTenemos que seguir haciendo historia dentro de este rumbo\u00bb","author":"AF","date":"18\/06\/2015","format":false,"excerpt":"El gobernador y precandidato presidencial por el FpV encabez\u00f3 un acto en Florencio Varela en el que le pid\u00f3 a los j\u00f3venes que \"asuman la responsabilidad de llevar las pol\u00edticas kirchneristas a la victoria\". El gobernador bonaerense y precandidato a la presidencia por el Frente para la Victoria, Daniel Scioli,\u2026","rel":"","context":"En \u00abElecciones 2015\u00bb","block_context":{"text":"Elecciones 2015","link":"http:\/\/www.24baires.com\/?cat=74"},"img":{"alt_text":"scioli 1","src":"https:\/\/i0.wp.com\/www.24baires.com\/wp-content\/uploads\/2015\/01\/scioli-1.jpg?resize=350%2C200","width":350,"height":200,"srcset":"https:\/\/i0.wp.com\/www.24baires.com\/wp-content\/uploads\/2015\/01\/scioli-1.jpg?resize=350%2C200 1x, https:\/\/i0.wp.com\/www.24baires.com\/wp-content\/uploads\/2015\/01\/scioli-1.jpg?resize=525%2C300 1.5x"},"classes":[]}],"jetpack_sharing_enabled":true,"jetpack_likes_enabled":true,"jetpack_featured_media_url":"","_links":{"self":[{"href":"http:\/\/www.24baires.com\/index.php?rest_route=\/wp\/v2\/posts\/63829","targetHints":{"allow":["GET"]}}],"collection":[{"href":"http:\/\/www.24baires.com\/index.php?rest_route=\/wp\/v2\/posts"}],"about":[{"href":"http:\/\/www.24baires.com\/index.php?rest_route=\/wp\/v2\/types\/post"}],"author":[{"embeddable":true,"href":"http:\/\/www.24baires.com\/index.php?rest_route=\/wp\/v2\/users\/8"}],"replies":[{"embeddable":true,"href":"http:\/\/www.24baires.com\/index.php?rest_route=%2Fwp%2Fv2%2Fcomments&post=63829"}],"version-history":[{"count":1,"href":"http:\/\/www.24baires.com\/index.php?rest_route=\/wp\/v2\/posts\/63829\/revisions"}],"predecessor-version":[{"id":63830,"href":"http:\/\/www.24baires.com\/index.php?rest_route=\/wp\/v2\/posts\/63829\/revisions\/63830"}],"wp:attachment":[{"href":"http:\/\/www.24baires.com\/index.php?rest_route=%2Fwp%2Fv2%2Fmedia&parent=63829"}],"wp:term":[{"taxonomy":"category","embeddable":true,"href":"http:\/\/www.24baires.com\/index.php?rest_route=%2Fwp%2Fv2%2Fcategories&post=63829"},{"taxonomy":"post_tag","embeddable":true,"href":"http:\/\/www.24baires.com\/index.php?rest_route=%2Fwp%2Fv2%2Ftags&post=63829"}],"curies":[{"name":"wp","href":"https:\/\/api.w.org\/{rel}","templated":true}]}}